{"id":124338,"date":"2021-01-20T21:00:00","date_gmt":"2021-01-20T20:00:00","guid":{"rendered":"http:\/\/www.tucomarca.com\/wordpress\/segunda\/?p=124338"},"modified":"2021-01-20T22:23:46","modified_gmt":"2021-01-20T21:23:46","slug":"el-ple-de-riba-roja-felicita-a-cinc-esportistes-de-la-localitat-pels-exits-obtinguts-en-els-ultims-mesos","status":"publish","type":"post","link":"https:\/\/tucomarca.whitekongsoftware.com\/ca\/el-ple-de-riba-roja-felicita-a-cinc-esportistes-de-la-localitat-pels-exits-obtinguts-en-els-ultims-mesos\/","title":{"rendered":"El ple de Riba-roja felicita a cinc esportistes de la localitat pels \u00e8xits obtinguts en els \u00faltims mesos"},"content":{"rendered":"\n<h4 class=\"wp-block-heading\">La propuesta aprobada destaca la labor y los logros de los deportistas<\/h4>\n\n\n\n<p class=\"wp-block-paragraph\">El ple de l&#8217;Ajuntament de Riba-roja de T\u00faria ha aprovat per unanimitat de tots els seus grups pol\u00edtics una felicitaci\u00f3 per a cinc esportistes de la localitat pels \u00e8xits obtinguts en les seves respectives modalitats durant els \u00faltims mesos. La felicitaci\u00f3 ratificada per ple ha comptat amb el suport dels grups municipals de PSPV, el Partit Popular, Ciutadans, Comprom\u00eds, Esquerra Unida, Podem i Vox.<\/p>\n\n\n\n<p class=\"wp-block-paragraph\">La proposta de ple municipal de Riba-roja de T\u00faria est\u00e9n totes les seves felicitacions cap a cinc esportistes amb diferents modalitats com \u00e9s el cas de Sonia Pereira, del Club de Karate Kenkyo; David Aparicio de l&#8217;CD Metaesport; Diego Polo tamb\u00e9 de l&#8217;CD Metaesport; Roser Vidal de l&#8217;CD Biking T\u00faria; i, finalment, el pilot de superbike David Real.<\/p>\n\n\n\n<p class=\"wp-block-paragraph\">En tots els casos, els esportistes han aconseguit importants \u00e8xits individuals en els seus respectius camps d&#8217;actuaci\u00f3 que els han valgut per rebre aquest reconeixement p\u00fablic de el consistori. En el cas de Sonia Pereira, ha aconseguit el campionat d&#8217;Espanya seniro de 55 kg, el campionat de Lliga Nacional sub-21 de 55kg., Grand winner Lliga Nacional sub-21, el bronze en el Campionat d&#8217;Espanya sub1 i, finalment, el desbrossament a la Lliga Nacional S\u00e8nior.<\/p>\n\n\n\n<p class=\"wp-block-paragraph\">Per la seva banda, en el cas de David Aparicio, s&#8217;ha proclamat campi\u00f3 auton\u00f2mic de marat\u00f3 2020 mentre que Diego Polo ha aconseguit el subcampionat auton\u00f2mic de la marat\u00f3 de l&#8217;any passat, tots dos de l&#8217;CD Metaesport. El ple est\u00e9n el seu reconeixement cap Roser Vidal per les vict\u00f2ries aconseguides en la categoria M\u00e0ster 50 de ciclocr\u00f2s en les competicions de X\u00e0tiva i Val\u00e8ncia a l&#8217;aconseguir el primer lloc de l&#8217;raking nacional provisional a l&#8217;any 2020. En el cas de David Real, es va proclamar Campi\u00f3 d&#8217;Espanya en l&#8217;any 2020 en l&#8217;\u00faltima prova celebrada al circuit de Jerez, en la categoria Premoto 3 -bressol de campions- en la modalitat de Superbike.<br>Els partits que han aprovat la proposta reconeixen &#8220;a tots els esportistes locals que dins la seva activitat ia base d&#8217;esfor\u00e7 i dedicaci\u00f3 aconsegueixen resultats en les diferents disciplines practicades&#8221; i destaquen que els \u00e8xits individuals &#8220;tant en el vessant de la consecuci\u00f3 de t\u00edtols com en l&#8217;obtenci\u00f3 de grans objectius tenen un component de satisfacci\u00f3 i orgull a nivell individual, per\u00f2 tamb\u00e9 reflecteixen el treball, la dedicaci\u00f3 i la const\u00e0ncia dels clubs del nostre municipi &#8220;.<\/p>\n\n\n\n<p class=\"wp-block-paragraph\">Les formacions pol\u00edtiques continuen que la traject\u00f2ria dels esportistes i els seus respectius clubs &#8220;s\u00f3n l&#8217;exponent visible d&#8217;l&#8217;entramat esportiu, \u00e9s per aix\u00f2 que el nom de Riba-roja de T\u00faria arriba als nivells de promoci\u00f3 i reconeixement de la qual ens sentim orgullosos i part\u00edcips&#8221;.<\/p>\n\n\n\n<figure class=\"wp-block-gallery columns-3 is-cropped wp-block-gallery-1 is-layout-flex wp-block-gallery-is-layout-flex\"><ul class=\"blocks-gallery-grid\"><li class=\"blocks-gallery-item\"><figure><img loading=\"lazy\" decoding=\"async\" width=\"738\" height=\"984\" src=\"http:\/\/www.tucomarca.com\/wordpress\/segunda\/wp-content\/uploads\/2021\/01\/DavidReal.jpg\" alt=\"\" data-id=\"124330\" data-full-url=\"http:\/\/www.tucomarca.com\/wordpress\/segunda\/wp-content\/uploads\/2021\/01\/DavidReal.jpg\" data-link=\"http:\/\/www.tucomarca.com\/wordpress\/segunda\/?attachment_id=124330\" class=\"wp-image-124330\" srcset=\"https:\/\/tucomarca.whitekongsoftware.com\/wp-content\/uploads\/2021\/01\/DavidReal.jpg 738w, https:\/\/tucomarca.whitekongsoftware.com\/wp-content\/uploads\/2021\/01\/DavidReal-225x300.jpg 225w\" sizes=\"auto, (max-width: 738px) 100vw, 738px\" \/><\/figure><\/li><li class=\"blocks-gallery-item\"><figure><img loading=\"lazy\" decoding=\"async\" width=\"769\" height=\"984\" src=\"http:\/\/www.tucomarca.com\/wordpress\/segunda\/wp-content\/uploads\/2021\/01\/RoserVidal.jpg\" alt=\"\" data-id=\"124332\" data-full-url=\"http:\/\/www.tucomarca.com\/wordpress\/segunda\/wp-content\/uploads\/2021\/01\/RoserVidal.jpg\" data-link=\"http:\/\/www.tucomarca.com\/wordpress\/segunda\/?attachment_id=124332\" class=\"wp-image-124332\" srcset=\"https:\/\/tucomarca.whitekongsoftware.com\/wp-content\/uploads\/2021\/01\/RoserVidal.jpg 769w, https:\/\/tucomarca.whitekongsoftware.com\/wp-content\/uploads\/2021\/01\/RoserVidal-234x300.jpg 234w\" sizes=\"auto, (max-width: 769px) 100vw, 769px\" \/><\/figure><\/li><li class=\"blocks-gallery-item\"><figure><img loading=\"lazy\" decoding=\"async\" width=\"787\" height=\"524\" src=\"http:\/\/www.tucomarca.com\/wordpress\/segunda\/wp-content\/uploads\/2021\/01\/SoniaPereira.jpg\" alt=\"\" data-id=\"124335\" data-full-url=\"http:\/\/www.tucomarca.com\/wordpress\/segunda\/wp-content\/uploads\/2021\/01\/SoniaPereira.jpg\" data-link=\"http:\/\/www.tucomarca.com\/wordpress\/segunda\/?attachment_id=124335\" class=\"wp-image-124335\" srcset=\"https:\/\/tucomarca.whitekongsoftware.com\/wp-content\/uploads\/2021\/01\/SoniaPereira.jpg 787w, https:\/\/tucomarca.whitekongsoftware.com\/wp-content\/uploads\/2021\/01\/SoniaPereira-300x200.jpg 300w, https:\/\/tucomarca.whitekongsoftware.com\/wp-content\/uploads\/2021\/01\/SoniaPereira-768x511.jpg 768w\" sizes=\"auto, (max-width: 787px) 100vw, 787px\" \/><\/figure><\/li><\/ul><\/figure>\n","protected":false},"excerpt":{"rendered":"<div class=\"mh-excerpt\">La propuesta aprobada destaca la labor y los logros de los deportistas El ple de l&#8217;Ajuntament de Riba-roja de T\u00faria ha aprovat per unanimitat de tots els seus grups pol\u00edtics una felicitaci\u00f3 per a cinc <a class=\"mh-excerpt-more\" href=\"https:\/\/tucomarca.whitekongsoftware.com\/ca\/el-ple-de-riba-roja-felicita-a-cinc-esportistes-de-la-localitat-pels-exits-obtinguts-en-els-ultims-mesos\/\" title=\"El ple de Riba-roja felicita a cinc esportistes de la localitat pels \u00e8xits obtinguts en els \u00faltims mesos\">[+] <\/a><\/div>\n","protected":false},"author":12,"featured_media":124329,"comment_status":"open","ping_status":"open","sticky":false,"template":"","format":"standard","meta":{"footnotes":""},"categories":[11018,10892,11013,11003,10894,11011,11009,10947,10906,10896],"tags":[10899,13609,10907],"class_list":["post-124338","post","type-post","status-publish","format-standard","has-post-thumbnail","category-atletisme","category-camp-de-turia-ca","category-ciclismo-ca","category-sports","category-la-comarca-ca","category-motociclismo-ca","category-polideportivo-ca","category-politica","category-riba-roja-ca","category-seccion-ca","tag-camp-de-turia-ca","tag-deportistas-locales-ca","tag-riba-roja-del-turia-ca"],"_links":{"self":[{"href":"https:\/\/tucomarca.whitekongsoftware.com\/ca\/wp-json\/wp\/v2\/posts\/124338","targetHints":{"allow":["GET"]}}],"collection":[{"href":"https:\/\/tucomarca.whitekongsoftware.com\/ca\/wp-json\/wp\/v2\/posts"}],"about":[{"href":"https:\/\/tucomarca.whitekongsoftware.com\/ca\/wp-json\/wp\/v2\/types\/post"}],"author":[{"embeddable":true,"href":"https:\/\/tucomarca.whitekongsoftware.com\/ca\/wp-json\/wp\/v2\/users\/12"}],"replies":[{"embeddable":true,"href":"https:\/\/tucomarca.whitekongsoftware.com\/ca\/wp-json\/wp\/v2\/comments?post=124338"}],"version-history":[{"count":0,"href":"https:\/\/tucomarca.whitekongsoftware.com\/ca\/wp-json\/wp\/v2\/posts\/124338\/revisions"}],"wp:featuredmedia":[{"embeddable":true,"href":"https:\/\/tucomarca.whitekongsoftware.com\/ca\/wp-json\/wp\/v2\/media\/124329"}],"wp:attachment":[{"href":"https:\/\/tucomarca.whitekongsoftware.com\/ca\/wp-json\/wp\/v2\/media?parent=124338"}],"wp:term":[{"taxonomy":"category","embeddable":true,"href":"https:\/\/tucomarca.whitekongsoftware.com\/ca\/wp-json\/wp\/v2\/categories?post=124338"},{"taxonomy":"post_tag","embeddable":true,"href":"https:\/\/tucomarca.whitekongsoftware.com\/ca\/wp-json\/wp\/v2\/tags?post=124338"}],"curies":[{"name":"wp","href":"https:\/\/api.w.org\/{rel}","templated":true}]}}