{"id":124270,"date":"2021-01-19T22:57:00","date_gmt":"2021-01-19T21:57:00","guid":{"rendered":"http:\/\/www.tucomarca.com\/wordpress\/segunda\/?p=124270"},"modified":"2021-01-20T19:33:01","modified_gmt":"2021-01-20T18:33:01","slug":"ximo-puig-anuncia-noves-mesures-per-frenar-la-pandemia-que-inclouen-el-tancament-de-lhostaleria-del-comerc-a-partir-de-les-6-de-la-vesprada-i-de-les-installacions-esportives","status":"publish","type":"post","link":"https:\/\/tucomarca.whitekongsoftware.com\/ca\/ximo-puig-anuncia-noves-mesures-per-frenar-la-pandemia-que-inclouen-el-tancament-de-lhostaleria-del-comerc-a-partir-de-les-6-de-la-vesprada-i-de-les-installacions-esportives\/","title":{"rendered":"Ximo Puig anuncia noves mesures per frenar la pand\u00e8mia que inclouen el tancament de l&#8217;hostaleria, del comer\u00e7 a partir de les 6 de la vesprada i de les instal\u00b7lacions esportives"},"content":{"rendered":"\n<h4 class=\"wp-block-heading\">El president sol\u00b7licitar\u00e0 el Govern d&#8217;Espanya que permeti avan\u00e7ar a les 8 del vespre la restricci\u00f3 de la mobilitat nocturna<\/h4>\n\n\n\n<h4 class=\"wp-block-heading\">El tancament perimetral dels 29 municipis fins ara confinats no es prorrogar\u00e0<\/h4>\n\n\n\n<h4 class=\"wp-block-heading\">El cap de el Consell ha presidit la Taula Interdepartamental per a la Prevenci\u00f3 i Actuaci\u00f3 davant de la COVID-19 en la qual s&#8217;ha acordat les noves mesures que estaran vigents durant 14 dies<\/h4>\n\n\n\n<p class=\"wp-block-paragraph\">El president de la Generalitat, Ximo Puig, ha anunciat noves mesures per frenar la pand\u00e8mia que inclouen el tancament total de l&#8217;hostaleria de la Comunitat Valenciana, aix\u00ed com de el comer\u00e7 a partir de les 6 de la tarda i de les instal\u00b7lacions esportives. Aquestes mesures entraran en vigor a partir del dijous 21 de gener i es mantindran durant els pr\u00f2xims 14 dies.<\/p>\n\n\n\n<p class=\"wp-block-paragraph\">Aix\u00ed ho ha avan\u00e7at en roda de premsa el cap de el Consell, al costat de la consellera de Sanitat Universal i Salut P\u00fablica, Ana Barcel\u00f3, despr\u00e9s de la reuni\u00f3 de la Taula Interdepartamental per a la Prevenci\u00f3 i Actuaci\u00f3 davant la COVID-19, en qu\u00e8 s&#8217;han acordat noves mesures restrictives generals per protegir la salut de la ciutadania davant l&#8217;avan\u00e7 de la pand\u00e8mia.<\/p>\n\n\n\n<p class=\"wp-block-paragraph\">El president ha manifestat l &#8216; &#8220;enorme preocupaci\u00f3&#8221; davant els &#8220;alts nivells d&#8217;incid\u00e8ncia de virus&#8221; a la Comunitat Valenciana que &#8220;exigeixen noves actuacions de car\u00e0cter immediat&#8221;. Aix\u00ed, ha assenyalat que &#8220;l&#8217;augment de la corba de contagis i la situaci\u00f3 de tensi\u00f3 que pateix el sistema hospitalari valenci\u00e0, ens obliga a actuar ja&#8221;, amb l&#8217;objectiu de reduir els contactes socials, &#8220;que s&#8217;han convertit en la principal causa de contagi &#8220;.<\/p>\n\n\n\n<p class=\"wp-block-paragraph\">Respecte de el tancament de l&#8217;hostaleria, el president ha assenyalat que nom\u00e9s es permetr\u00e0 el servei de menjar per emportar, sigui distribu\u00eft en el propi local o per repartidors, i que segueixin oberts els serveis de cafeteria i restaurant de l&#8217;hotel, nom\u00e9s per als clients i amb els aforaments restringits.<\/p>\n\n\n\n<p class=\"wp-block-paragraph\">Aix\u00ed mateix, Puig ha explicat que es tancar\u00e0 tota activitat comercial a partir de les 6 de la tarda, a excepci\u00f3 dels establiments alimentaris, farm\u00e0cies i serveis essencials, i totes les instal\u00b7lacions esportives, excepte per als esportistes professionals i competicions oficials de car\u00e0cter estatal.<\/p>\n\n\n\n<p class=\"wp-block-paragraph\">D&#8217;altra banda, el president ha assegurat que la Generalitat sol\u00b7licitar\u00e0 dem\u00e0 a el Govern d&#8217;Espanya, al Consell Interterritorial, que permeti avan\u00e7ar a les 8 del vespre la restricci\u00f3 de la mobilitat nocturna, encara que de moment continua vigent l&#8217;actual horari que limita la circulaci\u00f3 de les persones a partir de les 10 de la nit.<\/p>\n\n\n\n<p class=\"wp-block-paragraph\"><strong>Confinaments perimetrals no prorrogats<\/strong><\/p>\n\n\n\n<p class=\"wp-block-paragraph\">Pel que fa als confinaments perimetrals de les 29 poblacions de la Comunitat Valenciana que decauen aquest dimecres a la nit, el president ha destacat que no es van a prorrogar.<\/p>\n\n\n\n<p class=\"wp-block-paragraph\">Tot i aix\u00f2 ha recordat que la resta de restriccions en vigor, com ara l&#8217;perimetraje auton\u00f2mic o el nombre m\u00e0xim de 6 persones en les reunions, continuen vigents fins al 31 de gener, tal com estava previst.<\/p>\n\n\n\n<p class=\"wp-block-paragraph\">A la Taula Interdepartamental per a la Prevenci\u00f3 i Actuaci\u00f3 davant de la COVID-19 han assistit, a m\u00e9s del president de la Generalitat i la consellera de Sanitat, la vicepresidenta i consellera d&#8217;Igualtat i Pol\u00edtiques Inclusives, M\u00f3nica Oltra; el vicepresident segon i conseller d&#8217;Habitatge i Arquitectura Bioclim\u00e0tica, Rub\u00e9n Mart\u00ednez Dalmau; la consellera de Just\u00edcia, Interior i Administraci\u00f3 P\u00fablica, Gabriela Bravo; el conseller d&#8217;Educaci\u00f3, Cultura i Esport, Vicent Marz\u00e0; el conseller d&#8217;Economia Sostenible, sectors productius, Comer\u00e7 i Treball, Rafael Climent i el conseller de Pol\u00edtica Territorial, Obres P\u00fabliques i Mobilitat, Arcadi Espanya.<\/p>\n\n\n\n<p class=\"wp-block-paragraph\">Tamb\u00e9 han participat en la trobada el secretari auton\u00f2mic de Promoci\u00f3 Institucional i Cohesi\u00f3 Territorial, Alfred Boix; el secretari auton\u00f2mic de Turisme, Francesc Colomer, i la secret\u00e0ria auton\u00f2mica de Salut P\u00fablica i de el Sistema Sanitari P\u00fablic, Isaura Navarro.<\/p>\n\n\n\n<p class=\"wp-block-paragraph\"><strong>Confinament domiciliari<\/strong><\/p>\n\n\n\n<p class=\"wp-block-paragraph\">Pel que fa al confinament domiciliari, el cap de el Consell ha volgut aclarir que la Generalitat no t\u00e9 compet\u00e8ncies en aquesta restricci\u00f3, que ha qualificat com a &#8220;mesura extrema&#8221; que nom\u00e9s pot ser decretada pel Govern espanyol, &#8220;que en aquest moment la descarta&#8221;.<\/p>\n\n\n\n<p class=\"wp-block-paragraph\">En aquest sentit ha assenyalat que el confinament comporta greus efectes secundaris i porta associats problemes de salut f\u00edsica i mental, a el temps que genera profundes desigualtats en molts col\u00b7lectius, de manera que &#8220;cal ponderar molt b\u00e9 una mesura d&#8217;aquesta magnitud&#8221;.<\/p>\n\n\n\n<p class=\"wp-block-paragraph\">El president ha assegurat que &#8220;m\u00e9s enll\u00e0 de la incid\u00e8ncia de virus, no estem en la mateixa situaci\u00f3 de mar\u00e7, quan no hi havia mascaretes i no es podia sortir al carrer o a la feina amb seguretat&#8221;. Aix\u00ed doncs ha destacat que &#8220;ara, si complim les indicacions i no ens traiem la m\u00e0scara, per la qual cosa el risc d&#8217;estar en l&#8217;espai obert no t\u00e9 res a veure amb el de mar\u00e7&#8221;.<\/p>\n\n\n\n<p class=\"wp-block-paragraph\"><strong>70.000 propostes de sanci\u00f3<\/strong><\/p>\n\n\n\n<p class=\"wp-block-paragraph\">El cap de el Consell ha insistit a demanar &#8220;prud\u00e8ncia&#8221; i &#8220;m\u00e0xima responsabilitat&#8221; a la ciutadania, ja que tot i que la gran majoria dels valencians i les valencianes compleix les mesures, el nombre de propostes de sanci\u00f3 relacionades per l&#8217;incompliment de les restriccions per la pand\u00e8mia arriben ja a 70.000 a la Comunitat Valenciana.<\/p>\n\n\n\n<p class=\"wp-block-paragraph\">Ha explicat que enfront de les 150 propostes de sanci\u00f3 di\u00e0ries registrades al mes d&#8217;agost, el pa<\/p>\n\n\n\n<p class=\"wp-block-paragraph\">sat mes de desembre es van rebre 580 sancions al dia, el que suposa multiplicar per quatre el nombre d&#8217;infraccions. Per aix\u00f2, el president ha instat novament a la ciutadania a complir de manera estricta les mesures.<\/p>\n\n\n\n<p class=\"wp-block-paragraph\"><strong>Detall de les mesures<\/strong><\/p>\n\n\n\n<p class=\"wp-block-paragraph\">Per la seva banda, la consellera de Sanitat Universal i Salut P\u00fablica, Ana Barcel\u00f3, ha detallat les mesures establertes per als propers 14 dies, i que seran publicades en el DOGV de dimecres 20 de gener. En concret ha explicat que consistiran en el tancament de centres recreatius de grans i joves, i d&#8217;activitats festeres; el tancament de l&#8217;hostaleria, el de sales de bingo, casinos, salons recreatius, jocs i apostes, i de l&#8217;activitat comercial a partir de les 6.<\/p>\n\n\n\n<p class=\"wp-block-paragraph\">Aix\u00ed mateix, es preveu el tancament d&#8217;instal\u00b7lacions i centres esportius, i la reducci\u00f3 d&#8217;aforaments en zones comunes de resid\u00e8ncies d&#8217;estudiants, aix\u00ed com en sales de vetlla, enterraments i celebracions.<\/p>\n\n\n\n<p class=\"wp-block-paragraph\"><strong>Tancament cautelar d&#8217;establiments, espais i activitats<\/strong><\/p>\n\n\n\n<p class=\"wp-block-paragraph\">Es tanquen els centres recreatius de majors (llars d&#8217;el jubilat) i de joves (ludoteques, centres d&#8217;oci juvenil) amb suspensi\u00f3 de l&#8217;activitat, aix\u00ed com dels centres on es desenvolupin activitats festeres tradicionals, de les previstes en el Decret 28 \/ 2011, de 18 de mar\u00e7, de Consell. Amb suspensi\u00f3 en aquests centres o locals de les activitats festeres tradicionals.<\/p>\n\n\n\n<p class=\"wp-block-paragraph\">Tamb\u00e9 s&#8217;estableix el tancament de bars, restaurants, cafeteries i altres establiments d&#8217;oci, llevat que en els mateixos es presti servei de recollida de menjar i \/ o beguda al local o enviament a domicili. Queden exceptuats d&#8217;aquesta mesura aquells locals, establiments i activitats que, en virtut dels seus especials caracter\u00edstiques, prestin un servei que es pugui considerar essencial o no substitu\u00efble.<\/p>\n\n\n\n<p class=\"wp-block-paragraph\">Per tant s&#8217;exceptuen els serveis d&#8217;hostaleria d&#8217;hospitals i cl\u00edniques, per a \u00fas de professionals; serveis d&#8217;hostaleria i restauraci\u00f3 d&#8217;establiments hotelers, per a \u00fas exclusiu dels clients allotjats als mateixos; serveis d&#8217;hostaleria i restauraci\u00f3 situats en empreses i llocs de treball, per a \u00fas exclusiu a empleats; servei de menjador escolar en llars d&#8217;infants i centres docents d&#8217;ensenyament reglat (Col\u00b7legis d&#8217;Educaci\u00f3 Prim\u00e0ria, Instituts i Universitats). Aix\u00ed mateix, s&#8217;exceptuen els serveis de restauraci\u00f3 en \u00e0rees de servei de vies de comunicaci\u00f3.<\/p>\n\n\n\n<p class=\"wp-block-paragraph\"><strong>Tancament de locals comercials<\/strong><\/p>\n\n\n\n<p class=\"wp-block-paragraph\">Tamb\u00e9 es determina el tancament dels locals comercials i superf\u00edcies comercials a partir de les 6 de la tarda. S&#8217;exceptua de l&#8217;anterior, l&#8217;activitat comercial dels establiments i locals comercials dedicats a l&#8217;activitat comercial essencial d&#8217;alimentaci\u00f3, higiene, farm\u00e0cies, ortop\u00e8dies, \u00f2ptiques, serveis de perruqueria i centres de veterin\u00e0ria, \u00fanicament per a la venda d&#8217;aquests productes, aix\u00ed com departaments dedicats a totes les activitats esmentades que es puguin trobar a l&#8217;interior dels establiments.<\/p>\n\n\n\n<p class=\"wp-block-paragraph\">A m\u00e9s, es determina el tancament dels establiments i cessament d&#8217;activitats en sales de bingo, casinos, salons recreatius, jocs i apostes.<\/p>\n\n\n\n<p class=\"wp-block-paragraph\"><strong>Tancament cautelar d&#8217;espais esportius<\/strong><\/p>\n\n\n\n<p class=\"wp-block-paragraph\">Es determina el tancament d&#8217;instal\u00b7lacions i centres esportius, excepte aquells destinats a la pr\u00e0ctica d&#8217;esport professional en competicions oficials. No es podr\u00e0 practicar activitat f\u00edsica o esport en centres esportius, clubs, gimnasos, centres d&#8217;entrenament, complexos esportius, etc.<\/p>\n\n\n\n<p class=\"wp-block-paragraph\">El detall d&#8217;aquestes mesures es podr\u00e0 consultar a la resoluci\u00f3 que es publicar\u00e0 dem\u00e0 en el DOGV.<\/p>\n\n\n\n<p class=\"wp-block-paragraph\"><strong>Mesures relatives a resid\u00e8ncies d&#8217;estudiants, vetlles, enterraments i celebracions<\/strong><\/p>\n\n\n\n<p class=\"wp-block-paragraph\">A les resid\u00e8ncies d&#8217;estudiants es limita l&#8217;\u00fas de zones comuns a l&#8217;30% de l&#8217;aforament (inclosos menjadors, on es poden establir torns) i sempre garantint les mesures de distanciament i higiene i prevenci\u00f3, i es prohibeix les visites a les resid\u00e8ncies d&#8217;estudiants.<\/p>\n\n\n\n<p class=\"wp-block-paragraph\">Els vetlles podran realitzar-se en tot tipus d&#8217;instal\u00b7lacions, p\u00fabliques o privades, amb un l\u00edmit m\u00e0xim de 15 persones en espais a l&#8217;aire lliure o de 10 persones en espais tancats, siguin o no convivents i sempre que es pugui garantir la dist\u00e0ncia de seguretat. Aquestes mesures tamb\u00e9 s&#8217;aplicaran a les cerim\u00f2nies no religioses que puguin realitzar-se en instal\u00b7lacions p\u00fabliques o privades.<\/p>\n","protected":false},"excerpt":{"rendered":"<div class=\"mh-excerpt\">El president sol\u00b7licitar\u00e0 el Govern d&#8217;Espanya que permeti avan\u00e7ar a les 8 del vespre la restricci\u00f3 de la mobilitat nocturna El tancament perimetral dels 29 municipis fins ara confinats no es prorrogar\u00e0 El cap de <a class=\"mh-excerpt-more\" href=\"https:\/\/tucomarca.whitekongsoftware.com\/ca\/ximo-puig-anuncia-noves-mesures-per-frenar-la-pandemia-que-inclouen-el-tancament-de-lhostaleria-del-comerc-a-partir-de-les-6-de-la-vesprada-i-de-les-installacions-esportives\/\" title=\"Ximo Puig anuncia noves mesures per frenar la pand\u00e8mia que inclouen el tancament de l&#8217;hostaleria, del comer\u00e7 a partir de les 6 de la vesprada i de les instal\u00b7lacions esportives\">[+] <\/a><\/div>\n","protected":false},"author":12,"featured_media":124268,"comment_status":"open","ping_status":"open","sticky":false,"template":"","format":"standard","meta":{"footnotes":""},"categories":[10890,10951,10892,11010,12202,11046,10898,10948,10963,10894,10904,10912,10902,10947,10909,10896],"tags":[11497,11939,11940,13599,13133,11073],"class_list":["post-124270","post","type-post","status-publish","format-standard","has-post-thumbnail","category-ademus","category-ayora-cofrentes-ca","category-camp-de-turia-ca","category-canal-salud","category-covid-19-ca","category-los-serranos-ca","category-ventana-ca","category-infraestructuras-ca","category-la-canal-de-navarres-ca","category-la-comarca-ca","category-sin-categorizar-ca","category-la-hoya-ca","category-la-ribera-ca","category-politica","category-requena-utiel-ca","category-seccion-ca","tag-comunitat-valenciana-ca","tag-coronavirus-ca","tag-covid-19-ca","tag-nuevas-medidas-ca","tag-pandemia-ca","tag-ximo-puig-ca"],"_links":{"self":[{"href":"https:\/\/tucomarca.whitekongsoftware.com\/ca\/wp-json\/wp\/v2\/posts\/124270","targetHints":{"allow":["GET"]}}],"collection":[{"href":"https:\/\/tucomarca.whitekongsoftware.com\/ca\/wp-json\/wp\/v2\/posts"}],"about":[{"href":"https:\/\/tucomarca.whitekongsoftware.com\/ca\/wp-json\/wp\/v2\/types\/post"}],"author":[{"embeddable":true,"href":"https:\/\/tucomarca.whitekongsoftware.com\/ca\/wp-json\/wp\/v2\/users\/12"}],"replies":[{"embeddable":true,"href":"https:\/\/tucomarca.whitekongsoftware.com\/ca\/wp-json\/wp\/v2\/comments?post=124270"}],"version-history":[{"count":0,"href":"https:\/\/tucomarca.whitekongsoftware.com\/ca\/wp-json\/wp\/v2\/posts\/124270\/revisions"}],"wp:featuredmedia":[{"embeddable":true,"href":"https:\/\/tucomarca.whitekongsoftware.com\/ca\/wp-json\/wp\/v2\/media\/124268"}],"wp:attachment":[{"href":"https:\/\/tucomarca.whitekongsoftware.com\/ca\/wp-json\/wp\/v2\/media?parent=124270"}],"wp:term":[{"taxonomy":"category","embeddable":true,"href":"https:\/\/tucomarca.whitekongsoftware.com\/ca\/wp-json\/wp\/v2\/categories?post=124270"},{"taxonomy":"post_tag","embeddable":true,"href":"https:\/\/tucomarca.whitekongsoftware.com\/ca\/wp-json\/wp\/v2\/tags?post=124270"}],"curies":[{"name":"wp","href":"https:\/\/api.w.org\/{rel}","templated":true}]}}