{"id":124167,"date":"2021-01-19T10:05:00","date_gmt":"2021-01-19T09:05:00","guid":{"rendered":"http:\/\/www.tucomarca.com\/wordpress\/segunda\/?p=124167"},"modified":"2021-01-19T15:19:12","modified_gmt":"2021-01-19T14:19:12","slug":"compromis-per-benifaio-sollicita-obres-de-millora-de-laccessibilitat-de-la-placa-de-sant-antoni","status":"publish","type":"post","link":"https:\/\/tucomarca.whitekongsoftware.com\/ca\/compromis-per-benifaio-sollicita-obres-de-millora-de-laccessibilitat-de-la-placa-de-sant-antoni\/","title":{"rendered":"Comprom\u00eds per Benifai\u00f3 sol\u00b7licita obres de millora de l\u2019accessibilitat de la Pla\u00e7a de Sant Antoni"},"content":{"rendered":"\n<p class=\"wp-block-paragraph\">Com a conseq\u00fc\u00e8ncia de les actuacions de remodelaci\u00f3 dutes a terme a finals del passat mes d&#8217;Octubre a la Pla\u00e7a de Sant Antoni de Benifai\u00f3, sent especialment cridaner i pol\u00e8mic el canvi d&#8217;arbolat, per\u00f2 on tamb\u00e9 s\u2019ha canviat mobiliari i s&#8217;han pintat alguns elements, des de Comprom\u00eds per Benifai\u00f3 sol\u00b7liciten que es complete l&#8217;actuaci\u00f3 amb obres de millora de l\u2019accessibilitat a l&#8217;illeta central de la Pla\u00e7a proposant un estudi previ del departament d\u2019urbanisme i la dotaci\u00f3 pressupost\u00e0ria suficient per a la intervenci\u00f3.&nbsp;<\/p>\n\n\n\n<p class=\"wp-block-paragraph\">Des de Comprom\u00eds per Benifai\u00f3, coscients de la necessitat de millorar l\u2019accessibilitat&nbsp; de la via p\u00fablica a gran part de la poblaci\u00f3 i que per poder fer-ho caldria una inversi\u00f3 molt alta, presentaren una proposta l\u2019any 2015 perqu\u00e8 any rere any als pressupostos es contemplara una partida que permet\u00e9s actuacions continuades en aquesta mat\u00e8ria tenint en compte les prioritats basades tamb\u00e9 en criteris t\u00e8cnics.<\/p>\n\n\n\n<p class=\"wp-block-paragraph\">Eduard G\u00f3mez, portaveu de Comprom\u00eds a l\u2019Ajuntament de Benifai\u00f3, lamenta que en intervencions com la que sha dut a terme recentment en la Pla\u00e7a de Sant Antoni no es tinguen en compte q\u00fcestions tan importants com l\u2019accessibilitat i que a m\u00e9s es prenguen decissions com la tala d&#8217;arbres de m\u00e9s de 30 anys sense informar convenientment de la motivaci\u00f3 per prendre aquesta decisi\u00f3. A m\u00e9s afegix que espera que a\u00e7\u00f2 no siga conseq\u00fc\u00e8ncia de la majoria absoluta.&nbsp;<\/p>\n","protected":false},"excerpt":{"rendered":"<div class=\"mh-excerpt\">Com a conseq\u00fc\u00e8ncia de les actuacions de remodelaci\u00f3 dutes a terme a finals del passat mes d&#8217;Octubre a la Pla\u00e7a de Sant Antoni de Benifai\u00f3, sent especialment cridaner i pol\u00e8mic el canvi d&#8217;arbolat, per\u00f2 on <a class=\"mh-excerpt-more\" href=\"https:\/\/tucomarca.whitekongsoftware.com\/ca\/compromis-per-benifaio-sollicita-obres-de-millora-de-laccessibilitat-de-la-placa-de-sant-antoni\/\" title=\"Comprom\u00eds per Benifai\u00f3 sol\u00b7licita obres de millora de l\u2019accessibilitat de la Pla\u00e7a de Sant Antoni\">[+] <\/a><\/div>\n","protected":false},"author":12,"featured_media":124165,"comment_status":"open","ping_status":"open","sticky":false,"template":"","format":"standard","meta":{"footnotes":""},"categories":[10987,10948,10894,10902,10947,10896],"tags":[12046,13586,11356],"class_list":["post-124167","post","type-post","status-publish","format-standard","has-post-thumbnail","category-benifaio-ca","category-infraestructuras-ca","category-la-comarca-ca","category-la-ribera-ca","category-politica","category-seccion-ca","tag-benifaio-ca","tag-compromis-per-benifaio-ca","tag-ribera-alta-ca"],"_links":{"self":[{"href":"https:\/\/tucomarca.whitekongsoftware.com\/ca\/wp-json\/wp\/v2\/posts\/124167","targetHints":{"allow":["GET"]}}],"collection":[{"href":"https:\/\/tucomarca.whitekongsoftware.com\/ca\/wp-json\/wp\/v2\/posts"}],"about":[{"href":"https:\/\/tucomarca.whitekongsoftware.com\/ca\/wp-json\/wp\/v2\/types\/post"}],"author":[{"embeddable":true,"href":"https:\/\/tucomarca.whitekongsoftware.com\/ca\/wp-json\/wp\/v2\/users\/12"}],"replies":[{"embeddable":true,"href":"https:\/\/tucomarca.whitekongsoftware.com\/ca\/wp-json\/wp\/v2\/comments?post=124167"}],"version-history":[{"count":0,"href":"https:\/\/tucomarca.whitekongsoftware.com\/ca\/wp-json\/wp\/v2\/posts\/124167\/revisions"}],"wp:featuredmedia":[{"embeddable":true,"href":"https:\/\/tucomarca.whitekongsoftware.com\/ca\/wp-json\/wp\/v2\/media\/124165"}],"wp:attachment":[{"href":"https:\/\/tucomarca.whitekongsoftware.com\/ca\/wp-json\/wp\/v2\/media?parent=124167"}],"wp:term":[{"taxonomy":"category","embeddable":true,"href":"https:\/\/tucomarca.whitekongsoftware.com\/ca\/wp-json\/wp\/v2\/categories?post=124167"},{"taxonomy":"post_tag","embeddable":true,"href":"https:\/\/tucomarca.whitekongsoftware.com\/ca\/wp-json\/wp\/v2\/tags?post=124167"}],"curies":[{"name":"wp","href":"https:\/\/api.w.org\/{rel}","templated":true}]}}