{"id":124137,"date":"2021-01-18T21:31:03","date_gmt":"2021-01-18T20:31:03","guid":{"rendered":"http:\/\/www.tucomarca.com\/wordpress\/segunda\/?p=124137"},"modified":"2021-01-18T21:31:08","modified_gmt":"2021-01-18T20:31:08","slug":"leliana-aporta-9-casos-anna-9-betera-7-xiva-7-i-castello-4-als-2-482-nous-contagis-de-coronavirus-a-la-comunitat","status":"publish","type":"post","link":"https:\/\/tucomarca.whitekongsoftware.com\/ca\/leliana-aporta-9-casos-anna-9-betera-7-xiva-7-i-castello-4-als-2-482-nous-contagis-de-coronavirus-a-la-comunitat\/","title":{"rendered":"L&#8217;Eliana aporta 9 casos, Anna 9, B\u00e9tera 7, Xiva 7 i Castell\u00f3 4 als 2.482 nous contagis de coronavirus a la Comunitat"},"content":{"rendered":"\n<h4 class=\"wp-block-heading\"><strong>Sanitat ha administrat ja 93.521 dosi de la vacuna contra el coronavirus<\/strong>&nbsp;<\/h4>\n\n\n\n<h4 class=\"wp-block-heading\"><strong>Per prov\u00edncies, es registren 135 nous positius a Castell\u00f3, 799 a Alacant i 1.548 en la prov\u00edncia de Val\u00e8ncia<\/strong><\/h4>\n\n\n\n<p class=\"wp-block-paragraph\">La Comunitat Valenciana ha administrat fins aquest dilluns a les 14 hores un total de 93.521 dosi de la vacuna contra la coronavirus, 152 d&#8217;elles en segona dosi. De totes les administrades, 35.434 han anat destinades a resid\u00e8ncies (personal sanitari i residents) i 58.087 a personal sanitari de primera l\u00ednia.<\/p>\n\n\n\n<p class=\"wp-block-paragraph\">D&#8217;altra banda, s&#8217;han registrat 2.482 nous casos de coronavirus confirmats per prova PCR o mitjan\u00e7ant test d&#8217;ant\u00edgens des de l&#8217;\u00faltima actualitzaci\u00f3, que situen la xifra total de positius en 210.052 persones. Per prov\u00edncies, la distribuci\u00f3 de nous positius \u00e9s la seg\u00fcent: 135 a Castell\u00f3 (22.325 en total), 799 a Alacant (68.853 en total) i 1.548 a la prov\u00edncia de Val\u00e8ncia (118.833 en total). A m\u00e9s, el nombre de casos no assignats ascendeix a 41.<\/p>\n\n\n\n<p class=\"wp-block-paragraph\">Tamb\u00e9 s&#8217;han registrat 95 morts per coronavirus des de l&#8217;\u00faltima actualitzaci\u00f3, de manera que el total de defuncions des de l&#8217;inici de la pand\u00e8mia \u00e9s de 3.655 persones: 465 a la prov\u00edncia de Castell\u00f3, 1.244 a la d&#8217;Alacant i 1.946 a la de Val\u00e8ncia.<\/p>\n\n\n\n<p class=\"wp-block-paragraph\">Els hospitals valencians tenen, actualment, 3.829 persones ingressades: 308 a la prov\u00edncia de Castell\u00f3, amb 33 pacients en UCI; 1.431 a la prov\u00edncia d&#8217;Alacant, 193 d&#8217;ells a l&#8217;UCI; i 2.090 a la prov\u00edncia de Val\u00e8ncia, 279 d&#8217;ells a UCI.<\/p>\n\n\n\n<p class=\"wp-block-paragraph\">A m\u00e9s, des de l&#8217;\u00faltima actualitzaci\u00f3 s&#8217;han registrat 6.812 altes a pacients amb coronavirus. D&#8217;aquesta manera, ja s\u00f3n 172.507 persones a la Comunitat Valenciana les que han superat la malaltia des que va comen\u00e7ar la pand\u00e8mia. Per prov\u00edncies, les altes es distribueixen de la seg\u00fcent manera: 18.985 a Castell\u00f3, 57.317 a Alacant i 96.126 a Val\u00e8ncia, a m\u00e9s de 79 no assignades.<\/p>\n\n\n\n<p class=\"wp-block-paragraph\">D&#8217;acord amb les dades registrades, a hores d&#8217;ara hi ha 45.453 casos actius, la qual cosa suposa un 20,51% de l&#8217;total de positius.<\/p>\n\n\n\n<p class=\"wp-block-paragraph\"><strong>Actualitzaci\u00f3 de la situaci\u00f3 en resid\u00e8ncies<\/strong><\/p>\n\n\n\n<p class=\"wp-block-paragraph\">A hores d&#8217;ara, hi ha algun cas positiu en 169 resid\u00e8ncies de gent gran (16 a la prov\u00edncia de Castell\u00f3, 51 a la prov\u00edncia d&#8217;Alacant i 102 a la prov\u00edncia de Val\u00e8ncia), 30 centres de diversitat funcional (4 a la prov\u00edncia de Castell\u00f3, 9 a la prov\u00edncia d&#8217;Alacant i 17 a la prov\u00edncia de Val\u00e8ncia) i 7 centres de menors (1 a la prov\u00edncia de Castell\u00f3, 2 a la prov\u00edncia d&#8217;Alacant i 4 a la prov\u00edncia de Val\u00e8ncia).<\/p>\n\n\n\n<ul class=\"wp-block-list\"><li>Residents nous positius: 129<\/li><li>Treballadors i treballadores nous positius: 57<\/li><li>Residents que han mort: 41<\/li><\/ul>\n\n\n\n<p class=\"wp-block-paragraph\">Actualment, es troben sota vigil\u00e0ncia activa de control sanitari 44 resid\u00e8ncies a la Comunitat Valenciana: 2 a la prov\u00edncia de Castell\u00f3, 18 a la prov\u00edncia d&#8217;Alacant i 24 a la prov\u00edncia de Val\u00e8ncia.<\/p>\n\n\n\n<p class=\"wp-block-paragraph\"><strong>Actualitzaci\u00f3 brots de coronavirus<\/strong><\/p>\n\n\n\n<p class=\"wp-block-paragraph\">Nous brots: 65 (39 a la prov\u00edncia de Val\u00e8ncia, 15 a la prov\u00edncia d&#8217;Alacant i 11 a la de Castell\u00f3).<\/p>\n\n\n\n<ul class=\"wp-block-list\"><li>&nbsp;L&#8217;Eliana: 5 casos. Origen social<\/li><li>&nbsp;Vinar\u00f2s: 3 casos. Origen social<\/li><li>&nbsp;Castell\u00f3 (antes Villanueva de Castell\u00f3n): 4 casos. Origen social<\/li><li>&nbsp;Paterna: 9 casos. Origen social<\/li><li>&nbsp;Llutxent: 6 casos. Origen social<\/li><li>&nbsp;Traiguera: 5 casos. Origen social<\/li><li>&nbsp;Val\u00e8ncia: 6 casos. Origen social<\/li><li>&nbsp;L&#8217;Alf\u00e0s del P\u00ed. 6 casos. Origen laboral<\/li><li>&nbsp;B\u00e9tera: 3 casos. Origen social<\/li><li>&nbsp;Anna: 9 casos. Origen social<\/li><li>&nbsp;Ontinyent: 5 casos. Origen social<\/li><li>&nbsp;Fontanars dels Alforins: 5 casos. Origen social<\/li><li>&nbsp;Ontinyent: 6 casos. Origen social<\/li><li>&nbsp;Benidorm: 3 casos. Origen laboral<\/li><li>&nbsp;L&#8217;Alf\u00e0s del P\u00ed: 5 casos. Origen social<\/li><li>&nbsp;C\u00e0lig: 4 casos. Origen social<\/li><li>&nbsp;Val\u00e8ncia: 7 casos. Origen laboral<\/li><li>&nbsp;Alcal\u00e0 de Xivert: 36 casos. Origen laboral<\/li><li>&nbsp;L&#8217;Eliana: 4 casos. Origen social<\/li><li>&nbsp;J\u00e1vea: 4 casos. \u00c1mbito educativo<\/li><li>&nbsp;Val\u00e8ncia: 6 casos. Origen social<\/li><li>&nbsp;Val\u00e8ncia: 4 casos. Origen social<\/li><li>&nbsp;Villajoyosa: 8 casos. Origen social<\/li><li>&nbsp;Val\u00e8ncia: 3 casos. Origen social<\/li><li>&nbsp;Traiguera: 5 casos. Origen social<\/li><li>&nbsp;Benidorm: 8 casos. Origen laboral<\/li><li>&nbsp;Benicarl\u00f3: 4 casos. Origen social<\/li><li>&nbsp;La Llosa de Ranes: 5 casos. Origen social<\/li><li>&nbsp;Val\u00e8ncia: 4 casos. Origen laboral<\/li><li>&nbsp;Elche: 4 casos. Origen social<\/li><li>&nbsp;Val\u00e8ncia: 4 casos. Origen social<\/li><li>&nbsp;Pe\u00f1\u00edscola: 4 casos. Origen social<\/li><li>&nbsp;Ontinyent: 6 casos. Origen laboral<\/li><li>&nbsp;Val\u00e8ncia: 3 casos. Origen social<\/li><li>&nbsp;Benicarl\u00f3: 8 casos. Origen social<\/li><li>&nbsp;Paterna: 4 casos. Origen social<\/li><li>&nbsp;Val\u00e8ncia: 6 casos. Origen social<\/li><li>&nbsp;Val\u00e8ncia: 4 casos. Origen social<\/li><li>&nbsp;Torres-Torres: 4 casos. Origen social<\/li><li>&nbsp;Val\u00e8ncia: 4 casos. Origen social<\/li><li>&nbsp;Val\u00e8ncia: 7 casos. Origen social<\/li><li>&nbsp;B\u00e9tera: 4 casos. Origen social<\/li><li>&nbsp;Alm\u00e0ssera: 4 casos. Origen social<\/li><li>&nbsp;Val\u00e8ncia: 7 casos. Origen social<\/li><li>&nbsp;Val\u00e8ncia: 9 casos. Origen laboral<\/li><li>&nbsp;Val\u00e8ncia: 8 casos. Origen social<\/li><li>&nbsp;Oliva: 3 casos. Origen social<\/li><li>&nbsp;Burjassot: 4 casos. Origen social<\/li><li>&nbsp;Val\u00e8ncia: 5 casos. Origen social<\/li><li>&nbsp;Godella: 9 casos. Origen social<\/li><li>&nbsp;Alcoy: 3 casos. Origen social<\/li><li>&nbsp;Alcal\u00e0 de Xivert: 5 casos. Origen social<\/li><li>&nbsp;Chiva: 7 casos: Origen laboral<\/li><li>&nbsp;Vinar\u00f2s: 3 casos. Origen social<\/li><li>&nbsp;Alcal\u00e0 de Xivert: 5 casos. Origen social<\/li><li>&nbsp;Pu\u00e7ol: 7 casos. Origen social<\/li><li>&nbsp;Alboraya: 3 casos. Origen social<\/li><li>&nbsp;L&#8217;Alf\u00e0s del Pi: 4 casos. Origen social<\/li><li>&nbsp;Val\u00e8ncia: 7 casos: Origen social<\/li><li>&nbsp;Benidorm: 9 casos. Origen social<\/li><li>&nbsp;Elche: 8 casos: Origen social<\/li><li>&nbsp;Benidorm: 5 casos. Origen social<\/li><li>&nbsp;Elche: 4 casos. Origen laboral<\/li><li>&nbsp;Elche: 6 casos. Origen social<\/li><li>&nbsp;Crevillent: 5 casos. Origen social<\/li><\/ul>\n","protected":false},"excerpt":{"rendered":"<div class=\"mh-excerpt\">Sanitat ha administrat ja 93.521 dosi de la vacuna contra el coronavirus&nbsp; Per prov\u00edncies, es registren 135 nous positius a Castell\u00f3, 799 a Alacant i 1.548 en la prov\u00edncia de Val\u00e8ncia La Comunitat Valenciana ha <a class=\"mh-excerpt-more\" href=\"https:\/\/tucomarca.whitekongsoftware.com\/ca\/leliana-aporta-9-casos-anna-9-betera-7-xiva-7-i-castello-4-als-2-482-nous-contagis-de-coronavirus-a-la-comunitat\/\" title=\"L&#8217;Eliana aporta 9 casos, Anna 9, B\u00e9tera 7, Xiva 7 i Castell\u00f3 4 als 2.482 nous contagis de coronavirus a la Comunitat\">[+] <\/a><\/div>\n","protected":false},"author":12,"featured_media":124136,"comment_status":"open","ping_status":"open","sticky":false,"template":"","format":"standard","meta":{"footnotes":""},"categories":[10964,10937,10892,11010,12202,10963,10894,10904,10912,10893,10947,10896,10897,10975],"tags":[12165,11939,11940,13477],"class_list":["post-124137","post","type-post","status-publish","format-standard","has-post-thumbnail","category-anna-ca","category-betera-ca","category-camp-de-turia-ca","category-canal-salud","category-covid-19-ca","category-la-canal-de-navarres-ca","category-la-comarca-ca","category-sin-categorizar-ca","category-la-hoya-ca","category-leliana-ca","category-politica","category-seccion-ca","category-sucesos-la-comarca-ca","category-chiva-ca","tag-conselleria-de-sanitat-ca","tag-coronavirus-ca","tag-covid-19-ca","tag-datos-de-contagios-ca"],"_links":{"self":[{"href":"https:\/\/tucomarca.whitekongsoftware.com\/ca\/wp-json\/wp\/v2\/posts\/124137","targetHints":{"allow":["GET"]}}],"collection":[{"href":"https:\/\/tucomarca.whitekongsoftware.com\/ca\/wp-json\/wp\/v2\/posts"}],"about":[{"href":"https:\/\/tucomarca.whitekongsoftware.com\/ca\/wp-json\/wp\/v2\/types\/post"}],"author":[{"embeddable":true,"href":"https:\/\/tucomarca.whitekongsoftware.com\/ca\/wp-json\/wp\/v2\/users\/12"}],"replies":[{"embeddable":true,"href":"https:\/\/tucomarca.whitekongsoftware.com\/ca\/wp-json\/wp\/v2\/comments?post=124137"}],"version-history":[{"count":0,"href":"https:\/\/tucomarca.whitekongsoftware.com\/ca\/wp-json\/wp\/v2\/posts\/124137\/revisions"}],"wp:featuredmedia":[{"embeddable":true,"href":"https:\/\/tucomarca.whitekongsoftware.com\/ca\/wp-json\/wp\/v2\/media\/124136"}],"wp:attachment":[{"href":"https:\/\/tucomarca.whitekongsoftware.com\/ca\/wp-json\/wp\/v2\/media?parent=124137"}],"wp:term":[{"taxonomy":"category","embeddable":true,"href":"https:\/\/tucomarca.whitekongsoftware.com\/ca\/wp-json\/wp\/v2\/categories?post=124137"},{"taxonomy":"post_tag","embeddable":true,"href":"https:\/\/tucomarca.whitekongsoftware.com\/ca\/wp-json\/wp\/v2\/tags?post=124137"}],"curies":[{"name":"wp","href":"https:\/\/api.w.org\/{rel}","templated":true}]}}