{"id":123911,"date":"2021-01-15T11:00:00","date_gmt":"2021-01-15T10:00:00","guid":{"rendered":"http:\/\/www.tucomarca.com\/wordpress\/segunda\/?p=123911"},"modified":"2021-01-15T22:50:42","modified_gmt":"2021-01-15T21:50:42","slug":"lajuntament-de-la-pobla-de-vallbona-aprova-la-convocatoria-de-les-subvencions-de-vivenda-demergencia-social","status":"publish","type":"post","link":"https:\/\/tucomarca.whitekongsoftware.com\/ca\/lajuntament-de-la-pobla-de-vallbona-aprova-la-convocatoria-de-les-subvencions-de-vivenda-demergencia-social\/","title":{"rendered":"L\u2019Ajuntament de La Pobla de Vallbona aprova la convocat\u00f2ria de les subvencions de vivenda d\u2019emerg\u00e8ncia social"},"content":{"rendered":"\n<h4 class=\"wp-block-heading\">L\u2019ajuda preveu la cessi\u00f3 de pisos fins a un any per a fam\u00edlies en situaci\u00f3 d\u2019emerg\u00e8ncia habitacional<\/h4>\n\n\n\n<h4 class=\"wp-block-heading\">La Pobla de Vallbona aprova el reglament per regular l\u2019\u00fas dels habitatges socials<\/h4>\n\n\n\n<p class=\"wp-block-paragraph\">La Pobla de Vallbona ha aprovat la convocat\u00f2ria de subvencions de vivenda per solucionar problemes d\u2019emerg\u00e8ncia social que puguen patir ve\u00efns de la localitat. Es tracta d\u2019ajudar a aquelles fam\u00edlies que de manera temporal queden sense sostre i evitar aix\u00ed que es convertisca en una situaci\u00f3 d\u2019exclusi\u00f3 social.<\/p>\n\n\n\n<p class=\"wp-block-paragraph\">Els beneficiaris hauran d\u2019acreditar haver patit un desnonament en els darrers sis mesos; trobar-se en situaci\u00f3 de viol\u00e8ncia de g\u00e8nere o familiar, un sinistre en la vivenda, no tindre habitatge per causa sobrevinguda per problemes de conviv\u00e8ncia o per la declaraci\u00f3 de runa imminent de l\u2019habitatge.<\/p>\n\n\n\n<p class=\"wp-block-paragraph\">Les ajudes contemplen que la unitat de conviv\u00e8ncia ha d\u2019estar empadronada al municipi durant un m\u00ednim de quatre anys de manera cont\u00ednua o vint anys per a residents de manera discont\u00ednua.<\/p>\n\n\n\n<p class=\"wp-block-paragraph\">Amb estes ajudes es pret\u00e9n donar una resposta a la necessitat d\u2019un habitatge digne i adequat i contribuir a l\u2019estabilitat de les&nbsp; unitats familiars, especialment les vulnerables. La mesura complix amb el comprom\u00eds&nbsp; del govern local de fer front a la situaci\u00f3 de dificultat que estan vivint les fam\u00edlies amb problem\u00e0tiques greus d\u2019habitatge.<\/p>\n\n\n\n<p class=\"wp-block-paragraph\">A m\u00e9s, la Pobla ha aprovat el primer reglament d\u2019habitatge social al municipi. Amb este reglament es regula l\u2019\u00fas dels habitatges que l\u2019ajuntament posa a disposici\u00f3 dels beneficiaris.<\/p>\n\n\n\n<p class=\"wp-block-paragraph\">L\u2019ajuda preveu la cessi\u00f3 dels pisos per un m\u00e0xim d\u2019un any, prorrogable durant mig any m\u00e9s. El document recull a m\u00e9s les condicions que garantixen un bon \u00fas de la vivenda i la conviv\u00e8ncia amb el ve\u00efnat.<\/p>\n\n\n\n<p class=\"wp-block-paragraph\">&nbsp;Des del mes de juny, l\u2019ajuntament mant\u00e9 oberta una oferta de lloguer d\u2019habitatge p\u00fablic per a qu\u00e8 el ve\u00efnat i les entitats puguen inscriure aquelles vivendes que tenen desocupades amb la garantia de pagament i seguretat del consistori. A m\u00e9s, la Pobla t\u00e9 tancat ja un conveni amb la SAREB per a la cessi\u00f3 de 4 pisos i podria tancar en els pr\u00f2xims dies diferents acords amb entitats i particulars.<\/p>\n","protected":false},"excerpt":{"rendered":"<div class=\"mh-excerpt\">L\u2019ajuda preveu la cessi\u00f3 de pisos fins a un any per a fam\u00edlies en situaci\u00f3 d\u2019emerg\u00e8ncia habitacional La Pobla de Vallbona aprova el reglament per regular l\u2019\u00fas dels habitatges socials La Pobla de Vallbona ha <a class=\"mh-excerpt-more\" href=\"https:\/\/tucomarca.whitekongsoftware.com\/ca\/lajuntament-de-la-pobla-de-vallbona-aprova-la-convocatoria-de-les-subvencions-de-vivenda-demergencia-social\/\" title=\"L\u2019Ajuntament de La Pobla de Vallbona aprova la convocat\u00f2ria de les subvencions de vivenda d\u2019emerg\u00e8ncia social\">[+] <\/a><\/div>\n","protected":false},"author":12,"featured_media":123909,"comment_status":"open","ping_status":"open","sticky":false,"template":"","format":"standard","meta":{"footnotes":""},"categories":[10892,10948,10894,10915,10947,10896],"tags":[10899,12278,10916,13560],"class_list":["post-123911","post","type-post","status-publish","format-standard","has-post-thumbnail","category-camp-de-turia-ca","category-infraestructuras-ca","category-la-comarca-ca","category-la-pobla-ca","category-politica","category-seccion-ca","tag-camp-de-turia-ca","tag-emergencia-social-ca","tag-la-pobla-de-vallbona-ca","tag-vivienda-ca"],"_links":{"self":[{"href":"https:\/\/tucomarca.whitekongsoftware.com\/ca\/wp-json\/wp\/v2\/posts\/123911","targetHints":{"allow":["GET"]}}],"collection":[{"href":"https:\/\/tucomarca.whitekongsoftware.com\/ca\/wp-json\/wp\/v2\/posts"}],"about":[{"href":"https:\/\/tucomarca.whitekongsoftware.com\/ca\/wp-json\/wp\/v2\/types\/post"}],"author":[{"embeddable":true,"href":"https:\/\/tucomarca.whitekongsoftware.com\/ca\/wp-json\/wp\/v2\/users\/12"}],"replies":[{"embeddable":true,"href":"https:\/\/tucomarca.whitekongsoftware.com\/ca\/wp-json\/wp\/v2\/comments?post=123911"}],"version-history":[{"count":0,"href":"https:\/\/tucomarca.whitekongsoftware.com\/ca\/wp-json\/wp\/v2\/posts\/123911\/revisions"}],"wp:featuredmedia":[{"embeddable":true,"href":"https:\/\/tucomarca.whitekongsoftware.com\/ca\/wp-json\/wp\/v2\/media\/123909"}],"wp:attachment":[{"href":"https:\/\/tucomarca.whitekongsoftware.com\/ca\/wp-json\/wp\/v2\/media?parent=123911"}],"wp:term":[{"taxonomy":"category","embeddable":true,"href":"https:\/\/tucomarca.whitekongsoftware.com\/ca\/wp-json\/wp\/v2\/categories?post=123911"},{"taxonomy":"post_tag","embeddable":true,"href":"https:\/\/tucomarca.whitekongsoftware.com\/ca\/wp-json\/wp\/v2\/tags?post=123911"}],"curies":[{"name":"wp","href":"https:\/\/api.w.org\/{rel}","templated":true}]}}