{"id":123828,"date":"2021-01-14T21:35:00","date_gmt":"2021-01-14T20:35:00","guid":{"rendered":"http:\/\/www.tucomarca.com\/wordpress\/segunda\/?p=123828"},"modified":"2021-01-15T11:12:38","modified_gmt":"2021-01-15T10:12:38","slug":"la-policia-local-de-bunyol-dete-dos-atracadors-gracies-a-la-telefonada-dun-vei","status":"publish","type":"post","link":"https:\/\/tucomarca.whitekongsoftware.com\/ca\/la-policia-local-de-bunyol-dete-dos-atracadors-gracies-a-la-telefonada-dun-vei\/","title":{"rendered":"La Policia Local de Bunyol det\u00e9 dos atracadors gr\u00e0cies a la telefonada d&#8217;un ve\u00ed"},"content":{"rendered":"\n<p class=\"wp-block-paragraph\">La regidora d&#8217;Interior de l&#8217;Ajuntament de Bu\u00f1ol, Mar\u00eda Vall\u00e9s, informa del robatori amb for\u00e7a en una propietat privada del municipi en la vesprada d&#8217;ahir, que finalment es va saldar amb la detenci\u00f3 de dos atracadors per part de la Policia Local del municipi, gr\u00e0cies a la telefonada d&#8217;un ve\u00ed. <\/p>\n\n\n\n<p class=\"wp-block-paragraph\">Ambd\u00f3s delinq\u00fcents van ser detinguts i posats a disposici\u00f3 judicial immediatament. &#8220;La nostra Policia Local va realitzar una brillant actuaci\u00f3, que demostra que els seus efectius vetlen per la seguretat ciutadana de tots nosaltres de forma exemplar&#8221;, assenyala l&#8217;edil bunyolense.<\/p>\n\n\n\n<p class=\"wp-block-paragraph\">A m\u00e9s, segons pareix, i segons confirma l&#8217;edil, s&#8217;est\u00e0 investigant si estes dos persones s\u00f3n les mateixes que han estat robant en vivendes del poble en els \u00faltims temps.<\/p>\n","protected":false},"excerpt":{"rendered":"<div class=\"mh-excerpt\">La regidora d&#8217;Interior de l&#8217;Ajuntament de Bu\u00f1ol, Mar\u00eda Vall\u00e9s, informa del robatori amb for\u00e7a en una propietat privada del municipi en la vesprada d&#8217;ahir, que finalment es va saldar amb la detenci\u00f3 de dos atracadors <a class=\"mh-excerpt-more\" href=\"https:\/\/tucomarca.whitekongsoftware.com\/ca\/la-policia-local-de-bunyol-dete-dos-atracadors-gracies-a-la-telefonada-dun-vei\/\" title=\"La Policia Local de Bunyol det\u00e9 dos atracadors gr\u00e0cies a la telefonada d&#8217;un ve\u00ed\">[+] <\/a><\/div>\n","protected":false},"author":12,"featured_media":87387,"comment_status":"open","ping_status":"open","sticky":false,"template":"","format":"standard","meta":{"footnotes":""},"categories":[10911,10948,10894,10912,10947,10896,10897],"tags":[10913,10914,12356,13541],"class_list":["post-123828","post","type-post","status-publish","format-standard","has-post-thumbnail","category-bunol-ca","category-infraestructuras-ca","category-la-comarca-ca","category-la-hoya-ca","category-politica","category-seccion-ca","category-sucesos-la-comarca-ca","tag-bunol-ca","tag-la-hoya-de-bunol-chiva-ca","tag-policia-local-ca","tag-robos-en-viviendas-ca"],"_links":{"self":[{"href":"https:\/\/tucomarca.whitekongsoftware.com\/ca\/wp-json\/wp\/v2\/posts\/123828","targetHints":{"allow":["GET"]}}],"collection":[{"href":"https:\/\/tucomarca.whitekongsoftware.com\/ca\/wp-json\/wp\/v2\/posts"}],"about":[{"href":"https:\/\/tucomarca.whitekongsoftware.com\/ca\/wp-json\/wp\/v2\/types\/post"}],"author":[{"embeddable":true,"href":"https:\/\/tucomarca.whitekongsoftware.com\/ca\/wp-json\/wp\/v2\/users\/12"}],"replies":[{"embeddable":true,"href":"https:\/\/tucomarca.whitekongsoftware.com\/ca\/wp-json\/wp\/v2\/comments?post=123828"}],"version-history":[{"count":0,"href":"https:\/\/tucomarca.whitekongsoftware.com\/ca\/wp-json\/wp\/v2\/posts\/123828\/revisions"}],"wp:featuredmedia":[{"embeddable":true,"href":"https:\/\/tucomarca.whitekongsoftware.com\/ca\/wp-json\/wp\/v2\/media\/87387"}],"wp:attachment":[{"href":"https:\/\/tucomarca.whitekongsoftware.com\/ca\/wp-json\/wp\/v2\/media?parent=123828"}],"wp:term":[{"taxonomy":"category","embeddable":true,"href":"https:\/\/tucomarca.whitekongsoftware.com\/ca\/wp-json\/wp\/v2\/categories?post=123828"},{"taxonomy":"post_tag","embeddable":true,"href":"https:\/\/tucomarca.whitekongsoftware.com\/ca\/wp-json\/wp\/v2\/tags?post=123828"}],"curies":[{"name":"wp","href":"https:\/\/api.w.org\/{rel}","templated":true}]}}