{"id":123716,"date":"2021-01-12T08:05:00","date_gmt":"2021-01-12T07:05:00","guid":{"rendered":"http:\/\/www.tucomarca.com\/wordpress\/segunda\/la-guardia-civil-realiza-mas-de-200-de-servicios-humanitarios-durante-el-temporal-en-la-provincia-de-valencia\/"},"modified":"2021-01-12T22:02:28","modified_gmt":"2021-01-12T21:02:28","slug":"la-guardia-civil-realiza-mas-de-200-de-servicios-humanitarios-durante-el-temporal-en-la-provincia-de-valencia","status":"publish","type":"post","link":"https:\/\/tucomarca.whitekongsoftware.com\/ca\/la-guardia-civil-realiza-mas-de-200-de-servicios-humanitarios-durante-el-temporal-en-la-provincia-de-valencia\/","title":{"rendered":"La Gu\u00e0rdia Civil realitza m\u00e9s de 200 de serveis humanitaris durant el temporal a la prov\u00edncia de Val\u00e8ncia"},"content":{"rendered":"\n<h4 class=\"wp-block-heading\">La Gu\u00e0rdia Civil ha realitzat tot tipus de auxilis i labors benem\u00e9ritas en aquests dies, des de rescats a persones desorientes pel temporal, fins trasllat de medicaments entre poblacions<\/h4>\n\n\n\n<h4 class=\"wp-block-heading\">Tambi\u00e9n se ha realizado un auxilio domiciliario de un var\u00f3n que estaba tendido en el suelo sin poder moverse y donde los guardias civiles tuvieron que acceder por una de las ventanas<\/h4>\n\n\n\n<p class=\"wp-block-paragraph\">La Guardia Civil ha realizado m\u00e1s de 200 de servicios humanitarios relacionados con el temporal en la provincia de Valencia.<\/p>\n\n\n\n<p class=\"wp-block-paragraph\">Los agentes han participado en multitud de auxilios, acompa\u00f1amientos, traslados de personas y medicamentos entre diferentes municipios a causa del estado de las v\u00edas de comunicaci\u00f3n, destacando los siguentes:<\/p>\n\n\n\n<p class=\"wp-block-paragraph\">Miembros de la Guardia Civil de Camporrobles auxiliaron a tres personas que se encontraban desorientadas debido a la ausencia de luz y la nieve en la Reserva Natural de Hoces del Cabriel.<\/p>\n\n\n\n<p class=\"wp-block-paragraph\">Agentes de la Guardia Civil de Requena trasladaron a una persona desde Chera al hospital de Requena para realizar la di\u00e1lisis debido a la imposibilidad de acceso por parte de la ambulancia por el estado de la carretera. Tambien realizaron un auxilio de otra persona en su domicilio que no habia ido a di\u00e1lisis y se encontraba en el suelo de su casa sin&nbsp; poder moverse, ante la imposibilidad de acceder por la puerta los guardia civiles accedieron por la ventana para socorrer este var\u00f3n.<\/p>\n\n\n\n<p class=\"wp-block-paragraph\">La Guardia Civil de Aras de los Olmos realizo varios traslados de medicamentos urgentes desde la Farmacia de Titaguas hasta las farmacias de Ara de los Olmos y Alpuente, adem\u00e1s de esto auxiliaron a un var\u00f3n que hab\u00eda sufrido un esguince de tobillo en la localidad de Aras de los Olmos.<\/p>\n\n\n\n<p class=\"wp-block-paragraph\">Adem\u00e1s de estos hechos se han realizado multitud de auxilios mec\u00e1nicos a personas que se encontraban con problemas en sus veh\u00edculos a no poder circular correctamente por las v\u00edas de comunicaci\u00f3n, asi como traslado de personal medico hasta residencias de ancianos para atender urgencias.&nbsp;<\/p>\n\n\n\n<p class=\"wp-block-paragraph\">Gracias a la profesionalidad y determinaci\u00f3n que demostraron los agentes en estas actuaciones lograron auxiliar a estas personas evitando as\u00ed un mal mayor.<\/p>\n\n\n\n<p class=\"wp-block-paragraph\"><strong>Desde la Comandancia de la Guardia Civil de Valencia les recordamos que estamos a su disposici\u00f3n las 24 horas los 365 d\u00edas del a\u00f1o a trav\u00e9s del 062.<\/strong><\/p>\n","protected":false},"excerpt":{"rendered":"<div class=\"mh-excerpt\">La Gu\u00e0rdia Civil ha realitzat tot tipus de auxilis i labors benem\u00e9ritas en aquests dies, des de rescats a persones desorientes pel temporal, fins trasllat de medicaments entre poblacions Tambi\u00e9n se ha realizado un auxilio <a class=\"mh-excerpt-more\" href=\"https:\/\/tucomarca.whitekongsoftware.com\/ca\/la-guardia-civil-realiza-mas-de-200-de-servicios-humanitarios-durante-el-temporal-en-la-provincia-de-valencia\/\" title=\"La Gu\u00e0rdia Civil realitza m\u00e9s de 200 de serveis humanitaris durant el temporal a la prov\u00edncia de Val\u00e8ncia\">[+] <\/a><\/div>\n","protected":false},"author":12,"featured_media":123688,"comment_status":"open","ping_status":"open","sticky":false,"template":"","format":"standard","meta":{"footnotes":""},"categories":[11044,11042,11031,11985,11046,10898,10948,10894,10904,10903,10908,10909,10896,10897,11027],"tags":[11118,11080,13512,10910],"class_list":["post-123716","post","type-post","status-publish","format-standard","has-post-thumbnail","category-alpuente-ca","category-aras-de-olmos-ca","category-camporrobles-ca","category-el-tiempo-ca","category-los-serranos-ca","category-ventana-ca","category-infraestructuras-ca","category-la-comarca-ca","category-sin-categorizar-ca","category-medio-ambiente-la-comarca-ca","category-requena-ca","category-requena-utiel-ca","category-seccion-ca","category-sucesos-la-comarca-ca","category-titaguas-ca","tag-guardia-civil-ca","tag-los-serranos-ca","tag-provincia-de-valencia-ca","tag-requena-utiel-ca"],"_links":{"self":[{"href":"https:\/\/tucomarca.whitekongsoftware.com\/ca\/wp-json\/wp\/v2\/posts\/123716","targetHints":{"allow":["GET"]}}],"collection":[{"href":"https:\/\/tucomarca.whitekongsoftware.com\/ca\/wp-json\/wp\/v2\/posts"}],"about":[{"href":"https:\/\/tucomarca.whitekongsoftware.com\/ca\/wp-json\/wp\/v2\/types\/post"}],"author":[{"embeddable":true,"href":"https:\/\/tucomarca.whitekongsoftware.com\/ca\/wp-json\/wp\/v2\/users\/12"}],"replies":[{"embeddable":true,"href":"https:\/\/tucomarca.whitekongsoftware.com\/ca\/wp-json\/wp\/v2\/comments?post=123716"}],"version-history":[{"count":0,"href":"https:\/\/tucomarca.whitekongsoftware.com\/ca\/wp-json\/wp\/v2\/posts\/123716\/revisions"}],"wp:featuredmedia":[{"embeddable":true,"href":"https:\/\/tucomarca.whitekongsoftware.com\/ca\/wp-json\/wp\/v2\/media\/123688"}],"wp:attachment":[{"href":"https:\/\/tucomarca.whitekongsoftware.com\/ca\/wp-json\/wp\/v2\/media?parent=123716"}],"wp:term":[{"taxonomy":"category","embeddable":true,"href":"https:\/\/tucomarca.whitekongsoftware.com\/ca\/wp-json\/wp\/v2\/categories?post=123716"},{"taxonomy":"post_tag","embeddable":true,"href":"https:\/\/tucomarca.whitekongsoftware.com\/ca\/wp-json\/wp\/v2\/tags?post=123716"}],"curies":[{"name":"wp","href":"https:\/\/api.w.org\/{rel}","templated":true}]}}