{"id":123678,"date":"2021-01-12T11:00:00","date_gmt":"2021-01-12T10:00:00","guid":{"rendered":"http:\/\/www.tucomarca.com\/wordpress\/segunda\/?p=123678"},"modified":"2021-01-12T22:12:27","modified_gmt":"2021-01-12T21:12:27","slug":"riba-roja-crega-un-grup-de-treball-municipal-per-a-reduir-les-emissions-de-co2-i-fomentar-leficiencia-energetica-en-la-localitat","status":"publish","type":"post","link":"https:\/\/tucomarca.whitekongsoftware.com\/ca\/riba-roja-crega-un-grup-de-treball-municipal-per-a-reduir-les-emissions-de-co2-i-fomentar-leficiencia-energetica-en-la-localitat\/","title":{"rendered":"Riba-roja crega un grup de treball municipal per a reduir les emissions de CO2 i fomentar l&#8217;efici\u00e8ncia energ\u00e8tica en la localitat"},"content":{"rendered":"\n<h4 class=\"wp-block-heading\"><strong>El ple aprova el Pla d&#8217;Acci\u00f3 per al Clima i l&#8217;Energia Sostenible<\/strong><\/h4>\n\n\n\n<p class=\"wp-block-paragraph\">El ple de l&#8217;Ajuntament de Riba-roja de T\u00faria ha aprovat la creaci\u00f3 d&#8217;un grup de treball format pels t\u00e8cnics municipals la funci\u00f3 per per preparar a la localitat en el proc\u00e9s de transici\u00f3 energ\u00e8tica de cara a complir amb els compromisos de reducci\u00f3 de CO2 continguts en el &#8220;Pacte de les alcaldies pel Clima i l&#8217;Energia&#8221;, subscrit per aquest municipi.<\/p>\n\n\n\n<p class=\"wp-block-paragraph\">La proposta de l&#8217;equip de govern de l&#8217;PSPV ha comptat amb el suport de les formacions pol\u00edtiques de el Partit Popular, Ciutadans, Comprom\u00eds, l&#8217;Esquerra, Podem Riba-roja Pot i, finalment, el vot contrari de Vox. El suport d&#8217;aquesta iniciativa se suma a una altra ratificada el passat mes d&#8217;agost amb l&#8217;adhesi\u00f3 a la Xarxa d&#8217;Entitats Locals per dur a terme els Objectius per al Desenvolupament Sostenible (ODS) inclosos en l&#8217;Agenda 2030.<\/p>\n\n\n\n<p class=\"wp-block-paragraph\">Precisament, s\u00f3n aquests objectius marcats en vermell per les principals institucions europees els que conformen el sintagma principal de l&#8217;esmentat Pacte de les alcaldies i la conseg\u00fcent elaboraci\u00f3 d&#8217;un Pla d&#8217;Acci\u00f3 per al Clima i l&#8217;Energia Sostenible, a qu\u00e8 se li ha donat llum verda en aquest mateix ple, amb l&#8217;objectiu de tra\u00e7ar el full de ruta en la gesti\u00f3 ambiental de la localitat.<\/p>\n\n\n\n<p class=\"wp-block-paragraph\">Entre els objectius primordials d&#8217;aquest pla a Riba-roja de T\u00faria figuren la reducci\u00f3 en al menys un 40% de les emissions de gasos d&#8217;efecte hivernacle (GEH) fins a l&#8217;any 2030, augmentar l&#8217;efici\u00e8ncia energ\u00e8tica un 27% fins a l&#8217;any 2030, arribar a un \u00fas d&#8217;energia procedent de renovables d&#8217;el 27% el 2030, augmentar la resili\u00e8ncia de la ciutat mitjan\u00e7ant l&#8217;adaptaci\u00f3 als impactes de l&#8217;canvi clim\u00e0tic i, finalment, elaborar un inventari d&#8217;emissions de refer\u00e8ncia, realitzar una avaluaci\u00f3 de riscos i vulnerabilitats derivats de l&#8217;canvi clim\u00e0tic i presentar el Pla d&#8217;Acci\u00f3 per al Clima i l&#8217;Energia Sostenible (PAUS).<\/p>\n\n\n\n<p class=\"wp-block-paragraph\">Cal destacar que una empresa ha redactat ja el citat PAUS per avaluar la situaci\u00f3 energ\u00e8tica de Riba-roja de T\u00faria i proposar les actuacions dirigides a complir amb els compromisos de reducci\u00f3 d&#8217;emissions i foment de l&#8217;estalvi i l&#8217;efici\u00e8ncia energ\u00e8tica. En el citat document s&#8217;estima el pressupost necessari per fer front a les actuacions propostes que es revisaran anualment.<\/p>\n\n\n\n<p class=\"wp-block-paragraph\">A la posada en marxa del PAUS continuar\u00e0 un informe de seguiment que plasmar\u00e0 l&#8217;evoluci\u00f3 dels treballs duts a terme en els dos \u00faltims anys, subjecte a possibles revisions en funci\u00f3 dels resultats observats per fer complir les reduccions d&#8217;emissions i consum adquirits en el pacte rubricat en ple per l&#8217;Ajuntament de Riba-roja de T\u00faria.<\/p>\n\n\n\n<p class=\"wp-block-paragraph\">L&#8217;acord plenari especifica que el citat pacte estableix la necessitat d&#8217;adaptar les estructures de l&#8217;municipi que inclogui l&#8217;assignaci\u00f3 de suficients recursos humans per al desenvolupament de les accions necess\u00e0ries i una mobilitzaci\u00f3 de la societat civil en l&#8217;\u00e0mbit local perqu\u00e8 participi, de manera activa, en el desenvolupament de el Pla d&#8217;Acci\u00f3 de Riba-roja de T\u00faria, a m\u00e9s de compartir la visi\u00f3, els resultats, l&#8217;experi\u00e8ncia i el coneixement amb altres autoritats locals i regionals europees.<\/p>\n\n\n\n<p class=\"wp-block-paragraph\">L&#8217;alcalde de Riba-roja de T\u00faria, Robert Raga, ha subratllat que aquest pla d&#8217;actuacions &#8220;\u00e9s d&#8217;una import\u00e0ncia notable en el cam\u00ed que aquest municipi va decidir emprendre amb la signatura del Pacte de Alcaldies pel Clima i una mostra evident del comprom\u00eds de aquest equip de govern per conformar una localitat basada en els criteris de sostenibilitat i respecte al nostre entorn natural&#8221;.<\/p>\n","protected":false},"excerpt":{"rendered":"<div class=\"mh-excerpt\">El ple aprova el Pla d&#8217;Acci\u00f3 per al Clima i l&#8217;Energia Sostenible El ple de l&#8217;Ajuntament de Riba-roja de T\u00faria ha aprovat la creaci\u00f3 d&#8217;un grup de treball format pels t\u00e8cnics municipals la funci\u00f3 per <a class=\"mh-excerpt-more\" href=\"https:\/\/tucomarca.whitekongsoftware.com\/ca\/riba-roja-crega-un-grup-de-treball-municipal-per-a-reduir-les-emissions-de-co2-i-fomentar-leficiencia-energetica-en-la-localitat\/\" title=\"Riba-roja crega un grup de treball municipal per a reduir les emissions de CO2 i fomentar l&#8217;efici\u00e8ncia energ\u00e8tica en la localitat\">[+] <\/a><\/div>\n","protected":false},"author":12,"featured_media":112050,"comment_status":"open","ping_status":"open","sticky":false,"template":"","format":"standard","meta":{"footnotes":""},"categories":[10892,10948,10894,10903,10947,10906,10896],"tags":[10899,13503,13504,10907],"class_list":["post-123678","post","type-post","status-publish","format-standard","has-post-thumbnail","category-camp-de-turia-ca","category-infraestructuras-ca","category-la-comarca-ca","category-medio-ambiente-la-comarca-ca","category-politica","category-riba-roja-ca","category-seccion-ca","tag-camp-de-turia-ca","tag-energia-sostenible-ca","tag-reducir-emisiones-co2-ca","tag-riba-roja-del-turia-ca"],"_links":{"self":[{"href":"https:\/\/tucomarca.whitekongsoftware.com\/ca\/wp-json\/wp\/v2\/posts\/123678","targetHints":{"allow":["GET"]}}],"collection":[{"href":"https:\/\/tucomarca.whitekongsoftware.com\/ca\/wp-json\/wp\/v2\/posts"}],"about":[{"href":"https:\/\/tucomarca.whitekongsoftware.com\/ca\/wp-json\/wp\/v2\/types\/post"}],"author":[{"embeddable":true,"href":"https:\/\/tucomarca.whitekongsoftware.com\/ca\/wp-json\/wp\/v2\/users\/12"}],"replies":[{"embeddable":true,"href":"https:\/\/tucomarca.whitekongsoftware.com\/ca\/wp-json\/wp\/v2\/comments?post=123678"}],"version-history":[{"count":0,"href":"https:\/\/tucomarca.whitekongsoftware.com\/ca\/wp-json\/wp\/v2\/posts\/123678\/revisions"}],"wp:featuredmedia":[{"embeddable":true,"href":"https:\/\/tucomarca.whitekongsoftware.com\/ca\/wp-json\/wp\/v2\/media\/112050"}],"wp:attachment":[{"href":"https:\/\/tucomarca.whitekongsoftware.com\/ca\/wp-json\/wp\/v2\/media?parent=123678"}],"wp:term":[{"taxonomy":"category","embeddable":true,"href":"https:\/\/tucomarca.whitekongsoftware.com\/ca\/wp-json\/wp\/v2\/categories?post=123678"},{"taxonomy":"post_tag","embeddable":true,"href":"https:\/\/tucomarca.whitekongsoftware.com\/ca\/wp-json\/wp\/v2\/tags?post=123678"}],"curies":[{"name":"wp","href":"https:\/\/api.w.org\/{rel}","templated":true}]}}