{"id":123668,"date":"2021-01-12T07:00:00","date_gmt":"2021-01-12T06:00:00","guid":{"rendered":"http:\/\/www.tucomarca.com\/wordpress\/segunda\/?p=123668"},"modified":"2021-01-12T21:53:01","modified_gmt":"2021-01-12T20:53:01","slug":"barcelo-la-comunitat-valenciana-ha-administrat-ja-48-583-dosi-de-la-vacuna-contra-la-covid-19-un-80-de-totes-les-que-shan-rebut","status":"publish","type":"post","link":"https:\/\/tucomarca.whitekongsoftware.com\/ca\/barcelo-la-comunitat-valenciana-ha-administrat-ja-48-583-dosi-de-la-vacuna-contra-la-covid-19-un-80-de-totes-les-que-shan-rebut\/","title":{"rendered":"Barcel\u00f3: &#8220;La Comunitat Valenciana ha administrat ja 48.583 dosi de la vacuna contra la COVID-19, un 80% de totes les que s&#8217;han rebut&#8221;"},"content":{"rendered":"\n<h4 class=\"wp-block-heading\"><strong>Esta mateixa setmana es continuar\u00e0 vacunant personal sanitari i resid\u00e8ncies, amb una previsi\u00f3 d&#8217;administrar 29.000 vacunes m\u00e9s<\/strong><\/h4>\n\n\n\n<h4 class=\"wp-block-heading\"><strong>La setmana que ve es comen\u00e7ar\u00e0 amb la segona dosi de la vacuna en resid\u00e8ncies sense brots i es comen\u00e7ar\u00e0 a vacunar en centres ocupacionals<\/strong><\/h4>\n\n\n\n<p class=\"wp-block-paragraph\">La consellera de Sanitat Universal i Salut P\u00fablica, Ana Barcel\u00f3, ha destacat que el seu departament ha administrat fins al migdia d&#8217;aquest dilluns un total de 48.583 dosis de vacunes enfront de la COVID-19, xifra que ha qualificat d &#8216; &#8220;important&#8221; i que suposa el 80% de l&#8217;total de dosis rebudes fins al moment a la Comunitat Valenciana, exceptuant les que han arribat aquest dilluns. Barcel\u00f3 tamb\u00e9 ha informat que &#8220;poc m\u00e9s de el 2% ha rebutjat expl\u00edcitament ser vacunat, un total de 1.249 persones&#8221;.<\/p>\n\n\n\n<p class=\"wp-block-paragraph\">Barcel\u00f3 ha explicat el recorregut que realitza una vacuna fins arribar a la persona que la rebr\u00e0, &#8220;no tant per la complexitat de l&#8217;proc\u00e9s i la seua organitzaci\u00f3, que ho \u00e9s, sin\u00f3 pel maneig dels temps que, com saben, ha de ser gaireb\u00e9 exacte&#8221;.<\/p>\n\n\n\n<p class=\"wp-block-paragraph\">D&#8217;aquesta manera, respecte a la vacuna Pfizer, la qual a hores d&#8217;ara s&#8217;est\u00e0 subministrant, ha recordat que les dosis arriben entre les 9.00 hores i les 11.00 hores de cada dilluns per avi\u00f3 a Alacant, Castell\u00f3 i Val\u00e8ncia a 80 graus sota zero. Des d&#8217;all\u00e0 s\u00f3n traslladades als tres centres d&#8217;emmagatzematge de les tres prov\u00edncies. Aquestes vacunes poden conservar-se durant sis mesos a aquesta temperatura en els ultracongeladores que ha habilitat la Conselleria.<\/p>\n\n\n\n<p class=\"wp-block-paragraph\">Un cop emmagatzemades, les vacunes es distribueixen als departaments de salut en funci\u00f3 d&#8217;una programaci\u00f3 preestablerta i unes quantitats pr\u00e8viament calculades. El proc\u00e9s exigeix \u200b\u200bque les vacunes que s&#8217;envien a cada departament, en vials de 5 dosis, es descongelen durant tres hores.<\/p>\n\n\n\n<p class=\"wp-block-paragraph\">El departament de Salut rep les vacunes que necessita per complir la programaci\u00f3 de manera immediata. S\u00f3n vials conservats en nevera entre 2 i 8 graus. La seua duraci\u00f3, a aquesta temperatura, \u00e9s de 5 dies. Des del departament de salut es distribueixen a resid\u00e8ncies, hospitals o centres de salut on van a administrar-se. I \u00e9s all\u00e0 on, amb s\u00e8rum fisiol\u00f2gic, es reconstitueix el vial amb 5 dosis per a ser administrat. A partir d&#8217;aquest moment, es disposa de 6 hores per, finalment, realitzar la vacunaci\u00f3.<\/p>\n\n\n\n<p class=\"wp-block-paragraph\">Tot aquest proc\u00e9s va acompanyat del maneig de l&#8217;historial cl\u00ednic de la persona a qui se li va administrar, d&#8217;un ampli dispositiu amb el material (s\u00e8rum, agulles hipod\u00e8rmiques), de la introducci\u00f3 de totes les dades en el sistema, de la farmacovigil\u00e0ncia, per si hi hagu\u00e9s algun efecte secundari, i, en conjunt, de la mobilitzaci\u00f3 d&#8217;un bon nombre de personal de sistema sanitari p\u00fablic perqu\u00e8 &#8220;el proc\u00e9s de vacunaci\u00f3 siga el m\u00e9s r\u00e0pid i efectiu possible&#8221;, ha apuntat Barcel\u00f3.<\/p>\n\n\n\n<p class=\"wp-block-paragraph\"><strong>Vacunaci\u00f3 en resid\u00e8ncies<\/strong><\/p>\n\n\n\n<p class=\"wp-block-paragraph\">Pel que fa a la vacunaci\u00f3 en resid\u00e8ncies, lloc on es va iniciar el proc\u00e9s de vacunaci\u00f3 a finals de desembre, la titular de Sanitat ha informat que, durant els \u00faltims dies, &#8220;s&#8217;ha incrementat el nombre de resid\u00e8ncies amb brots actius, el que ens ha obligat a replantejar en diverses ocasions l&#8217;estrat\u00e8gia de vacunaci\u00f3 en aquests centres&#8221;. A m\u00e9s, &#8220;afegim a aix\u00f2 diverses de les resid\u00e8ncies que el temporal d&#8217;aquests dies ha aconsellat no vacunar i que s&#8217;estan vacunant ara. En aquest moment, hi ha 153 resid\u00e8ncies amb brots actius, 53 en proc\u00e9s de vacunaci\u00f3 i prop de 300 completament vacunades&#8221;, ha informat Ana Barcel\u00f3.<\/p>\n\n\n\n<p class=\"wp-block-paragraph\">De les 48.583 dosis administrades, a la prov\u00edncia de Castell\u00f3 s&#8217;han utilitzat 6.526, en la de Val\u00e8ncia 22.574 ia Alacant, 19.483.<\/p>\n\n\n\n<p class=\"wp-block-paragraph\"><strong>Planificaci\u00f3 en les pr\u00f2ximes setmanes<\/strong><\/p>\n\n\n\n<p class=\"wp-block-paragraph\">Pel que fa a la planificaci\u00f3 dels propers dies i setmanes, la consellera ha explicat que aquesta mateixa setmana es seguir\u00e0 vacunant a personal sanitari i resid\u00e8ncies, &#8220;amb una previsi\u00f3 d&#8217;administrar 29.000 vacunes. La setmana que ve es comen\u00e7ar\u00e0 amb la segona dosi de la vacuna en resid\u00e8ncies sense brots, es continuar\u00e0 amb els sanitaris i es comen\u00e7ar\u00e0 a vacunar a centres ocupacionals &#8220;.<\/p>\n\n\n\n<p class=\"wp-block-paragraph\">L&#8217;\u00faltima setmana de gener es vacunar\u00e0 en segona dosi a resid\u00e8ncies i personal sanitari i en primera dosi, a les resid\u00e8ncies amb brots actius. S&#8217;administraran un total de 42.500 dosis. A la primera setmana de febrer s&#8217;incorporaran al proc\u00e9s, entre d&#8217;altres sectors de risc, els grans dependents i els centres de dia de gent gran.<\/p>\n\n\n\n<p class=\"wp-block-paragraph\"><strong>Cinc milions d&#8217;esperances<\/strong><\/p>\n\n\n\n<p class=\"wp-block-paragraph\">Finalment, la m\u00e0xima responsable de la sanitat valenciana ha ressaltat que la xifra de dosis administrades &#8220;no \u00e9s un nombre, \u00e9s una esperan\u00e7a. En realitat s\u00f3n, no 48.583 esperances, sin\u00f3 5 milions d&#8217;esperances&#8221;.<\/p>\n\n\n\n<p class=\"wp-block-paragraph\">La consellera ha assegurat que, &#8220;amb complicitat i amb responsabilitat, com aix\u00ed ha estat fins ara, institucions, ciutadania i ci\u00e8ncia, junts, som m\u00e9s, som m\u00e9s forts; caminem millor i m\u00e9s segurs&#8221;. &#8220;No deixem de caminar. No ens aturem, arribem junts i juntes a al final&#8221;, ha concl\u00f2s Ana Barcel\u00f3.<\/p>\n","protected":false},"excerpt":{"rendered":"<div class=\"mh-excerpt\">Esta mateixa setmana es continuar\u00e0 vacunant personal sanitari i resid\u00e8ncies, amb una previsi\u00f3 d&#8217;administrar 29.000 vacunes m\u00e9s La setmana que ve es comen\u00e7ar\u00e0 amb la segona dosi de la vacuna en resid\u00e8ncies sense brots i <a class=\"mh-excerpt-more\" href=\"https:\/\/tucomarca.whitekongsoftware.com\/ca\/barcelo-la-comunitat-valenciana-ha-administrat-ja-48-583-dosi-de-la-vacuna-contra-la-covid-19-un-80-de-totes-les-que-shan-rebut\/\" title=\"Barcel\u00f3: &#8220;La Comunitat Valenciana ha administrat ja 48.583 dosi de la vacuna contra la COVID-19, un 80% de totes les que s&#8217;han rebut&#8221;\">[+] <\/a><\/div>\n","protected":false},"author":12,"featured_media":106748,"comment_status":"open","ping_status":"open","sticky":false,"template":"","format":"standard","meta":{"footnotes":""},"categories":[10890,10951,10892,11010,12202,11046,10898,10948,10963,10894,10904,10912,10902,10947,10909,10896,10897],"tags":[12338,12165,11939,11940,13499],"class_list":["post-123668","post","type-post","status-publish","format-standard","has-post-thumbnail","category-ademus","category-ayora-cofrentes-ca","category-camp-de-turia-ca","category-canal-salud","category-covid-19-ca","category-los-serranos-ca","category-ventana-ca","category-infraestructuras-ca","category-la-canal-de-navarres-ca","category-la-comarca-ca","category-sin-categorizar-ca","category-la-hoya-ca","category-la-ribera-ca","category-politica","category-requena-utiel-ca","category-seccion-ca","category-sucesos-la-comarca-ca","tag-ana-barcelo-ca","tag-conselleria-de-sanitat-ca","tag-coronavirus-ca","tag-covid-19-ca","tag-vacuna-covid-ca"],"_links":{"self":[{"href":"https:\/\/tucomarca.whitekongsoftware.com\/ca\/wp-json\/wp\/v2\/posts\/123668","targetHints":{"allow":["GET"]}}],"collection":[{"href":"https:\/\/tucomarca.whitekongsoftware.com\/ca\/wp-json\/wp\/v2\/posts"}],"about":[{"href":"https:\/\/tucomarca.whitekongsoftware.com\/ca\/wp-json\/wp\/v2\/types\/post"}],"author":[{"embeddable":true,"href":"https:\/\/tucomarca.whitekongsoftware.com\/ca\/wp-json\/wp\/v2\/users\/12"}],"replies":[{"embeddable":true,"href":"https:\/\/tucomarca.whitekongsoftware.com\/ca\/wp-json\/wp\/v2\/comments?post=123668"}],"version-history":[{"count":0,"href":"https:\/\/tucomarca.whitekongsoftware.com\/ca\/wp-json\/wp\/v2\/posts\/123668\/revisions"}],"wp:featuredmedia":[{"embeddable":true,"href":"https:\/\/tucomarca.whitekongsoftware.com\/ca\/wp-json\/wp\/v2\/media\/106748"}],"wp:attachment":[{"href":"https:\/\/tucomarca.whitekongsoftware.com\/ca\/wp-json\/wp\/v2\/media?parent=123668"}],"wp:term":[{"taxonomy":"category","embeddable":true,"href":"https:\/\/tucomarca.whitekongsoftware.com\/ca\/wp-json\/wp\/v2\/categories?post=123668"},{"taxonomy":"post_tag","embeddable":true,"href":"https:\/\/tucomarca.whitekongsoftware.com\/ca\/wp-json\/wp\/v2\/tags?post=123668"}],"curies":[{"name":"wp","href":"https:\/\/api.w.org\/{rel}","templated":true}]}}