{"id":123597,"date":"2021-01-11T20:14:00","date_gmt":"2021-01-11T19:14:00","guid":{"rendered":"http:\/\/www.tucomarca.com\/wordpress\/segunda\/?p=123597"},"modified":"2021-01-11T21:58:20","modified_gmt":"2021-01-11T20:58:20","slug":"sanitat-registra-2-283-nous-casos-de-coronavirus-i-2-752-persones-segueixen-ingressades-als-hospitals-valencians","status":"publish","type":"post","link":"https:\/\/tucomarca.whitekongsoftware.com\/ca\/sanitat-registra-2-283-nous-casos-de-coronavirus-i-2-752-persones-segueixen-ingressades-als-hospitals-valencians\/","title":{"rendered":"Sanitat registra 2.283 nous casos de coronavirus i 2.752 persones segueixen ingressades als hospitals valencians"},"content":{"rendered":"\n<h4 class=\"wp-block-heading\"><strong>Per prov\u00edncies, la distribuci\u00f3 de nous positius \u00e9s la seg\u00fcent: 234 a Castell\u00f3, 1.469 a Alacant i 580 en la prov\u00edncia de Val\u00e8ncia<\/strong><\/h4>\n\n\n\n<h4 class=\"wp-block-heading\"><strong>Els hospitals valencians mantenen ingressades a un total de 2.752 persones<\/strong><\/h4>\n\n\n\n<p class=\"wp-block-paragraph\">La Comunitat Valenciana ha registrat 2.283 nous casos de coronavirus confirmats per prova PCR o mitjan\u00e7ant test d&#8217;ant\u00edgens des de l&#8217;\u00faltima actualitzaci\u00f3, que situen la xifra total de positius en 173.788 persones. Per prov\u00edncies, la distribuci\u00f3 de nous positius \u00e9s la seg\u00fcent: 234 a Castell\u00f3 (18.721 en total), 1.469 a Alacant (57.706 en total) i 580 a la prov\u00edncia de Val\u00e8ncia (97.346 en total).<\/p>\n\n\n\n<p class=\"wp-block-paragraph\">D&#8217;altra banda, s&#8217;han registrat 77 morts per coronavirus des de l&#8217;\u00faltima actualitzaci\u00f3, de manera que el total de defuncions des de l&#8217;inici de la pand\u00e8mia \u00e9s de 3.321 persones: 428 a la prov\u00edncia de Castell\u00f3, 1.149 a la d&#8217;Alacant i 1.744 a la de Val\u00e8ncia.<\/p>\n\n\n\n<p class=\"wp-block-paragraph\">Els hospitals valencians tenen, actualment, 2.752 persones ingressades: 236 a la prov\u00edncia de Castell\u00f3, amb 23 pacients en UCI; 909 a la prov\u00edncia d&#8217;Alacant, 140 d&#8217;ells a l&#8217;UCI; i 1.607 a la prov\u00edncia de Val\u00e8ncia, 219 d&#8217;ells a UCI.<\/p>\n\n\n\n<p class=\"wp-block-paragraph\">A m\u00e9s, des de l&#8217;\u00faltima actualitzaci\u00f3 s&#8217;han registrat 4.484 altes a pacients amb coronavirus. D&#8217;aquesta manera, ja s\u00f3n 155.194 persones a la Comunitat Valenciana les que han superat la malaltia des que va comen\u00e7ar la pand\u00e8mia. Per prov\u00edncies, les altes es distribueixen de la seg\u00fcent manera: 17.153 a Castell\u00f3, 51.322 a Alacant i 86.656 a Val\u00e8ncia.<\/p>\n\n\n\n<p class=\"wp-block-paragraph\">D&#8217;acord amb les dades registrades, a hores d&#8217;ara hi ha 26.869 casos actius, la qual cosa suposa un 14,49% de l&#8217;total de positius.<\/p>\n\n\n\n<p class=\"wp-block-paragraph\">El nombre total de proves dutes a terme per a la detecci\u00f3 de l&#8217;coronavirus ascendeix a 2.227.352, de les quals 2.054.572 han estat a trav\u00e9s de PCR i 172.780<br>mitjan\u00e7ant test r\u00e0pid.<\/p>\n\n\n\n<p class=\"wp-block-paragraph\"><strong>Actualitzaci\u00f3 de la situaci\u00f3 en resid\u00e8ncies<\/strong><\/p>\n\n\n\n<p class=\"wp-block-paragraph\">A dia d&#8217;avui, hi ha algun cas positiu en 154 resid\u00e8ncies de gent gran (14 a la prov\u00edncia de Castell\u00f3, 46 a la prov\u00edncia d&#8217;Alacant i 94 a la prov\u00edncia de Val\u00e8ncia), 23 centres de diversitat funcional (3 a la prov\u00edncia de Castell\u00f3, 9 a la prov\u00edncia d&#8217;Alacant i 11 a la prov\u00edncia de Val\u00e8ncia) i 4 centres de menors (1 a la prov\u00edncia de Castell\u00f3, 1 a la prov\u00edncia d&#8217;Alacant i 2 a la prov\u00edncia de Val\u00e8ncia).<\/p>\n\n\n\n<ul class=\"wp-block-list\"><li>Residents nous positius: 218<\/li><li>Treballadors i treballadores nous positius: 56<\/li><li>Residents que han mort: 21<\/li><\/ul>\n\n\n\n<p class=\"wp-block-paragraph\">Actualment, es troben sota vigil\u00e0ncia activa de control sanitari 38 resid\u00e8ncies a la Comunitat Valenciana: 2 a la prov\u00edncia de Castell\u00f3, 16 a la prov\u00edncia d&#8217;Alacant i 20 a la prov\u00edncia de Val\u00e8ncia.<\/p>\n\n\n\n<p class=\"wp-block-paragraph\">Actualitzaci\u00f3 brots de coronavirus<\/p>\n\n\n\n<p class=\"wp-block-paragraph\">S&#8217;han registrat 50 brots des de l&#8217;\u00faltima actualitzaci\u00f3. Per prov\u00edncies, aquesta \u00e9s la distribuci\u00f3: 5 a Castell\u00f3, 17 a Alacant i 28 a Val\u00e8ncia.<\/p>\n\n\n\n<p class=\"wp-block-paragraph\">\u00b7 Finestrat: 4 casos. origen laboral<br>\u00b7 Sant Rafael de el Riu: 4 casos. origen social<br>\u00b7 Val\u00e8ncia: 6 casos. origen social<br>\u00b7 Almorad\u00ed: 4 casos. origen social<br>\u00b7 Canet lo Roig: 3 casos. origen social<br>\u00b7 Oriola: 9 casos. origen social<br>\u00b7 Oriola: 7 casos. origen social<br>\u00b7 Vinar\u00f2s: 3 casos. origen social<br>\u00b7 La Pobla de Farnals: 6 casos. origen social<br>\u00b7 Carcaixent: 7 casos. origen social<br>\u00b7 Cullera: 7 casos. origen social<br>\u00b7 Benidorm: 5 casos. origen social<br>\u00b7 Val\u00e8ncia: 3 casos. origen social<br>\u00b7 L&#8217;Alf\u00e0s del Pi: 4 casos. origen social<br>\u00b7 Oriola: 17 casos. origen social<br>\u00b7 Benifair\u00f3 de les Valls: 3 casos. origen social<br>\u00b7 Aldaia: 4 casos. origen social<br>\u00b7 Sant Rafael de el Riu: 3 casos. origen social<br>\u00b7 Val\u00e8ncia: 7 casos. origen social<br>\u00b7 Manises: 5 casos. origen social<br>\u00b7 Tavernes Blanques: 10 casos. origen social<br>\u00b7 Manises: 13 casos. origen social<br>\u00b7 La Nucia: 9 casos. origen social<br>\u00b7 Val\u00e8ncia: 12 casos. origen social<br>\u00b7 Val\u00e8ncia: 4 casos. origen social<br>\u00b7 Val\u00e8ncia: 3 casos. origen laboral<br>\u00b7 La Vila Joiosa: 6 casos. origen laboral<br>\u00b7 Oriola: 11 casos. origen laboral<br>\u00b7 Val\u00e8ncia: 10 casos. origen laboral<br>\u00b7 Castell\u00f3 de la Plana: 4 casos. origen laboral<br>\u00b7 X\u00e0tiva: 5 casos. origen laboral<br>\u00b7 Val\u00e8ncia: 6 casos. origen social<br>\u00b7 Val\u00e8ncia: 4 casos. origen social<br>\u00b7 Meliana: 7 casos. origen social<br>\u00b7 Gandia: 4 casos. origen social<br>\u00b7 Sagunt: 6 casos. origen social<br>\u00b7 Val\u00e8ncia: 4 casos. origen social<br>\u00b7 Val\u00e8ncia: 3 casos. origen social<br>\u00b7 Alacant: 6 casos. origen social<br>\u00b7 Utiel: 7 casos. origen social<br>\u00b7 Paterna: 4 casos. origen social<br>\u00b7 Val\u00e8ncia: 3 casos. origen social<br>\u00b7 Val\u00e8ncia: 3 casos. origen social<br>\u00b7 Val\u00e8ncia: 3 casos. origen social<br>\u00b7 Callosa d&#8217;en Sarri\u00e0: 7 casos. origen social<br>\u00b7 Benidorm: 5 casos. origen social<br>\u00b7 La Vila Joiosa: 5 casos. origen social<br>\u00b7 L&#8217;Alf\u00e0s del Pi: 4 casos. origen social<br>\u00b7 Sant Vicen\u00e7 de l&#8217;Raspeig: 36 casos. origen social<br>\u00b7 Polop: 3 casos. origen social<\/p>\n","protected":false},"excerpt":{"rendered":"<div class=\"mh-excerpt\">Per prov\u00edncies, la distribuci\u00f3 de nous positius \u00e9s la seg\u00fcent: 234 a Castell\u00f3, 1.469 a Alacant i 580 en la prov\u00edncia de Val\u00e8ncia Els hospitals valencians mantenen ingressades a un total de 2.752 persones La <a class=\"mh-excerpt-more\" href=\"https:\/\/tucomarca.whitekongsoftware.com\/ca\/sanitat-registra-2-283-nous-casos-de-coronavirus-i-2-752-persones-segueixen-ingressades-als-hospitals-valencians\/\" title=\"Sanitat registra 2.283 nous casos de coronavirus i 2.752 persones segueixen ingressades als hospitals valencians\">[+] <\/a><\/div>\n","protected":false},"author":12,"featured_media":123596,"comment_status":"open","ping_status":"open","sticky":false,"template":"","format":"standard","meta":{"footnotes":""},"categories":[11010,12202,10898,10948,10894,10904,10903,10947,10909,10896,10897,11059],"tags":[12165,11939,11940,11174],"class_list":["post-123597","post","type-post","status-publish","format-standard","has-post-thumbnail","category-canal-salud","category-covid-19-ca","category-ventana-ca","category-infraestructuras-ca","category-la-comarca-ca","category-sin-categorizar-ca","category-medio-ambiente-la-comarca-ca","category-politica","category-requena-utiel-ca","category-seccion-ca","category-sucesos-la-comarca-ca","category-utiel-ca","tag-conselleria-de-sanitat-ca","tag-coronavirus-ca","tag-covid-19-ca","tag-utiel-ca"],"_links":{"self":[{"href":"https:\/\/tucomarca.whitekongsoftware.com\/ca\/wp-json\/wp\/v2\/posts\/123597","targetHints":{"allow":["GET"]}}],"collection":[{"href":"https:\/\/tucomarca.whitekongsoftware.com\/ca\/wp-json\/wp\/v2\/posts"}],"about":[{"href":"https:\/\/tucomarca.whitekongsoftware.com\/ca\/wp-json\/wp\/v2\/types\/post"}],"author":[{"embeddable":true,"href":"https:\/\/tucomarca.whitekongsoftware.com\/ca\/wp-json\/wp\/v2\/users\/12"}],"replies":[{"embeddable":true,"href":"https:\/\/tucomarca.whitekongsoftware.com\/ca\/wp-json\/wp\/v2\/comments?post=123597"}],"version-history":[{"count":0,"href":"https:\/\/tucomarca.whitekongsoftware.com\/ca\/wp-json\/wp\/v2\/posts\/123597\/revisions"}],"wp:featuredmedia":[{"embeddable":true,"href":"https:\/\/tucomarca.whitekongsoftware.com\/ca\/wp-json\/wp\/v2\/media\/123596"}],"wp:attachment":[{"href":"https:\/\/tucomarca.whitekongsoftware.com\/ca\/wp-json\/wp\/v2\/media?parent=123597"}],"wp:term":[{"taxonomy":"category","embeddable":true,"href":"https:\/\/tucomarca.whitekongsoftware.com\/ca\/wp-json\/wp\/v2\/categories?post=123597"},{"taxonomy":"post_tag","embeddable":true,"href":"https:\/\/tucomarca.whitekongsoftware.com\/ca\/wp-json\/wp\/v2\/tags?post=123597"}],"curies":[{"name":"wp","href":"https:\/\/api.w.org\/{rel}","templated":true}]}}