{"id":123573,"date":"2021-01-11T09:55:00","date_gmt":"2021-01-11T08:55:00","guid":{"rendered":"http:\/\/www.tucomarca.com\/wordpress\/segunda\/?p=123573"},"modified":"2021-01-11T21:53:47","modified_gmt":"2021-01-11T20:53:47","slug":"filomena-no-causa-danys-en-la-major-part-dels-cultius-i-nomes-deixa-alguns-puntuals-al-litoral-i-la-ramaderia-segons-la-unio","status":"publish","type":"post","link":"https:\/\/tucomarca.whitekongsoftware.com\/ca\/filomena-no-causa-danys-en-la-major-part-dels-cultius-i-nomes-deixa-alguns-puntuals-al-litoral-i-la-ramaderia-segons-la-unio\/","title":{"rendered":"Filomena no causa danys en la major part dels cultius i nom\u00e9s deixa alguns puntuals al litoral i la ramaderia, segons La Uni\u00f3"},"content":{"rendered":"\n<p class=\"wp-block-paragraph\">La Uni\u00f3 de Llauradors indica que la borrasca Filomena deixa de moment una part molt positiva per a la major part dels cultius, fonamentalment els d&#8217;interior, i alguns danys puntuals en els cultius de litoral i certs problemes per a la ramaderia de la Comunitat Valenciana.<\/p>\n\n\n\n<p class=\"wp-block-paragraph\">En l\u00ednies generals, el temporal ha resultat benefici\u00f3s per a gaireb\u00e9 tots els cultius i per a la ramaderia perqu\u00e8 suposa per als primers un estalvi de regs, un increment de les reserves h\u00eddriques, netejar els arbres davant de possibles plagues i l&#8217;acumulaci\u00f3 necess\u00e0ria d&#8217;hores de fred a aquesta fase hivernal per als cultius d&#8217;interior, aix\u00ed com un augment de les pastures per al cas de la ramaderia extensiva tot i que ara per la neu resulta dificult\u00f3s per\u00f2 ser\u00e0 positiu per al futur.<\/p>\n\n\n\n<p class=\"wp-block-paragraph\">A les zones litorals ha gelat de forma puntual en algunes zones, cultius d&#8217;hortalisses (m\u00e9s sensibles) o c\u00edtrics, per\u00f2 no han estat generalitzades i per tant els danys s\u00f3n bastant excepcionals. En els c\u00edtrics servir\u00e0 m\u00e9s aviat perqu\u00e8 algunes varietats engreixin el calibre.<\/p>\n\n\n\n<p class=\"wp-block-paragraph\">Per a la ramaderia, els efectes s\u00ed que han estat m\u00e9s negatius en aquelles zones on m\u00e9s neu s&#8217;ha acumulat, a causa dels problemes d&#8217;acc\u00e9s a alguna granja, el trencament d&#8217;infraestructures per la gran quantitat de neu i dels pletes o tancats en ramaderia extensiva en zones de muntanya. Per aix\u00f2 \u00faltim, La Uni\u00f3 ha proposat en diverses ocasions que els ajuntaments propietaris de terra destinada a pastures p\u00fabliques amb destinaci\u00f3 a la ramaderia extensiva habilitin pletes on les persones pastores puguin recollir el bestiar a la nit o en moments cr\u00edtics per als animals, com ha passat ara amb Filomena.<\/p>\n\n\n\n<p class=\"wp-block-paragraph\">La Uni\u00f3 indica que preocupa molt m\u00e9s la previsi\u00f3 de fred anticicl\u00f2nic i baixes temperatures que es ve anunciant per als propers dies i que \u00e9s el que provoca les gelades nocturnes, ja que pot tenir uns efectes molt m\u00e9s negatius en els cultius que els ocasionats per fins ara per les nevades de l&#8217;temporal Filomena. Tamb\u00e9 la neu convertida en gel podria provocar el trencament dels sostres d&#8217;algunes granges.<\/p>\n\n\n\n<p class=\"wp-block-paragraph\">L&#8217;organitzaci\u00f3 agr\u00e0ria vol destacar un cop m\u00e9s la feina exemplar de les persones agricultores i ramaderes que han tornat a estar a l&#8217;altura de les circumst\u00e0ncies a l&#8217;treure les seves tractors i maquin\u00e0ria per ajudar a pal\u00b7liar els efectes de les nevades. Informa, <strong>Luis Ib\u00e1\u00f1ez.<\/strong><\/p>\n","protected":false},"excerpt":{"rendered":"<div class=\"mh-excerpt\">La Uni\u00f3 de Llauradors indica que la borrasca Filomena deixa de moment una part molt positiva per a la major part dels cultius, fonamentalment els d&#8217;interior, i alguns danys puntuals en els cultius de litoral <a class=\"mh-excerpt-more\" href=\"https:\/\/tucomarca.whitekongsoftware.com\/ca\/filomena-no-causa-danys-en-la-major-part-dels-cultius-i-nomes-deixa-alguns-puntuals-al-litoral-i-la-ramaderia-segons-la-unio\/\" title=\"Filomena no causa danys en la major part dels cultius i nom\u00e9s deixa alguns puntuals al litoral i la ramaderia, segons La Uni\u00f3\">[+] <\/a><\/div>\n","protected":false},"author":12,"featured_media":123572,"comment_status":"open","ping_status":"open","sticky":false,"template":"","format":"standard","meta":{"footnotes":""},"categories":[10890,10905,10951,10892,11985,11046,10898,10948,10963,10894,10904,10912,10902,10909,10896,10897],"tags":[11309,13472,12228],"class_list":["post-123573","post","type-post","status-publish","format-standard","has-post-thumbnail","category-ademus","category-agricultura-la-comarca-ca","category-ayora-cofrentes-ca","category-camp-de-turia-ca","category-el-tiempo-ca","category-los-serranos-ca","category-ventana-ca","category-infraestructuras-ca","category-la-canal-de-navarres-ca","category-la-comarca-ca","category-sin-categorizar-ca","category-la-hoya-ca","category-la-ribera-ca","category-requena-utiel-ca","category-seccion-ca","category-sucesos-la-comarca-ca","tag-agricultura-ca","tag-filomena-ca","tag-unio-de-llauradors-i-ramaders-ca"],"_links":{"self":[{"href":"https:\/\/tucomarca.whitekongsoftware.com\/ca\/wp-json\/wp\/v2\/posts\/123573","targetHints":{"allow":["GET"]}}],"collection":[{"href":"https:\/\/tucomarca.whitekongsoftware.com\/ca\/wp-json\/wp\/v2\/posts"}],"about":[{"href":"https:\/\/tucomarca.whitekongsoftware.com\/ca\/wp-json\/wp\/v2\/types\/post"}],"author":[{"embeddable":true,"href":"https:\/\/tucomarca.whitekongsoftware.com\/ca\/wp-json\/wp\/v2\/users\/12"}],"replies":[{"embeddable":true,"href":"https:\/\/tucomarca.whitekongsoftware.com\/ca\/wp-json\/wp\/v2\/comments?post=123573"}],"version-history":[{"count":0,"href":"https:\/\/tucomarca.whitekongsoftware.com\/ca\/wp-json\/wp\/v2\/posts\/123573\/revisions"}],"wp:featuredmedia":[{"embeddable":true,"href":"https:\/\/tucomarca.whitekongsoftware.com\/ca\/wp-json\/wp\/v2\/media\/123572"}],"wp:attachment":[{"href":"https:\/\/tucomarca.whitekongsoftware.com\/ca\/wp-json\/wp\/v2\/media?parent=123573"}],"wp:term":[{"taxonomy":"category","embeddable":true,"href":"https:\/\/tucomarca.whitekongsoftware.com\/ca\/wp-json\/wp\/v2\/categories?post=123573"},{"taxonomy":"post_tag","embeddable":true,"href":"https:\/\/tucomarca.whitekongsoftware.com\/ca\/wp-json\/wp\/v2\/tags?post=123573"}],"curies":[{"name":"wp","href":"https:\/\/api.w.org\/{rel}","templated":true}]}}