{"id":123543,"date":"2021-01-11T10:05:00","date_gmt":"2021-01-11T09:05:00","guid":{"rendered":"http:\/\/www.tucomarca.com\/wordpress\/segunda\/?p=123543"},"modified":"2021-01-11T19:02:24","modified_gmt":"2021-01-11T18:02:24","slug":"el-pp-mostra-el-seu-suport-a-les-mesures-sanitaries-adoptades-a-bunyol-davant-de-lagreujament-de-la-pandemia-a-la-localitat","status":"publish","type":"post","link":"https:\/\/tucomarca.whitekongsoftware.com\/ca\/el-pp-mostra-el-seu-suport-a-les-mesures-sanitaries-adoptades-a-bunyol-davant-de-lagreujament-de-la-pandemia-a-la-localitat\/","title":{"rendered":"El PP mostra el seu suport a les mesures sanit\u00e0ries adoptades a Bunyol davant de l&#8217;agreujament de la pand\u00e8mia a la localitat"},"content":{"rendered":"\n<p class=\"wp-block-paragraph\">&#8220;Aquests dies els Populars de Bu\u00f1ol hem mantingut el contacte amb els diferents col\u00b7lectius del poble, com amb els portaveus d&#8217;altres grups pol\u00edtics. Davant de la gravetat de la situaci\u00f3 hem mostrat el nostre suport a les mesures sanit\u00e0ries necess\u00e0ries per a detindre l&#8217;expansi\u00f3 del virus a Bunyol.<\/p>\n\n\n\n<p class=\"wp-block-paragraph\">D&#8217;una banda, a causa de la situaci\u00f3 meteorol\u00f2gica i epidemiol\u00f2gica considerem que haguera sigut oport\u00fa com a mesura de la suspensi\u00f3 de les classes el dia 7 i 8 de gener. A m\u00e9s, el dissabte demanem la suspensi\u00f3 de les classes el dilluns 11 i dimarts 12 com a mesura de prevenci\u00f3 i contenci\u00f3 del virus, agreujat per les condicions metereol\u00f3gicas tan adverses a les que es veuen exposats els xiquets i xiquetes i les persones de risc que cuiden d&#8217;ells.<\/p>\n\n\n\n<p class=\"wp-block-paragraph\">D&#8217;altra banda, el grup Popular veu necessari millorar la comunicaci\u00f3 de l&#8217;ajuntament i la coordinaci\u00f3 amb la Generalitat Valenciana. A causa de la confusi\u00f3 i incertesa que tenen molts ciutadans del nostre poble s&#8217;han de donar dades precises. S&#8217;ha de saber amb claredat la situaci\u00f3 del nostre poble per a poder desenrotllar la labor econ\u00f2mica i social, respectant sempre les mesures de seguretat, amb convicci\u00f3 i sense temors excessius.<\/p>\n\n\n\n<p class=\"wp-block-paragraph\">Per tot aix\u00f2 i, especialment si es fa efectiu el tancament perimetral, tenen la nostra m\u00e0 estesa per a qualsevol necessitat en estos moments tan cr\u00edtics&#8221;.<\/p>\n","protected":false},"excerpt":{"rendered":"<div class=\"mh-excerpt\">&#8220;Aquests dies els Populars de Bu\u00f1ol hem mantingut el contacte amb els diferents col\u00b7lectius del poble, com amb els portaveus d&#8217;altres grups pol\u00edtics. Davant de la gravetat de la situaci\u00f3 hem mostrat el nostre suport <a class=\"mh-excerpt-more\" href=\"https:\/\/tucomarca.whitekongsoftware.com\/ca\/el-pp-mostra-el-seu-suport-a-les-mesures-sanitaries-adoptades-a-bunyol-davant-de-lagreujament-de-la-pandemia-a-la-localitat\/\" title=\"El PP mostra el seu suport a les mesures sanit\u00e0ries adoptades a Bunyol davant de l&#8217;agreujament de la pand\u00e8mia a la localitat\">[+] <\/a><\/div>\n","protected":false},"author":12,"featured_media":101612,"comment_status":"open","ping_status":"open","sticky":false,"template":"","format":"standard","meta":{"footnotes":""},"categories":[10911,12202,10894,10912,10947,10896],"tags":[10913,11939,11940,10914,11686],"class_list":["post-123543","post","type-post","status-publish","format-standard","has-post-thumbnail","category-bunol-ca","category-covid-19-ca","category-la-comarca-ca","category-la-hoya-ca","category-politica","category-seccion-ca","tag-bunol-ca","tag-coronavirus-ca","tag-covid-19-ca","tag-la-hoya-de-bunol-chiva-ca","tag-pp-bunol-ca"],"_links":{"self":[{"href":"https:\/\/tucomarca.whitekongsoftware.com\/ca\/wp-json\/wp\/v2\/posts\/123543","targetHints":{"allow":["GET"]}}],"collection":[{"href":"https:\/\/tucomarca.whitekongsoftware.com\/ca\/wp-json\/wp\/v2\/posts"}],"about":[{"href":"https:\/\/tucomarca.whitekongsoftware.com\/ca\/wp-json\/wp\/v2\/types\/post"}],"author":[{"embeddable":true,"href":"https:\/\/tucomarca.whitekongsoftware.com\/ca\/wp-json\/wp\/v2\/users\/12"}],"replies":[{"embeddable":true,"href":"https:\/\/tucomarca.whitekongsoftware.com\/ca\/wp-json\/wp\/v2\/comments?post=123543"}],"version-history":[{"count":0,"href":"https:\/\/tucomarca.whitekongsoftware.com\/ca\/wp-json\/wp\/v2\/posts\/123543\/revisions"}],"wp:featuredmedia":[{"embeddable":true,"href":"https:\/\/tucomarca.whitekongsoftware.com\/ca\/wp-json\/wp\/v2\/media\/101612"}],"wp:attachment":[{"href":"https:\/\/tucomarca.whitekongsoftware.com\/ca\/wp-json\/wp\/v2\/media?parent=123543"}],"wp:term":[{"taxonomy":"category","embeddable":true,"href":"https:\/\/tucomarca.whitekongsoftware.com\/ca\/wp-json\/wp\/v2\/categories?post=123543"},{"taxonomy":"post_tag","embeddable":true,"href":"https:\/\/tucomarca.whitekongsoftware.com\/ca\/wp-json\/wp\/v2\/tags?post=123543"}],"curies":[{"name":"wp","href":"https:\/\/api.w.org\/{rel}","templated":true}]}}