{"id":123512,"date":"2021-01-11T10:22:00","date_gmt":"2021-01-11T09:22:00","guid":{"rendered":"http:\/\/www.tucomarca.com\/wordpress\/segunda\/?p=123512"},"modified":"2021-01-11T11:24:38","modified_gmt":"2021-01-11T10:24:38","slug":"el-llogaret-utielana-de-la-torre-registra-una-minima-de-86","status":"publish","type":"post","link":"https:\/\/tucomarca.whitekongsoftware.com\/ca\/el-llogaret-utielana-de-la-torre-registra-una-minima-de-86\/","title":{"rendered":"El llogaret utiel\u00e0 de la Torre registra una m\u00ednima de -8,6 \u00b0"},"content":{"rendered":"\n<p class=\"wp-block-paragraph\">La comarca Requena-Utiel ha tornat a registrar gelades intenses durant la passada matinada i les m\u00e9s destacades s&#8217;han registrat en els municipis de nord-oest.<\/p>\n\n\n\n<p class=\"wp-block-paragraph\">Concretament la pedania de la Torre, al municipi d&#8217;Utiel, ha registrat una m\u00ednima de -8,6 \u00b0 i Fuenterrobles de -7,3 \u00b0; segons dades de l&#8217;Associaci\u00f3 Valenciana de Meteorologia.<\/p>\n\n\n\n<p class=\"wp-block-paragraph\">El cel est\u00e0 clar, per la qual cosa, les temperatures entraran en valors positius en les pr\u00f2ximes hores. Informa, <strong>Luis Ib\u00e1\u00f1ez<\/strong>.<\/p>\n","protected":false},"excerpt":{"rendered":"<div class=\"mh-excerpt\">La comarca Requena-Utiel ha tornat a registrar gelades intenses durant la passada matinada i les m\u00e9s destacades s&#8217;han registrat en els municipis de nord-oest. Concretament la pedania de la Torre, al municipi d&#8217;Utiel, ha registrat <a class=\"mh-excerpt-more\" href=\"https:\/\/tucomarca.whitekongsoftware.com\/ca\/el-llogaret-utielana-de-la-torre-registra-una-minima-de-86\/\" title=\"El llogaret utiel\u00e0 de la Torre registra una m\u00ednima de -8,6 \u00b0\">[+] <\/a><\/div>\n","protected":false},"author":1,"featured_media":123114,"comment_status":"open","ping_status":"open","sticky":false,"template":"","format":"standard","meta":{"footnotes":""},"categories":[10898,10948,10894,10904,10903,10909,10896,10897,11059],"tags":[13472,13453,11257],"class_list":["post-123512","post","type-post","status-publish","format-standard","has-post-thumbnail","category-ventana-ca","category-infraestructuras-ca","category-la-comarca-ca","category-sin-categorizar-ca","category-medio-ambiente-la-comarca-ca","category-requena-utiel-ca","category-seccion-ca","category-sucesos-la-comarca-ca","category-utiel-ca","tag-filomena-ca","tag-nieves-ca","tag-temporal-ca"],"_links":{"self":[{"href":"https:\/\/tucomarca.whitekongsoftware.com\/ca\/wp-json\/wp\/v2\/posts\/123512","targetHints":{"allow":["GET"]}}],"collection":[{"href":"https:\/\/tucomarca.whitekongsoftware.com\/ca\/wp-json\/wp\/v2\/posts"}],"about":[{"href":"https:\/\/tucomarca.whitekongsoftware.com\/ca\/wp-json\/wp\/v2\/types\/post"}],"author":[{"embeddable":true,"href":"https:\/\/tucomarca.whitekongsoftware.com\/ca\/wp-json\/wp\/v2\/users\/1"}],"replies":[{"embeddable":true,"href":"https:\/\/tucomarca.whitekongsoftware.com\/ca\/wp-json\/wp\/v2\/comments?post=123512"}],"version-history":[{"count":0,"href":"https:\/\/tucomarca.whitekongsoftware.com\/ca\/wp-json\/wp\/v2\/posts\/123512\/revisions"}],"wp:featuredmedia":[{"embeddable":true,"href":"https:\/\/tucomarca.whitekongsoftware.com\/ca\/wp-json\/wp\/v2\/media\/123114"}],"wp:attachment":[{"href":"https:\/\/tucomarca.whitekongsoftware.com\/ca\/wp-json\/wp\/v2\/media?parent=123512"}],"wp:term":[{"taxonomy":"category","embeddable":true,"href":"https:\/\/tucomarca.whitekongsoftware.com\/ca\/wp-json\/wp\/v2\/categories?post=123512"},{"taxonomy":"post_tag","embeddable":true,"href":"https:\/\/tucomarca.whitekongsoftware.com\/ca\/wp-json\/wp\/v2\/tags?post=123512"}],"curies":[{"name":"wp","href":"https:\/\/api.w.org\/{rel}","templated":true}]}}