{"id":123508,"date":"2021-01-10T19:58:00","date_gmt":"2021-01-10T18:58:00","guid":{"rendered":"http:\/\/www.tucomarca.com\/wordpress\/segunda\/?p=123508"},"modified":"2021-01-10T20:33:10","modified_gmt":"2021-01-10T19:33:10","slug":"dotze-pobles-de-valencia-no-tindran-classes-aquest-dilluns","status":"publish","type":"post","link":"https:\/\/tucomarca.whitekongsoftware.com\/ca\/dotze-pobles-de-valencia-no-tindran-classes-aquest-dilluns\/","title":{"rendered":"Dotze pobles de Val\u00e8ncia no tindran classes aquest dilluns"},"content":{"rendered":"\n<p class=\"wp-block-paragraph\"><strong>Municipis que no t\u00e9 classe aquest dilluns a Val\u00e8ncia<\/strong>:<\/p>\n\n\n\n<p class=\"wp-block-paragraph\">A la prov\u00edncia de Val\u00e8ncia, fins al moment, han estat 12 els ajuntaments que han notificat que aquest dilluns no hi haur\u00e0 classes: Adem\u00fas, Algemes\u00ed, Almussafes, Benifai\u00f3, Camporrobles, Caudete de les Fonts, Xera, Fuenterrobles, Requena, Sollana, Utiel i Venda de l&#8217;Moro. La mesura afecta uns 14.600 alumnes.<\/p>\n","protected":false},"excerpt":{"rendered":"<div class=\"mh-excerpt\">Municipis que no t\u00e9 classe aquest dilluns a Val\u00e8ncia: A la prov\u00edncia de Val\u00e8ncia, fins al moment, han estat 12 els ajuntaments que han notificat que aquest dilluns no hi haur\u00e0 classes: Adem\u00fas, Algemes\u00ed, Almussafes, <a class=\"mh-excerpt-more\" href=\"https:\/\/tucomarca.whitekongsoftware.com\/ca\/dotze-pobles-de-valencia-no-tindran-classes-aquest-dilluns\/\" title=\"Dotze pobles de Val\u00e8ncia no tindran classes aquest dilluns\">[+] <\/a><\/div>\n","protected":false},"author":1,"featured_media":123313,"comment_status":"open","ping_status":"open","sticky":false,"template":"","format":"standard","meta":{"footnotes":""},"categories":[10926,10890,10983,10987,11031,11054,10898,10948,10894,10904,10902,10947,10908,10909,10896,10897,11059,11060],"tags":[11097,13485,11077,10910],"class_list":["post-123508","post","type-post","status-publish","format-standard","has-post-thumbnail","category-ademus-ca","category-ademus","category-algemesi-ca","category-benifaio-ca","category-camporrobles-ca","category-chera-ca","category-ventana-ca","category-infraestructuras-ca","category-la-comarca-ca","category-sin-categorizar-ca","category-la-ribera-ca","category-politica","category-requena-ca","category-requena-utiel-ca","category-seccion-ca","category-sucesos-la-comarca-ca","category-utiel-ca","category-venta-del-moro-ca","tag-ademuz-ca","tag-clases-ca","tag-la-ribera-alta-ca","tag-requena-utiel-ca"],"_links":{"self":[{"href":"https:\/\/tucomarca.whitekongsoftware.com\/ca\/wp-json\/wp\/v2\/posts\/123508","targetHints":{"allow":["GET"]}}],"collection":[{"href":"https:\/\/tucomarca.whitekongsoftware.com\/ca\/wp-json\/wp\/v2\/posts"}],"about":[{"href":"https:\/\/tucomarca.whitekongsoftware.com\/ca\/wp-json\/wp\/v2\/types\/post"}],"author":[{"embeddable":true,"href":"https:\/\/tucomarca.whitekongsoftware.com\/ca\/wp-json\/wp\/v2\/users\/1"}],"replies":[{"embeddable":true,"href":"https:\/\/tucomarca.whitekongsoftware.com\/ca\/wp-json\/wp\/v2\/comments?post=123508"}],"version-history":[{"count":0,"href":"https:\/\/tucomarca.whitekongsoftware.com\/ca\/wp-json\/wp\/v2\/posts\/123508\/revisions"}],"wp:featuredmedia":[{"embeddable":true,"href":"https:\/\/tucomarca.whitekongsoftware.com\/ca\/wp-json\/wp\/v2\/media\/123313"}],"wp:attachment":[{"href":"https:\/\/tucomarca.whitekongsoftware.com\/ca\/wp-json\/wp\/v2\/media?parent=123508"}],"wp:term":[{"taxonomy":"category","embeddable":true,"href":"https:\/\/tucomarca.whitekongsoftware.com\/ca\/wp-json\/wp\/v2\/categories?post=123508"},{"taxonomy":"post_tag","embeddable":true,"href":"https:\/\/tucomarca.whitekongsoftware.com\/ca\/wp-json\/wp\/v2\/tags?post=123508"}],"curies":[{"name":"wp","href":"https:\/\/api.w.org\/{rel}","templated":true}]}}