{"id":123473,"date":"2021-01-10T16:00:00","date_gmt":"2021-01-10T15:00:00","guid":{"rendered":"http:\/\/www.tucomarca.com\/wordpress\/segunda\/?p=123473"},"modified":"2021-01-10T16:34:01","modified_gmt":"2021-01-10T15:34:01","slug":"lajuntament-de-benaguasil-insta-la-conselleria-de-sanitat-a-aportar-dades-reals-sobre-els-casos-de-covid-19-al-municipi","status":"publish","type":"post","link":"https:\/\/tucomarca.whitekongsoftware.com\/ca\/lajuntament-de-benaguasil-insta-la-conselleria-de-sanitat-a-aportar-dades-reals-sobre-els-casos-de-covid-19-al-municipi\/","title":{"rendered":"L&#8217;Ajuntament de Benaguasil insta la Conselleria de Sanitat a &#8220;aportar dades reals&#8221; sobre els casos de Covid-19 al municipi"},"content":{"rendered":"\n<p class=\"wp-block-paragraph\">El govern municipal es va reunir ahir dissabte de forma urgent per coordinar les accions despr\u00e9s que circularan dades no oficials adjudicats a organismes sanitaris que contradiuen les dades publicades al web de la Generalitat Valenciana.<\/p>\n\n\n\n<p class=\"wp-block-paragraph\">A la vesprada d&#8217;ahir, van comen\u00e7ar a circular missatges a la poblaci\u00f3 que feien refer\u00e8ncia a dades de l&#8217;daIBI (sistema d&#8217;informaci\u00f3 propi de el Departament de Salut) que indicaven que les taxes d&#8217;incid\u00e8ncies acumulades de diverses localitats entre les que es troba Benaguasil, no corresponien amb la publicada al web http:\/\/coronavirus.san.gva.es\/es\/estadisticas.<\/p>\n\n\n\n<p class=\"wp-block-paragraph\">Despr\u00e9s de la reuni\u00f3 mantinguda per tots els regidors i regidores de govern municipal de Benaguasil es van enviar escrits dirigits a la Presid\u00e8ncia de la Generalitat ia secret\u00e0ria auton\u00f2mica de Sanitat per a sol\u00b7licitar una reuni\u00f3 presencial o telem\u00e0tica urgent per contrastar les informacions i con\u00e8ixer de forma clara els casos de COVID-19 a Benaguasil.<\/p>\n\n\n\n<p class=\"wp-block-paragraph\">En l&#8217;escrit rem\u00e8s a la Generalitat Valenciana es fa refer\u00e8ncia als casos actuals publicats al web en data 2021.01.07, 34 casos PCR + i una incid\u00e8ncia de 309,43.<\/p>\n\n\n\n<p class=\"wp-block-paragraph\">Segons recull l&#8217;escrit l&#8217;Ajuntament de Benaguasil insta la Generalitat Valenciana a informar dels casos reals o a desmentir aquestes informacions ja que de no ser aix\u00ed es produiria una situaci\u00f3 inaudita davant unes dades publicades que serien irreals.<\/p>\n\n\n\n<p class=\"wp-block-paragraph\">En paraules de l&#8217;alcalde Ximo Segarra, &#8220;la Conselleria de Sanitat no pot actuar d&#8217;esquena als ajuntaments i portem 9 mesos reclamant ser coneixedors de les dades reals en els nostres municipis. Benaguasil ha estat de les primeres localitats en sol\u00b7licitar aquesta informaci\u00f3, en posar-se a disposici\u00f3 per ajudar i per rebre ajuda. Hem comunicat casos detectats gr\u00e0cies a la col\u00b7laboraci\u00f3 ciutadana per\u00f2 ens trobem davant d&#8217;un flux d&#8217;informacions i ning\u00fa ens diu res al respecte&#8221;.<\/p>\n\n\n\n<p class=\"wp-block-paragraph\">La regidora de Sanitat Al\u00edcia Molina apunta tamb\u00e9 que, &#8220;som coneixedors de forma no oficial que el Centre de Salut de Benaguasil porta intenci\u00f3 de modificar la prestaci\u00f3 de certs serveis com les extraccions de sang per\u00f2 aquesta \u00e9s l&#8217;hora que no sabem res de manera oficial &#8220;.<\/p>\n\n\n\n<p class=\"wp-block-paragraph\">L&#8217;Ajuntament de Benaguasil va informar ahir a trav\u00e9s dels canals d&#8217;informaci\u00f3 oficials de les gestions dutes a terme i diversos ajuntaments s&#8217;han posat en contacte amb la regidoria de sanitat per a sol\u00b7licitar la mateixa informaci\u00f3 a la Generalitat Valenciana.<\/p>\n","protected":false},"excerpt":{"rendered":"<div class=\"mh-excerpt\">El govern municipal es va reunir ahir dissabte de forma urgent per coordinar les accions despr\u00e9s que circularan dades no oficials adjudicats a organismes sanitaris que contradiuen les dades publicades al web de la Generalitat <a class=\"mh-excerpt-more\" href=\"https:\/\/tucomarca.whitekongsoftware.com\/ca\/lajuntament-de-benaguasil-insta-la-conselleria-de-sanitat-a-aportar-dades-reals-sobre-els-casos-de-covid-19-al-municipi\/\" title=\"L&#8217;Ajuntament de Benaguasil insta la Conselleria de Sanitat a &#8220;aportar dades reals&#8221; sobre els casos de Covid-19 al municipi\">[+] <\/a><\/div>\n","protected":false},"author":12,"featured_media":123472,"comment_status":"open","ping_status":"open","sticky":false,"template":"","format":"standard","meta":{"footnotes":""},"categories":[10952,10892,11010,12202,10948,10894,10947,10896,10897],"tags":[11136,10899,11939,11940],"class_list":["post-123473","post","type-post","status-publish","format-standard","has-post-thumbnail","category-benaguasil-ca","category-camp-de-turia-ca","category-canal-salud","category-covid-19-ca","category-infraestructuras-ca","category-la-comarca-ca","category-politica","category-seccion-ca","category-sucesos-la-comarca-ca","tag-benaguasil-ca","tag-camp-de-turia-ca","tag-coronavirus-ca","tag-covid-19-ca"],"_links":{"self":[{"href":"https:\/\/tucomarca.whitekongsoftware.com\/ca\/wp-json\/wp\/v2\/posts\/123473","targetHints":{"allow":["GET"]}}],"collection":[{"href":"https:\/\/tucomarca.whitekongsoftware.com\/ca\/wp-json\/wp\/v2\/posts"}],"about":[{"href":"https:\/\/tucomarca.whitekongsoftware.com\/ca\/wp-json\/wp\/v2\/types\/post"}],"author":[{"embeddable":true,"href":"https:\/\/tucomarca.whitekongsoftware.com\/ca\/wp-json\/wp\/v2\/users\/12"}],"replies":[{"embeddable":true,"href":"https:\/\/tucomarca.whitekongsoftware.com\/ca\/wp-json\/wp\/v2\/comments?post=123473"}],"version-history":[{"count":0,"href":"https:\/\/tucomarca.whitekongsoftware.com\/ca\/wp-json\/wp\/v2\/posts\/123473\/revisions"}],"wp:featuredmedia":[{"embeddable":true,"href":"https:\/\/tucomarca.whitekongsoftware.com\/ca\/wp-json\/wp\/v2\/media\/123472"}],"wp:attachment":[{"href":"https:\/\/tucomarca.whitekongsoftware.com\/ca\/wp-json\/wp\/v2\/media?parent=123473"}],"wp:term":[{"taxonomy":"category","embeddable":true,"href":"https:\/\/tucomarca.whitekongsoftware.com\/ca\/wp-json\/wp\/v2\/categories?post=123473"},{"taxonomy":"post_tag","embeddable":true,"href":"https:\/\/tucomarca.whitekongsoftware.com\/ca\/wp-json\/wp\/v2\/tags?post=123473"}],"curies":[{"name":"wp","href":"https:\/\/api.w.org\/{rel}","templated":true}]}}