{"id":123432,"date":"2021-01-09T14:30:00","date_gmt":"2021-01-09T13:30:00","guid":{"rendered":"http:\/\/www.tucomarca.com\/wordpress\/segunda\/?p=123432"},"modified":"2021-01-09T20:54:07","modified_gmt":"2021-01-09T19:54:07","slug":"la-diputacio-collabora-amb-el-collegi-de-farmaceutics-de-valencia-en-el-repartiment-de-medicaments-durant-el-temporal","status":"publish","type":"post","link":"https:\/\/tucomarca.whitekongsoftware.com\/ca\/la-diputacio-collabora-amb-el-collegi-de-farmaceutics-de-valencia-en-el-repartiment-de-medicaments-durant-el-temporal\/","title":{"rendered":"La Diputaci\u00f3 col\u00b7labora amb el Col\u00b7legi de Farmac\u00e8utics de Val\u00e8ncia en el repartiment de medicaments durant el temporal"},"content":{"rendered":"\n<p class=\"wp-block-paragraph\">Les brigades forestals de la Diputaci\u00f3 de Val\u00e8ncia han realitzat les primeres mobilitzacions per a fer arribar medicaments a farm\u00e0cies rurals amb problemes de subministrament pel temporalFilomena.<\/p>\n\n\n\n<p class=\"wp-block-paragraph\">Als serveis realitzats ja en municipis dels Serrans com La Yesa, Titaguas i Aras de los Olmos, podran sumar-se nous lliuraments en les pr\u00f2ximes hores gr\u00e0cies a la col\u00b7laboraci\u00f3 entre Divalterra i el Col\u00b7legi Oficial de Farmac\u00e8utics de Val\u00e8ncia.<\/p>\n\n\n\n<p class=\"wp-block-paragraph\">Aix\u00ed, els brigadistes facilitaran la log\u00edstica perqu\u00e8 la poblaci\u00f3 dels municipis afectats puga accedir als medicaments a trav\u00e9s de les farm\u00e0cies en zones despoblades.<\/p>\n\n\n\n<p class=\"wp-block-paragraph\">Ramiro Rivera, diputat de Desenvolupament Rural i Pol\u00edtiques contra laDespoblaci\u00f3, ha destacat \u201cel paper de les brigades de Divalterra, que s\u00f3nm\u00e9s conegudes per la seua labor de prevenci\u00f3 d&#8217;incendis forestals, per\u00f2 que presten servei tamb\u00e9 en emerg\u00e8ncies relacionades amb fen\u00f2mens meteorol\u00f2gics adversos, com este temporal que est\u00e0 ocasionant nevadesa l&#8217;interior de la prov\u00edncia\u201d.<\/p>\n\n\n\n<p class=\"wp-block-paragraph\">Per part seua, el president del Molt Il\u00b7lustre Col\u00b7legi Oficial deFarmac\u00e8utics de Val\u00e8ncia, Jaime Giner, ha valorat \u201cmolt positivamentl&#8217;actuaci\u00f3 coordinada amb la Diputaci\u00f3 de Val\u00e8ncia perqu\u00e8 d&#8217;esta manera es garantir\u00e0 l&#8217;atenci\u00f3 farmac\u00e8utica en els municipis que presenten m\u00e9sdificultats de subministrament\u201d.<\/p>\n\n\n\n<p class=\"wp-block-paragraph\">En este&nbsp;sentit, Giner destaca el \u201cpaper fonamental de les farm\u00e0ciesrurals, que en molts casos s\u00f3n l&#8217;\u00fanic recurs assistencial existent en municipis que a m\u00e9s de tindre un dif\u00edcil acc\u00e9s, compten amb una poblaci\u00f3envellida\u201d i ha volgut \u201cposar en valor el sacrifici d&#8217;estos professionals que malgrat tindre dificultats econ\u00f2miques, en moltes ocasions, mantenen les seues farm\u00e0cies obertes i realitzen gu\u00e0rdies els 365 dies de l&#8217;anys guiatsper la seua vocaci\u00f3 i esperit de servei p\u00fablic\u201d.<\/p>\n","protected":false},"excerpt":{"rendered":"<div class=\"mh-excerpt\">Les brigades forestals de la Diputaci\u00f3 de Val\u00e8ncia han realitzat les primeres mobilitzacions per a fer arribar medicaments a farm\u00e0cies rurals amb problemes de subministrament pel temporalFilomena. Als serveis realitzats ja en municipis dels Serrans <a class=\"mh-excerpt-more\" href=\"https:\/\/tucomarca.whitekongsoftware.com\/ca\/la-diputacio-collabora-amb-el-collegi-de-farmaceutics-de-valencia-en-el-repartiment-de-medicaments-durant-el-temporal\/\" title=\"La Diputaci\u00f3 col\u00b7labora amb el Col\u00b7legi de Farmac\u00e8utics de Val\u00e8ncia en el repartiment de medicaments durant el temporal\">[+] <\/a><\/div>\n","protected":false},"author":1,"featured_media":123430,"comment_status":"open","ping_status":"open","sticky":false,"template":"","format":"standard","meta":{"footnotes":""},"categories":[11042,11010,11985,11046,10898,10948,10894,10904,11023,10903,10896,10897,11027],"tags":[13472,11928,11080,11257],"class_list":["post-123432","post","type-post","status-publish","format-standard","has-post-thumbnail","category-aras-de-olmos-ca","category-canal-salud","category-el-tiempo-ca","category-los-serranos-ca","category-ventana-ca","category-infraestructuras-ca","category-la-comarca-ca","category-sin-categorizar-ca","category-la-yesa-ca","category-medio-ambiente-la-comarca-ca","category-seccion-ca","category-sucesos-la-comarca-ca","category-titaguas-ca","tag-filomena-ca","tag-la-serrania-ca","tag-los-serranos-ca","tag-temporal-ca"],"_links":{"self":[{"href":"https:\/\/tucomarca.whitekongsoftware.com\/ca\/wp-json\/wp\/v2\/posts\/123432","targetHints":{"allow":["GET"]}}],"collection":[{"href":"https:\/\/tucomarca.whitekongsoftware.com\/ca\/wp-json\/wp\/v2\/posts"}],"about":[{"href":"https:\/\/tucomarca.whitekongsoftware.com\/ca\/wp-json\/wp\/v2\/types\/post"}],"author":[{"embeddable":true,"href":"https:\/\/tucomarca.whitekongsoftware.com\/ca\/wp-json\/wp\/v2\/users\/1"}],"replies":[{"embeddable":true,"href":"https:\/\/tucomarca.whitekongsoftware.com\/ca\/wp-json\/wp\/v2\/comments?post=123432"}],"version-history":[{"count":0,"href":"https:\/\/tucomarca.whitekongsoftware.com\/ca\/wp-json\/wp\/v2\/posts\/123432\/revisions"}],"wp:featuredmedia":[{"embeddable":true,"href":"https:\/\/tucomarca.whitekongsoftware.com\/ca\/wp-json\/wp\/v2\/media\/123430"}],"wp:attachment":[{"href":"https:\/\/tucomarca.whitekongsoftware.com\/ca\/wp-json\/wp\/v2\/media?parent=123432"}],"wp:term":[{"taxonomy":"category","embeddable":true,"href":"https:\/\/tucomarca.whitekongsoftware.com\/ca\/wp-json\/wp\/v2\/categories?post=123432"},{"taxonomy":"post_tag","embeddable":true,"href":"https:\/\/tucomarca.whitekongsoftware.com\/ca\/wp-json\/wp\/v2\/tags?post=123432"}],"curies":[{"name":"wp","href":"https:\/\/api.w.org\/{rel}","templated":true}]}}