{"id":123413,"date":"2021-01-09T19:45:00","date_gmt":"2021-01-09T18:45:00","guid":{"rendered":"http:\/\/www.tucomarca.com\/wordpress\/segunda\/?p=123413"},"modified":"2021-01-09T20:19:29","modified_gmt":"2021-01-09T19:19:29","slug":"el-temporal-deixa-a-424-vehicles-i-477-viatgers-atrapats-en-les-zones-de-servei-de-xiva-i-el-rebollar-a-la-3","status":"publish","type":"post","link":"https:\/\/tucomarca.whitekongsoftware.com\/ca\/el-temporal-deixa-a-424-vehicles-i-477-viatgers-atrapats-en-les-zones-de-servei-de-xiva-i-el-rebollar-a-la-3\/","title":{"rendered":"El temporal deixa a 424 vehicles i 477 viatgers atrapats en les zones de servei de Xiva i El Rebollar a l&#8217;A-3"},"content":{"rendered":"\n<p class=\"wp-block-paragraph\"><strong>Informaci\u00f3 de la Delegaci\u00f3 de Govern a les 19,30 hores de l&#8217;dia 9 de gener de 2021 sobre incid\u00e8ncies i respostes davant el temporal Filomena a la Comunitat Valenciana <\/strong><\/p>\n\n\n\n<p class=\"wp-block-paragraph\">La Delegaci\u00f3 de Govern en la Comunitat Valenciana, a les 19,30 hores de l&#8217;dia 9 de gener de 2021, ha realitzat un informe d&#8217;incid\u00e8ncies i respostes davant el temporal Filomena a la Comunitat Valenciana, en el qual destaca respecte a l&#8217;embolsamientos de vehicles pesants en les \u00e0rees de l&#8217;a-3 prov\u00edncia de Val\u00e8ncia: &#8220;hi ha 248 vehicles amb 285 passatgers. la dada a les dues de la tarda era de 424 vehicles i 477 viatgers. Tots es troben en zones amb servei de restauraci\u00f3 i atesos per Creu Roja i Gu\u00e0rdia Civil. Tamb\u00e9 hi ha 160 camions embossats en pol\u00edgon L&#8217;Esperan\u00e7a de Segorbe &#8220;.<\/p>\n\n\n\n<p class=\"wp-block-paragraph\">A petici\u00f3n de la Delegaci\u00f3n del Gobierno, a partir de las 22,30 horas de ayer viernes, 8 de enero, la Generalitat Valenciana moviliz\u00f3 recursos de Cruz Roja para dar atenci\u00f3n a los camioneros embolsados en la A-3, concretamente en las \u00e1reas de El Rebollar y Chiva.&nbsp;<\/p>\n\n\n\n<p class=\"wp-block-paragraph\">Entre operarios, vigilantes, personal de informaci\u00f3n, de coordinaci\u00f3n y los mandos hay unas 150 personas de la demarcaci\u00f3n de carreteras trabajando en la Comunitat Valenciana por la intensidad del temporal.<\/p>\n\n\n\n<p class=\"wp-block-paragraph\">En Alicante, la demarcaci\u00f3n est\u00e1 realizando tratamientos preventivos para evitar la formaci\u00f3n de placas de hielo. En Castell\u00f3n, los principales problemas se dan en la N-232 en el entorno de Morella, pues est\u00e1 cortada en unos tramos, y en la A-23 en la subida a Barracas. En esta zona est\u00e1n trabajando tanto m\u00e1quinas de empuje como equipos preventivos.&nbsp;<\/p>\n\n\n\n<p class=\"wp-block-paragraph\"><strong>Convoyes de camiones en la A-3<\/strong><\/p>\n\n\n\n<p class=\"wp-block-paragraph\">En Valencia, la situaci\u00f3n est\u00e1 controlada en la A-3, cerca del l\u00edmite con Cuenca hacia Ademuz. Tambi\u00e9n se trabaja con m\u00e1quinas de empuje y preventivos. Debido a los problemas de la A-3 en la provincia de Cuenca, se han organizado convoyes de camiones acompa\u00f1ados por la Guardia Civil para embolsarlos en estas \u00e1reas ante la intensidad de las nevadas.&nbsp;<\/p>\n\n\n\n<p class=\"wp-block-paragraph\">Contin\u00faan los servicios extraordinarios por parte del Subsector de Tr\u00e1fico de la Guardia Civil<strong>. <\/strong>Sin servicios de emergencias destacables, pero s\u00ed se han registrado rescates de numerosos veh\u00edculos atrapados por la nieve, asistidos por Guardia Civil, bomberos y polic\u00edas locales. Pero por el momento no se han registrado ni v\u00edctimas ni da\u00f1os personales graves<strong>. <\/strong>A lo largo del temporal tambi\u00e9n se est\u00e1 garantizando el acceso a la Central Nuclear de Cofrentes<\/p>\n\n\n\n<p class=\"wp-block-paragraph\">La Delegaci\u00f3n est\u00e1 haciendo especial hincapi\u00e9 en desplazamientos temerarios. La Guardia Civil est\u00e1&nbsp; emitiendo mensajes, por megafon\u00eda de veh\u00edculos oficiales, en toda la traves\u00eda de Barracas (Castell\u00f3n) ante la llegada de turistas. Los mensajes se emiten para informar, advertir y recomendar a los ciudadanos que desistan de sus desplazamientos, y de la predicci\u00f3n meteorol\u00f3gica adversa en la zona. La Guardia Civil ha actuado para corregir algunas infracciones en materia de seguridad vial, por estacionamientos indebidos u obstaculizando.&nbsp;<\/p>\n\n\n\n<p class=\"wp-block-paragraph\">M\u00e1s de 100 patrullas de la Guardia Civil con 230 agentes han estado operativas durante las \u00faltimas 24 horas -33 en la \u00faltima noche- para atender a la ciudadan\u00eda de los municipios de la Comunitat Valenciana afectados por el temporal Filomena, fundamentalmente en las comarcas de Castell\u00f3n.<\/p>\n\n\n\n<p class=\"wp-block-paragraph\"><strong>Turistas atrapados en Aitana<\/strong><\/p>\n\n\n\n<p class=\"wp-block-paragraph\">En Alicante, se han rescatado 14 turistas atrapados en Aitana. La CV-800 Carrasqueta ha estado cerrada por afluencia de veh\u00edculos.&nbsp; No se han seguido las recomendaciones y siguen acudiendo visitantes. Tambi\u00e9n se mantiene cerrada la salida 453 de la A-7 que da acceso a la Carrasqueta para evitar la afluencia de veh\u00edculos. Tambi\u00e9n se han quitado veh\u00edculos de Xorret del Cat\u00ed y se ha mantenido cortado el acceso desde Petrer por la CV-837, aunque se ha detectado bastante menos afluencia de gente.<\/p>\n\n\n\n<p class=\"wp-block-paragraph\">A petici\u00f3n de la Delegaci\u00f3n del Gobierno y a trav\u00e9s de la Generalitat Valenciana, se ha solicitado a las polic\u00edas locales controlen e informen para que no se dirijan los veh\u00edculos a las carreteras para ver la nieve; todav\u00eda las labores de vialidad en la red estatal son muy intensas y es peligroso adem\u00e1s de dificultar los trabajos.<\/p>\n\n\n\n<p class=\"wp-block-paragraph\"><strong>Abastecimiento de medicamentos<\/strong><\/p>\n\n\n\n<p class=\"wp-block-paragraph\">La Comandancia de Valencia moviliz\u00f3 ayer patrullas de la Guardia Civil para que se realizara un servicio de abastecimiento de medicamentos urgentes para la farmacia de Alpuente (Valencia) por las consecuencias del temporal de nieve y del mal estado de las carreteras. Los agentes recogieron los medicamentos en la Farmacia de Titaguas (Valencia) para su entrega y abastecimiento en la farmacia de Alpuente.&nbsp;<\/p>\n\n\n\n<p class=\"wp-block-paragraph\">A estas horas siguen desplegadas las 53 m\u00e1quinas quitanieves de la Demarcaci\u00f3n de Carreteras del Ministerio de Transportes, Movilidad y Agenda Urbana y se utilizar\u00e1n 6.335 toneladas&nbsp; de cloruro s\u00f3dico (sal) y 1.003.000 litros de salmuera para restablecer la circulaci\u00f3n.&nbsp;<\/p>\n\n\n\n<p class=\"wp-block-paragraph\">La planificaci\u00f3n de la Delegaci\u00f3n en las \u00faltimas semanas ha permitido actuar con rapidez y evitar el colapso de v\u00edas o desabastecimientos en los municipios afectados por este temporal hist\u00f3rico.<\/p>\n","protected":false},"excerpt":{"rendered":"<div class=\"mh-excerpt\">Informaci\u00f3 de la Delegaci\u00f3 de Govern a les 19,30 hores de l&#8217;dia 9 de gener de 2021 sobre incid\u00e8ncies i respostes davant el temporal Filomena a la Comunitat Valenciana La Delegaci\u00f3 de Govern en la <a class=\"mh-excerpt-more\" href=\"https:\/\/tucomarca.whitekongsoftware.com\/ca\/el-temporal-deixa-a-424-vehicles-i-477-viatgers-atrapats-en-les-zones-de-servei-de-xiva-i-el-rebollar-a-la-3\/\" title=\"El temporal deixa a 424 vehicles i 477 viatgers atrapats en les zones de servei de Xiva i El Rebollar a l&#8217;A-3\">[+] <\/a><\/div>\n","protected":false},"author":1,"featured_media":123409,"comment_status":"open","ping_status":"open","sticky":false,"template":"","format":"standard","meta":{"footnotes":""},"categories":[10890,10951,11985,11046,10898,10948,10894,10904,10912,10903,10909,10896,10897],"tags":[11097,13472,13453,10910,11257],"class_list":["post-123413","post","type-post","status-publish","format-standard","has-post-thumbnail","category-ademus","category-ayora-cofrentes-ca","category-el-tiempo-ca","category-los-serranos-ca","category-ventana-ca","category-infraestructuras-ca","category-la-comarca-ca","category-sin-categorizar-ca","category-la-hoya-ca","category-medio-ambiente-la-comarca-ca","category-requena-utiel-ca","category-seccion-ca","category-sucesos-la-comarca-ca","tag-ademuz-ca","tag-filomena-ca","tag-nieves-ca","tag-requena-utiel-ca","tag-temporal-ca"],"_links":{"self":[{"href":"https:\/\/tucomarca.whitekongsoftware.com\/ca\/wp-json\/wp\/v2\/posts\/123413","targetHints":{"allow":["GET"]}}],"collection":[{"href":"https:\/\/tucomarca.whitekongsoftware.com\/ca\/wp-json\/wp\/v2\/posts"}],"about":[{"href":"https:\/\/tucomarca.whitekongsoftware.com\/ca\/wp-json\/wp\/v2\/types\/post"}],"author":[{"embeddable":true,"href":"https:\/\/tucomarca.whitekongsoftware.com\/ca\/wp-json\/wp\/v2\/users\/1"}],"replies":[{"embeddable":true,"href":"https:\/\/tucomarca.whitekongsoftware.com\/ca\/wp-json\/wp\/v2\/comments?post=123413"}],"version-history":[{"count":0,"href":"https:\/\/tucomarca.whitekongsoftware.com\/ca\/wp-json\/wp\/v2\/posts\/123413\/revisions"}],"wp:featuredmedia":[{"embeddable":true,"href":"https:\/\/tucomarca.whitekongsoftware.com\/ca\/wp-json\/wp\/v2\/media\/123409"}],"wp:attachment":[{"href":"https:\/\/tucomarca.whitekongsoftware.com\/ca\/wp-json\/wp\/v2\/media?parent=123413"}],"wp:term":[{"taxonomy":"category","embeddable":true,"href":"https:\/\/tucomarca.whitekongsoftware.com\/ca\/wp-json\/wp\/v2\/categories?post=123413"},{"taxonomy":"post_tag","embeddable":true,"href":"https:\/\/tucomarca.whitekongsoftware.com\/ca\/wp-json\/wp\/v2\/tags?post=123413"}],"curies":[{"name":"wp","href":"https:\/\/api.w.org\/{rel}","templated":true}]}}