{"id":123361,"date":"2021-01-08T09:00:00","date_gmt":"2021-01-08T08:00:00","guid":{"rendered":"http:\/\/www.tucomarca.com\/wordpress\/segunda\/?p=123361"},"modified":"2021-01-08T21:45:39","modified_gmt":"2021-01-08T20:45:39","slug":"el-circuit-ricardo-tormo-suspen-temporalment-la-seua-activitat-esportiva-amb-motiu-de-la-pandemia","status":"publish","type":"post","link":"https:\/\/tucomarca.whitekongsoftware.com\/ca\/el-circuit-ricardo-tormo-suspen-temporalment-la-seua-activitat-esportiva-amb-motiu-de-la-pandemia\/","title":{"rendered":"El Circuit Ricardo Tormo susp\u00e9n temporalment la seua activitat esportiva amb motiu de la pand\u00e8mia"},"content":{"rendered":"\n<h4 class=\"wp-block-heading\"><strong>Es cancel\u00b7la la celebraci\u00f3 del primer esdeveniment de l&#8217;any, el duatl\u00f3 que havia de celebrar-se aquest diumenge&nbsp;<br>S&#8217;aprofitar\u00e0 la parada per a dur a terme obres de remodelaci\u00f3 a la pista del Gran Premi<\/strong>&nbsp;<\/h4>\n\n\n\n<p class=\"wp-block-paragraph\">El Circuit Ricardo Tormo ha susp\u00e9s de manera temporal la seua activitat esportiva fins al 21 de gener, data en qu\u00e8, si la situaci\u00f3 sanit\u00e0ria ho permet, tornar\u00e0 l&#8217;acci\u00f3.&nbsp;<\/p>\n\n\n\n<p class=\"wp-block-paragraph\">Despr\u00e9s del confinament perimetral decretat amb motiu de l&#8217;evoluci\u00f3 de la pand\u00e8mia a la localitat de Cheste, s&#8217;ha susp\u00e9s tota activitat esportiva en el terme municipal de qu\u00e8 forma part el Circuit Ricardo Tormo, seguint les directrius de la resoluci\u00f3 emesa per la Conselleria de Sanitat Universal i Salut P\u00fablica.&nbsp;<\/p>\n\n\n\n<p class=\"wp-block-paragraph\">Entre altres, se suspenen les activitats de formaci\u00f3 de les escoles del Circuit de joves pilots tant d&#8217;automobilisme i de motociclisme, la Cuna de Campeones i la F\u00f3rmula de Campeones, a m\u00e9s dels entrenaments en pista dels pilots del Centre de Tecnificaci\u00f3 i les activitats de l&#8217;escola de conducci\u00f3 Fast Circuit.&nbsp;<\/p>\n\n\n\n<p class=\"wp-block-paragraph\">El primer esdeveniment de l&#8217;any, el Duatl\u00f3 del Circuit, previst per al diumenge 10 de gener, ha sigut susp\u00e9s. A m\u00e9s, han sigut cancel\u00b7lats o ajornats els entrenaments previstos a la pista del Gran Premi per part de diferents escuderies de GT que havien programat els seus entrenaments d&#8217;hivern a Cheste i unes rodades de motos d&#8217;usuaris privats.&nbsp;<\/p>\n\n\n\n<p class=\"wp-block-paragraph\">L&#8217;acci\u00f3 tornar\u00e0 a la pista Gran Premi el 21 de gener, si la situaci\u00f3 sanit\u00e0ria ho permet, amb totes les mesures de seguretat a disposici\u00f3 dels usuaris de les instal\u00b7lacions del Circuit, que en els mesos previs ja ha posat en marxa les seues activitats complint els protocols de les federacions internacionals i les autoritats sanit\u00e0ries.&nbsp;<br><strong>Obres a la pista<\/strong><\/p>\n\n\n\n<p class=\"wp-block-paragraph\">Aprofitant la parada obligat\u00f2ria, des del departament de manteniment del Circuit Ricardo Tormo s&#8217;han avan\u00e7at els treballs programats a la pista del Gran Premi. Es tracta de diverses actuacions al llarg dels 4.005 metres del tra\u00e7at, per\u00f2 sobretot en l&#8217;entrada de la l\u00ednia de boxs, en qu\u00e8 s&#8217;ha reformat l&#8217;acc\u00e9s per a permetre una variant en la recta que redueix l&#8217;espai de gespa i afig seguretat a les barreres que ja hi havia.&nbsp;<\/p>\n\n\n\n<p class=\"wp-block-paragraph\">Aix\u00ed mateix, s&#8217;han culminat les obres d&#8217;ampliaci\u00f3 del piano interior del curvone, uns 400 metres quadrats m\u00e9s de superf\u00edcie formigonada per a delimitar l&#8217;interior de la pen\u00faltima corba del tra\u00e7at de Cheste i millorar la usabilitat del tra\u00e7at exterior.&nbsp;<\/p>\n\n\n\n<p class=\"wp-block-paragraph\">Finalment, s&#8217;escometen reformes d&#8217;altres pianos en la corba 3, en la cinquena i en la corba Bernat Mart\u00ednez per a ajustar-se als requeriments de la Federaci\u00f3 Internacional de Motociclisme. A m\u00e9s, s&#8217;aprofitar\u00e0 per a crear les canalitzacions necess\u00e0ries per a poder portar tant el subministrament el\u00e8ctric com l\u00ednies de fibra \u00f2ptica fins als llocs de comissaris al llarg del tra\u00e7at, amb l&#8217;objectiu de dotar-los de la senyalitzaci\u00f3 lluminosa que es planeja instal\u00b7lar al llarg de la temporada.<\/p>\n","protected":false},"excerpt":{"rendered":"<div class=\"mh-excerpt\">Es cancel\u00b7la la celebraci\u00f3 del primer esdeveniment de l&#8217;any, el duatl\u00f3 que havia de celebrar-se aquest diumenge&nbsp;S&#8217;aprofitar\u00e0 la parada per a dur a terme obres de remodelaci\u00f3 a la pista del Gran Premi&nbsp; El Circuit <a class=\"mh-excerpt-more\" href=\"https:\/\/tucomarca.whitekongsoftware.com\/ca\/el-circuit-ricardo-tormo-suspen-temporalment-la-seua-activitat-esportiva-amb-motiu-de-la-pandemia\/\" title=\"El Circuit Ricardo Tormo susp\u00e9n temporalment la seua activitat esportiva amb motiu de la pand\u00e8mia\">[+] <\/a><\/div>\n","protected":false},"author":12,"featured_media":123360,"comment_status":"open","ping_status":"open","sticky":false,"template":"","format":"standard","meta":{"footnotes":""},"categories":[11017,12202,11003,10898,10904,11011,10896],"tags":[11071,11412,11348],"class_list":["post-123361","post","type-post","status-publish","format-standard","has-post-thumbnail","category-automovilismo-ca","category-covid-19-ca","category-sports","category-ventana-ca","category-sin-categorizar-ca","category-motociclismo-ca","category-seccion-ca","tag-cheste","tag-circuit-ricardo-tormo-ca","tag-circuito-de-cheste-ca"],"_links":{"self":[{"href":"https:\/\/tucomarca.whitekongsoftware.com\/ca\/wp-json\/wp\/v2\/posts\/123361","targetHints":{"allow":["GET"]}}],"collection":[{"href":"https:\/\/tucomarca.whitekongsoftware.com\/ca\/wp-json\/wp\/v2\/posts"}],"about":[{"href":"https:\/\/tucomarca.whitekongsoftware.com\/ca\/wp-json\/wp\/v2\/types\/post"}],"author":[{"embeddable":true,"href":"https:\/\/tucomarca.whitekongsoftware.com\/ca\/wp-json\/wp\/v2\/users\/12"}],"replies":[{"embeddable":true,"href":"https:\/\/tucomarca.whitekongsoftware.com\/ca\/wp-json\/wp\/v2\/comments?post=123361"}],"version-history":[{"count":0,"href":"https:\/\/tucomarca.whitekongsoftware.com\/ca\/wp-json\/wp\/v2\/posts\/123361\/revisions"}],"wp:featuredmedia":[{"embeddable":true,"href":"https:\/\/tucomarca.whitekongsoftware.com\/ca\/wp-json\/wp\/v2\/media\/123360"}],"wp:attachment":[{"href":"https:\/\/tucomarca.whitekongsoftware.com\/ca\/wp-json\/wp\/v2\/media?parent=123361"}],"wp:term":[{"taxonomy":"category","embeddable":true,"href":"https:\/\/tucomarca.whitekongsoftware.com\/ca\/wp-json\/wp\/v2\/categories?post=123361"},{"taxonomy":"post_tag","embeddable":true,"href":"https:\/\/tucomarca.whitekongsoftware.com\/ca\/wp-json\/wp\/v2\/tags?post=123361"}],"curies":[{"name":"wp","href":"https:\/\/api.w.org\/{rel}","templated":true}]}}