{"id":123315,"date":"2021-01-08T16:00:00","date_gmt":"2021-01-08T15:00:00","guid":{"rendered":"http:\/\/www.tucomarca.com\/wordpress\/segunda\/?p=123315"},"modified":"2021-01-08T16:59:08","modified_gmt":"2021-01-08T15:59:08","slug":"la-diputacio-desplega-un-dispositiu-amb-50-persones-i-35-maquines-per-a-fer-front-a-la-borrasca-filomena","status":"publish","type":"post","link":"https:\/\/tucomarca.whitekongsoftware.com\/ca\/la-diputacio-desplega-un-dispositiu-amb-50-persones-i-35-maquines-per-a-fer-front-a-la-borrasca-filomena\/","title":{"rendered":"La Diputaci\u00f3 desplega un dispositiu amb 50 persones i 35 m\u00e0quines per a fer front a la borrasca Filomena"},"content":{"rendered":"\n<p class=\"wp-block-paragraph\">La Diputaci\u00f3 de Val\u00e8ncia mant\u00e9 desplegat un dispositiu amb mig centenar de persones i 35 m\u00e0quines per a fer front a la borrasca Filomena, un temporal de neu que ha obligat a tallar diferents carreteres de les comarques d&#8217;interior de la prov\u00edncia i a intervindre als efectius de la corporaci\u00f3 provincial per a buidar les vies de neu i facilitar l&#8217;acc\u00e9s als municipis i aldees m\u00e9s afectats pel temporal.<\/p>\n\n\n\n<p class=\"wp-block-paragraph\">Els treballs de l&#8217;\u00e0rea provincial de Carreteres que dirigix Rafa Garc\u00eda s&#8217;han centrat en les comarques de Requena-Utiel, La Serran\u00eda, El Rinc\u00f3n d&#8217;Ademuz, La Vall d&#8217;Ayora-Cofrentes i La Hoya de Bu\u00f1ol-Chiva, aix\u00ed com en determinades zones de La Costera i La Vall d&#8217;Albaida en les quals s&#8217;ha decretat el nivell roig de preemerg\u00e8ncia per nevades.<\/p>\n\n\n\n<p class=\"wp-block-paragraph\">Els efectius de l&#8217;\u00e0rea de Carreteres de la Diputaci\u00f3, que s&#8217;encarreguen del manteniment i la conservaci\u00f3 dels 1.800 quil\u00f2metres de vies de la xarxa provincial, retiren la neu acumulada sobre l&#8217;asfalt en estos trajectes d&#8217;interior que connecten principalment municipis de Requena-Utiel, La Serran\u00eda i El Rinc\u00f3n d&#8217;Ademuz, zones en les quals el tall de carreteres ha dificultat l&#8217;acc\u00e9s a diferents localitats.<\/p>\n\n\n\n<p class=\"wp-block-paragraph\">Per a aix\u00f2, la Diputaci\u00f3 compta amb maquin\u00e0ria espec\u00edfica en les quatre demarcacions que s&#8217;han vist afectades pel temporal: Villar del Arzobispo, Utiel-Requena, Bu\u00f1ol i L&#8217;Alc\u00fadia de Crespins. Entre els equips i la maquin\u00e0ria a la disposici\u00f3 dels serveis viaris hivernals destaquen les llevaneus, retroexcavadores, tractors amb fulles, tot terrenys i camions amb sals fundents.<\/p>\n\n\n\n<p class=\"wp-block-paragraph\">Al costat del dispositiu desplegat per l&#8217;\u00e0rea provincial de Carreteres, la Diputaci\u00f3 mant\u00e9 operatives a les seues brigades forestals per a intervindre en els municipis que puguen necessitar ajuda per a fer front a l&#8217;efecte de la borrasca Filomena i recuperar la normalitat. Els brigadistes de Divalterra es troben en alerta per a prestar assist\u00e8ncia a les ve\u00efnes i ve\u00efns dels municipis els ajuntaments dels quals reclamen ajuda a la corporaci\u00f3 provincial.<\/p>\n","protected":false},"excerpt":{"rendered":"<div class=\"mh-excerpt\">La Diputaci\u00f3 de Val\u00e8ncia mant\u00e9 desplegat un dispositiu amb mig centenar de persones i 35 m\u00e0quines per a fer front a la borrasca Filomena, un temporal de neu que ha obligat a tallar diferents carreteres <a class=\"mh-excerpt-more\" href=\"https:\/\/tucomarca.whitekongsoftware.com\/ca\/la-diputacio-desplega-un-dispositiu-amb-50-persones-i-35-maquines-per-a-fer-front-a-la-borrasca-filomena\/\" title=\"La Diputaci\u00f3 desplega un dispositiu amb 50 persones i 35 m\u00e0quines per a fer front a la borrasca Filomena\">[+] <\/a><\/div>\n","protected":false},"author":1,"featured_media":123309,"comment_status":"open","ping_status":"open","sticky":false,"template":"","format":"standard","meta":{"footnotes":""},"categories":[10898,10948,10894,10904,10903,10947,10896,10897],"tags":[11246,13472,13453,11257],"class_list":["post-123315","post","type-post","status-publish","format-standard","has-post-thumbnail","category-ventana-ca","category-infraestructuras-ca","category-la-comarca-ca","category-sin-categorizar-ca","category-medio-ambiente-la-comarca-ca","category-politica","category-seccion-ca","category-sucesos-la-comarca-ca","tag-diputacio-de-valencia-ca","tag-filomena-ca","tag-nieves-ca","tag-temporal-ca"],"_links":{"self":[{"href":"https:\/\/tucomarca.whitekongsoftware.com\/ca\/wp-json\/wp\/v2\/posts\/123315","targetHints":{"allow":["GET"]}}],"collection":[{"href":"https:\/\/tucomarca.whitekongsoftware.com\/ca\/wp-json\/wp\/v2\/posts"}],"about":[{"href":"https:\/\/tucomarca.whitekongsoftware.com\/ca\/wp-json\/wp\/v2\/types\/post"}],"author":[{"embeddable":true,"href":"https:\/\/tucomarca.whitekongsoftware.com\/ca\/wp-json\/wp\/v2\/users\/1"}],"replies":[{"embeddable":true,"href":"https:\/\/tucomarca.whitekongsoftware.com\/ca\/wp-json\/wp\/v2\/comments?post=123315"}],"version-history":[{"count":0,"href":"https:\/\/tucomarca.whitekongsoftware.com\/ca\/wp-json\/wp\/v2\/posts\/123315\/revisions"}],"wp:featuredmedia":[{"embeddable":true,"href":"https:\/\/tucomarca.whitekongsoftware.com\/ca\/wp-json\/wp\/v2\/media\/123309"}],"wp:attachment":[{"href":"https:\/\/tucomarca.whitekongsoftware.com\/ca\/wp-json\/wp\/v2\/media?parent=123315"}],"wp:term":[{"taxonomy":"category","embeddable":true,"href":"https:\/\/tucomarca.whitekongsoftware.com\/ca\/wp-json\/wp\/v2\/categories?post=123315"},{"taxonomy":"post_tag","embeddable":true,"href":"https:\/\/tucomarca.whitekongsoftware.com\/ca\/wp-json\/wp\/v2\/tags?post=123315"}],"curies":[{"name":"wp","href":"https:\/\/api.w.org\/{rel}","templated":true}]}}