{"id":123284,"date":"2021-01-08T08:55:00","date_gmt":"2021-01-08T07:55:00","guid":{"rendered":"http:\/\/www.tucomarca.com\/wordpress\/segunda\/?p=123284"},"modified":"2021-01-08T16:52:21","modified_gmt":"2021-01-08T15:52:21","slug":"union-de-uniones-demana-per-2021-serietat-en-la-gestio-dels-fons-de-recuperacio-per-als-sectors-mes-afectats-per-la-covid-19","status":"publish","type":"post","link":"https:\/\/tucomarca.whitekongsoftware.com\/ca\/union-de-uniones-demana-per-2021-serietat-en-la-gestio-dels-fons-de-recuperacio-per-als-sectors-mes-afectats-per-la-covid-19\/","title":{"rendered":"Uni\u00f3n de Uniones demana per 2021 serietat en la gesti\u00f3 dels fons de recuperaci\u00f3 per als sectors m\u00e9s afectats per la Covid-19"},"content":{"rendered":"\n<p class=\"wp-block-paragraph\">L&#8217;organitzaci\u00f3 agr\u00e0ria Uni\u00f3 d&#8217;Unions d&#8217;Agricultors i Ramaders, que considera que el 2020 ha estat un any extremadament dif\u00edcil per als agricultors i ramaders, reclama que s&#8217;agilitzi l&#8217;execuci\u00f3 de tots els fons disponibles, inclosos els de el per\u00edode transitori de la pol\u00edtica agr\u00e0ria comuna (PAC) i els fons de recuperaci\u00f3 econ\u00f2mica addicionals als Programes de Desenvolupament Rural (PDR) 2021-2022 per atendre els sectors afectats per les restriccions derivades de la lluita contra la pand\u00e8mia.<\/p>\n\n\n\n<p class=\"wp-block-paragraph\">L&#8217;organitzaci\u00f3 assenyala que les ajudes plantejades fins a la data no estan sent suficients per la qual cosa demanda que s&#8217;activen tamb\u00e9 les ajudes extraordin\u00e0ries de m\u00ednimis per a la recuperaci\u00f3 econ\u00f2mica que permet la Uni\u00f3 Europea.<\/p>\n\n\n\n<p class=\"wp-block-paragraph\">Aix\u00ed mateix creu que, a m\u00e9s de la conjuntura de mercat, la COVID19 ha posat de manifest alguns dels problemes estructurals que ja venien patint alguns productes agroalimentaris, amb preus excessivament baixos i amb una bretxa entre origen i dest\u00ed cada vegada m\u00e9s gran.<\/p>\n\n\n\n<p class=\"wp-block-paragraph\">D&#8217;acord amb dades t\u00e8cniques de l&#8217;organitzaci\u00f3 per productes, l&#8217;ov\u00ed -cabrum, l&#8217;oli d&#8217;oliva o l&#8217;ametlla, s\u00f3n dels productes que m\u00e9s han patit durant 2020, pel tancament de canal HORECA -en el primer cas- o per la especulaci\u00f3 i la importaci\u00f3 de grans quantitats de pa\u00efsos tercers que no compleixen les mateixes exig\u00e8ncies que les produccions espanyoles i europees en els altres dos, entre d&#8217;altres motius.<\/p>\n\n\n\n<p class=\"wp-block-paragraph\">D&#8217;altra banda, Uni\u00f3 d&#8217;Unions cr\u00edtica que encara no s&#8217;hagen posat urnes al camp i que s&#8217;estiguen prenent decisions amb representants que van ser elegits en un proc\u00e9s electoral de fa deu anys. Informa, <strong>Luis Ib\u00e1\u00f1ez.<\/strong><\/p>\n","protected":false},"excerpt":{"rendered":"<div class=\"mh-excerpt\">L&#8217;organitzaci\u00f3 agr\u00e0ria Uni\u00f3 d&#8217;Unions d&#8217;Agricultors i Ramaders, que considera que el 2020 ha estat un any extremadament dif\u00edcil per als agricultors i ramaders, reclama que s&#8217;agilitzi l&#8217;execuci\u00f3 de tots els fons disponibles, inclosos els de <a class=\"mh-excerpt-more\" href=\"https:\/\/tucomarca.whitekongsoftware.com\/ca\/union-de-uniones-demana-per-2021-serietat-en-la-gestio-dels-fons-de-recuperacio-per-als-sectors-mes-afectats-per-la-covid-19\/\" title=\"Uni\u00f3n de Uniones demana per 2021 serietat en la gesti\u00f3 dels fons de recuperaci\u00f3 per als sectors m\u00e9s afectats per la Covid-19\">[+] <\/a><\/div>\n","protected":false},"author":12,"featured_media":121628,"comment_status":"open","ping_status":"open","sticky":false,"template":"","format":"standard","meta":{"footnotes":""},"categories":[10890,10905,10951,10892,12202,11046,10948,10963,10894,10904,10912,10902,10947,10909,10896,10897],"tags":[13468,13469,13470],"class_list":["post-123284","post","type-post","status-publish","format-standard","has-post-thumbnail","category-ademus","category-agricultura-la-comarca-ca","category-ayora-cofrentes-ca","category-camp-de-turia-ca","category-covid-19-ca","category-los-serranos-ca","category-infraestructuras-ca","category-la-canal-de-navarres-ca","category-la-comarca-ca","category-sin-categorizar-ca","category-la-hoya-ca","category-la-ribera-ca","category-politica","category-requena-utiel-ca","category-seccion-ca","category-sucesos-la-comarca-ca","tag-agricultura-y-ganaderia-ca","tag-pac-ca","tag-union-de-uniones-ca"],"_links":{"self":[{"href":"https:\/\/tucomarca.whitekongsoftware.com\/ca\/wp-json\/wp\/v2\/posts\/123284","targetHints":{"allow":["GET"]}}],"collection":[{"href":"https:\/\/tucomarca.whitekongsoftware.com\/ca\/wp-json\/wp\/v2\/posts"}],"about":[{"href":"https:\/\/tucomarca.whitekongsoftware.com\/ca\/wp-json\/wp\/v2\/types\/post"}],"author":[{"embeddable":true,"href":"https:\/\/tucomarca.whitekongsoftware.com\/ca\/wp-json\/wp\/v2\/users\/12"}],"replies":[{"embeddable":true,"href":"https:\/\/tucomarca.whitekongsoftware.com\/ca\/wp-json\/wp\/v2\/comments?post=123284"}],"version-history":[{"count":0,"href":"https:\/\/tucomarca.whitekongsoftware.com\/ca\/wp-json\/wp\/v2\/posts\/123284\/revisions"}],"wp:featuredmedia":[{"embeddable":true,"href":"https:\/\/tucomarca.whitekongsoftware.com\/ca\/wp-json\/wp\/v2\/media\/121628"}],"wp:attachment":[{"href":"https:\/\/tucomarca.whitekongsoftware.com\/ca\/wp-json\/wp\/v2\/media?parent=123284"}],"wp:term":[{"taxonomy":"category","embeddable":true,"href":"https:\/\/tucomarca.whitekongsoftware.com\/ca\/wp-json\/wp\/v2\/categories?post=123284"},{"taxonomy":"post_tag","embeddable":true,"href":"https:\/\/tucomarca.whitekongsoftware.com\/ca\/wp-json\/wp\/v2\/tags?post=123284"}],"curies":[{"name":"wp","href":"https:\/\/api.w.org\/{rel}","templated":true}]}}