{"id":123202,"date":"2021-01-07T14:00:00","date_gmt":"2021-01-07T13:00:00","guid":{"rendered":"http:\/\/www.tucomarca.com\/wordpress\/segunda\/?p=123202"},"modified":"2021-01-07T15:34:16","modified_gmt":"2021-01-07T14:34:16","slug":"la-regidoria-de-cultura-popular-de-bunyol-remarca-que-els-actes-realitzats-aquest-nadal-per-als-mes-petits-han-estat-totalment-segurs","status":"publish","type":"post","link":"https:\/\/tucomarca.whitekongsoftware.com\/ca\/la-regidoria-de-cultura-popular-de-bunyol-remarca-que-els-actes-realitzats-aquest-nadal-per-als-mes-petits-han-estat-totalment-segurs\/","title":{"rendered":"La regidoria de Cultura Popular de Bunyol remarca que els actes realitzats aquest Nadal per als m\u00e9s petits &#8220;han estat totalment segurs&#8221;"},"content":{"rendered":"\n<h4 class=\"wp-block-heading\"><strong>La situaci\u00f3 sanit\u00e0ria per l&#8217;augment de casos actius per Covid19 va empitjorar en la localitat, per aix\u00f2 l&#8217;Ajuntament de Bu\u00f1ol va decidir ajornar els actes culturals i festius que s&#8217;havien organitzat a partir del 28 de desembre.<\/strong><\/h4>\n\n\n\n<p class=\"wp-block-paragraph\">La regidoria&nbsp;de Cultura Popular de&nbsp;Bunyol&nbsp;fa&nbsp;balan\u00e7 de&nbsp;les&nbsp;activitats&nbsp;organitzades&nbsp;per Nadal.&nbsp;L&#8217;edil&nbsp;Rafa&nbsp;P\u00e9rez,responsable d&#8217;aquesta&nbsp;\u00e0rea&nbsp;al consistori&nbsp;bu\u00f1olense, ha fet&nbsp;un balan\u00e7&nbsp;positiu&nbsp;de les&nbsp;activitats&nbsp;que s&#8217;han&nbsp;organitzat aquestesfestes&nbsp;nadalenques&nbsp;tan&nbsp;at\u00edpiques&nbsp;per als&nbsp;m\u00e9s&nbsp;xicotets de&nbsp;la casa.<\/p>\n\n\n\n<p class=\"wp-block-paragraph\">El regidor P\u00e9rez, assegurava que tot i que des que aquest estiu van arrencar de nou els actes culturals, Bunyol sempre ha volgut continuar organitzant actes per a tots, &#8220;per\u00f2 la situaci\u00f3 sanit\u00e0ria va empitjorar aquest Nadal, per la qual cosa ens vam veure abocats a prendre decisions dr\u00e0stiques i desagradables per a nosaltres i per a la poblaci\u00f3 com l&#8217;ajornament dels actes que ten\u00edem previstos &#8220;.<\/p>\n\n\n\n<p class=\"wp-block-paragraph\">A pesar d&#8217;aix\u00f2, esta regidoria, junt amb l&#8217;Associaci\u00f3 d&#8217;Empresaris i Aut\u00f2noms de Bunyol, i la Regidoria de Desenrotllament i Comer\u00e7, han pogut organitzar en els primers dies de Nadal actes tan entranyables com la visita de Pare Noel en sidecar pels carrers de la poblaci\u00f3, o l&#8217;arreplega de cartes dels xicotets en una bola de vidre on tots van poder transmetre els seus desitjos o il\u00b7lusions per a estes festes, aix\u00ed com les seues peticions de joguets. Despr\u00e9s d&#8217;aix\u00f2, en el Teatre Montecarlo tamb\u00e9 va poder realitzar-se un bonic i especial acte el diumenge 27 de desembre, on la dist\u00e0ncia i les m\u00e0scares, va ser la t\u00f2nica dominant, com ho ha sigut fins ara.<\/p>\n\n\n\n<p class=\"wp-block-paragraph\">I per aix\u00f2, a pesar que en un principi es va dir que els Reis Mags visitarien els carrers de la localitat perqu\u00e8 els xicotets isqueren als seus balcons o finestres, &#8220;la situaci\u00f3 sanit\u00e0ria va empitjorar, com en la resta de municipis i ciutats de la Comunitat Valenciana, i per aix\u00f2, parlem amb ells, els rebem en l&#8217;estaci\u00f3 del tren, i quedem que deixarien un regal per a cada un dels xiquets de la localitat en diversos comer\u00e7os, perqu\u00e8 passaren a per ells tant el dilluns 4 com el dimarts 5 de gener&#8221;, va afegir el regidor de Cultura Popular.<\/p>\n\n\n\n<p class=\"wp-block-paragraph\">De totes maneres, va finalitzar el tinent d&#8217;alcalde de l&#8217;Ajuntament de Bu\u00f1ol i responsable de Cultura Popular, &#8220;hem decidit ajornar els actes que ten\u00edem previst realitzar perqu\u00e8 quan la situaci\u00f3 millore poder realitzar-los, perqu\u00e8 sempre hem pensat que la cultura \u00e9s segura i necess\u00e0ria per a tots&#8221;.<\/p>\n\n\n\n<p class=\"wp-block-paragraph\">Finalment, torna a reclamar a la ciutadania responsabilitat en el compliment de totes les mesures que des de hui estan vigents en tot el territori de la Comunitat Valenciana.<\/p>\n","protected":false},"excerpt":{"rendered":"<div class=\"mh-excerpt\">La situaci\u00f3 sanit\u00e0ria per l&#8217;augment de casos actius per Covid19 va empitjorar en la localitat, per aix\u00f2 l&#8217;Ajuntament de Bu\u00f1ol va decidir ajornar els actes culturals i festius que s&#8217;havien organitzat a partir del 28 <a class=\"mh-excerpt-more\" href=\"https:\/\/tucomarca.whitekongsoftware.com\/ca\/la-regidoria-de-cultura-popular-de-bunyol-remarca-que-els-actes-realitzats-aquest-nadal-per-als-mes-petits-han-estat-totalment-segurs\/\" title=\"La regidoria de Cultura Popular de Bunyol remarca que els actes realitzats aquest Nadal per als m\u00e9s petits &#8220;han estat totalment segurs&#8221;\">[+] <\/a><\/div>\n","protected":false},"author":12,"featured_media":123200,"comment_status":"open","ping_status":"open","sticky":false,"template":"","format":"standard","meta":{"footnotes":""},"categories":[10911,11010,12202,10948,10894,10912,11007,10947,10896],"tags":[10913,10914,13220],"class_list":["post-123202","post","type-post","status-publish","format-standard","has-post-thumbnail","category-bunol-ca","category-canal-salud","category-covid-19-ca","category-infraestructuras-ca","category-la-comarca-ca","category-la-hoya-ca","category-ocio-y-cultura-ca","category-politica","category-seccion-ca","tag-bunol-ca","tag-la-hoya-de-bunol-chiva-ca","tag-navidad-2020-ca"],"_links":{"self":[{"href":"https:\/\/tucomarca.whitekongsoftware.com\/ca\/wp-json\/wp\/v2\/posts\/123202","targetHints":{"allow":["GET"]}}],"collection":[{"href":"https:\/\/tucomarca.whitekongsoftware.com\/ca\/wp-json\/wp\/v2\/posts"}],"about":[{"href":"https:\/\/tucomarca.whitekongsoftware.com\/ca\/wp-json\/wp\/v2\/types\/post"}],"author":[{"embeddable":true,"href":"https:\/\/tucomarca.whitekongsoftware.com\/ca\/wp-json\/wp\/v2\/users\/12"}],"replies":[{"embeddable":true,"href":"https:\/\/tucomarca.whitekongsoftware.com\/ca\/wp-json\/wp\/v2\/comments?post=123202"}],"version-history":[{"count":0,"href":"https:\/\/tucomarca.whitekongsoftware.com\/ca\/wp-json\/wp\/v2\/posts\/123202\/revisions"}],"wp:featuredmedia":[{"embeddable":true,"href":"https:\/\/tucomarca.whitekongsoftware.com\/ca\/wp-json\/wp\/v2\/media\/123200"}],"wp:attachment":[{"href":"https:\/\/tucomarca.whitekongsoftware.com\/ca\/wp-json\/wp\/v2\/media?parent=123202"}],"wp:term":[{"taxonomy":"category","embeddable":true,"href":"https:\/\/tucomarca.whitekongsoftware.com\/ca\/wp-json\/wp\/v2\/categories?post=123202"},{"taxonomy":"post_tag","embeddable":true,"href":"https:\/\/tucomarca.whitekongsoftware.com\/ca\/wp-json\/wp\/v2\/tags?post=123202"}],"curies":[{"name":"wp","href":"https:\/\/api.w.org\/{rel}","templated":true}]}}