{"id":123093,"date":"2021-01-05T19:00:14","date_gmt":"2021-01-05T18:00:14","guid":{"rendered":"http:\/\/www.tucomarca.com\/wordpress\/segunda\/?p=123093"},"modified":"2021-01-05T19:58:23","modified_gmt":"2021-01-05T18:58:23","slug":"requena-aporta-11-contagis-i-alzira-5-als-3-930-nous-ultims-casos-de-coronavirus-registrats-per-sanitat-a-la-comunitat","status":"publish","type":"post","link":"https:\/\/tucomarca.whitekongsoftware.com\/ca\/requena-aporta-11-contagis-i-alzira-5-als-3-930-nous-ultims-casos-de-coronavirus-registrats-per-sanitat-a-la-comunitat\/","title":{"rendered":"Requena aporta 11 contagis i Alzira 5 als 3.930 nous \u00faltims casos de coronavirus registrats per Sanitat a la Comunitat"},"content":{"rendered":"\n<p class=\"wp-block-paragraph\">La Comunitat Valenciana ha registrat 3.930 nous casos de coronavirus confirmats per prova PCR o mitjan\u00e7ant test d&#8217;ant\u00edgens des de l&#8217;\u00faltima actualitzaci\u00f3, que situen la xifra total de positius en 155.344 persones. Per prov\u00edncies, la distribuci\u00f3 de nous positius \u00e9s la seg\u00fcent: 414 a Castell\u00f3 (16.810 en total), 1.273 a Alacant (51.274 en total) i 2.242 a la prov\u00edncia de Val\u00e8ncia (87.257 en total).<\/p>\n\n\n\n<p class=\"wp-block-paragraph\">Por otro lado, se han registrado 85 fallecimientos por coronavirus desde la \u00faltima actualizaci\u00f3n, por lo que el total de defunciones desde el inicio de la pandemia es de 3.116 personas: 401 en la provincia de Castell\u00f3n, 1.073 en la de Alicante y 1.642 en la de Valencia.<\/p>\n\n\n\n<p class=\"wp-block-paragraph\">Los hospitales valencianos tienen, actualmente, 2.079 personas ingresadas: 169 en la provincia de Castell\u00f3n, con 28 pacientes en UCI; 645 en la provincia de Alicante, 124 de ellos en la UCI; y 1.265 en la provincia de Valencia, 179 de ellos en UCI.&nbsp;<\/p>\n\n\n\n<p class=\"wp-block-paragraph\">Adem\u00e1s, desde la \u00faltima actualizaci\u00f3n se han registrado 2.563 altas a pacientes con coronavirus. De esta forma, ya son 145.310 personas en la Comunitat Valenciana las que han superado la enfermedad desde que comenz\u00f3 la pandemia. Por provincias, las altas se distribuyen del siguiente modo: 16.085 en Castell\u00f3n, 48.231 en Alicante y 80.933 en Valencia.&nbsp;<\/p>\n\n\n\n<p class=\"wp-block-paragraph\">De acuerdo con los datos registrados, en estos momentos hay 18.537 casos activos, lo que supone un 11,10% del total de positivos.<\/p>\n\n\n\n<p class=\"wp-block-paragraph\">El n\u00famero total de pruebas llevadas a cabo para la detecci\u00f3n del coronavirus asciende a 2.135.272, de las que 1.963.979 han sido a trav\u00e9s de PCR y 171.293<\/p>\n\n\n\n<p class=\"wp-block-paragraph\">mediante test r\u00e1pido.<\/p>\n\n\n\n<p class=\"wp-block-paragraph\"><strong>Actualizaci\u00f3n de la situaci\u00f3n en residencias<\/strong><\/p>\n\n\n\n<p class=\"wp-block-paragraph\">De acuerdo con los datos actualizados, hay alg\u00fan caso positivo en 109 residencias de mayores (8 en la provincia de Castell\u00f3n, 36 en la provincia de Alicante y 65 en la provincia de Valencia), 21 centros de diversidad funcional (3 en la provincia de Castell\u00f3n, 7 en la provincia de Alicante y 11 en la provincia de Valencia) y 4 centros de menores (1 en la provincia de Castell\u00f3n, 1 en la provincia de Alicante y 2 en la provincia de Valencia).<\/p>\n\n\n\n<p class=\"wp-block-paragraph\">&#8211; Residentes nuevos positivos: 170<\/p>\n\n\n\n<p class=\"wp-block-paragraph\">&#8211; Trabajadores y trabajadoras nuevos positivos: 74<\/p>\n\n\n\n<p class=\"wp-block-paragraph\">&#8211; Residentes que han fallecido: 33<\/p>\n\n\n\n<p class=\"wp-block-paragraph\">Actualmente, se encuentran bajo vigilancia activa de control sanitario 35 residencias en la Comunitat Valenciana: 2 en la provincia de Castell\u00f3n, 14 en la provincia de Alicante y 19 en la provincia de Valencia.<\/p>\n\n\n\n<p class=\"wp-block-paragraph\"><strong>Actualizaci\u00f3n brotes de coronavirus<\/strong><\/p>\n\n\n\n<p class=\"wp-block-paragraph\">Se han registrado un total de 31 brotes desde la \u00faltima actualizaci\u00f3n. Por provincias, 2 en Castell\u00f3n; 9 en la provincias de Alicante y 20 en la provincia de Valencia.<\/p>\n\n\n\n<p class=\"wp-block-paragraph\">\u00b7 J\u00e1vea: 3 casos. \u00c1mbito educativo<\/p>\n\n\n\n<p class=\"wp-block-paragraph\">\u00b7 Vinar\u00f2s: 4 casos. Origen social<\/p>\n\n\n\n<p class=\"wp-block-paragraph\">\u00b7 Petrer: 4 casos. Origen social<\/p>\n\n\n\n<p class=\"wp-block-paragraph\">\u00b7 Alcoy: 11 casos. Origen social<\/p>\n\n\n\n<p class=\"wp-block-paragraph\">\u00b7 Burjassot: 6 casos. Origen laboral<\/p>\n\n\n\n<p class=\"wp-block-paragraph\">\u00b7 Pego: 3 casos. Origen social<\/p>\n\n\n\n<p class=\"wp-block-paragraph\">\u00b7 Burjassot: 5 casos. Origen social<\/p>\n\n\n\n<p class=\"wp-block-paragraph\">\u00b7 Val\u00e8ncia: 7 casos. \u00c1mbito educativo<\/p>\n\n\n\n<p class=\"wp-block-paragraph\">\u00b7 Benic\u00e0ssim: 4 casos. Origen social<\/p>\n\n\n\n<p class=\"wp-block-paragraph\">\u00b7 Val\u00e8ncia: 7 casos. Origen social<\/p>\n\n\n\n<p class=\"wp-block-paragraph\">\u00b7 Requena: 3 casos. Origen laboral<\/p>\n\n\n\n<p class=\"wp-block-paragraph\">\u00b7 Val\u00e8ncia: 5 casos. Origen social<\/p>\n\n\n\n<p class=\"wp-block-paragraph\">\u00b7 Val\u00e8ncia: 4 casos. Origen social<\/p>\n\n\n\n<p class=\"wp-block-paragraph\">\u00b7 Oliva: 4 casos. Origen social<\/p>\n\n\n\n<p class=\"wp-block-paragraph\">\u00b7 Val\u00e8ncia: 7 casos. Origen social<\/p>\n\n\n\n<p class=\"wp-block-paragraph\">\u00b7 Alzira: 5 casos. \u00c1mbito educativo<\/p>\n\n\n\n<p class=\"wp-block-paragraph\">\u00b7 Polop: 3 casos. Origen social<\/p>\n\n\n\n<p class=\"wp-block-paragraph\">\u00b7 Val\u00e8ncia: 7 casos. Origen social<\/p>\n\n\n\n<p class=\"wp-block-paragraph\">\u00b7 Requena: 5 casos. Origen social<\/p>\n\n\n\n<p class=\"wp-block-paragraph\">\u00b7 Requena: 3 casos. Origen social<\/p>\n\n\n\n<p class=\"wp-block-paragraph\">\u00b7 Val\u00e8ncia: 5 casos. Origen social<\/p>\n\n\n\n<p class=\"wp-block-paragraph\">\u00b7 L&#8217;Alf\u00e0s del Pi: 4 casos. Origen social<\/p>\n\n\n\n<p class=\"wp-block-paragraph\">\u00b7 Burjassot: 4 casos. Origen social<\/p>\n\n\n\n<p class=\"wp-block-paragraph\">\u00b7 D\u00e9nia: 7 casos. Origen social<\/p>\n\n\n\n<p class=\"wp-block-paragraph\">\u00b7 Moncada: 5 casos. Origen social<\/p>\n\n\n\n<p class=\"wp-block-paragraph\">\u00b7 Val\u00e8ncia: 8 casos. Origen social<\/p>\n\n\n\n<p class=\"wp-block-paragraph\">\u00b7 Mutxamel: 10 casos. Origen social<\/p>\n\n\n\n<p class=\"wp-block-paragraph\">\u00b7 Teulada: 5 casos. Origen social<\/p>\n\n\n\n<p class=\"wp-block-paragraph\">\u00b7 Val\u00e8ncia: 6 casos. Origen social<\/p>\n\n\n\n<p class=\"wp-block-paragraph\">\u00b7 Val\u00e8ncia: 6 casos. Origen social<\/p>\n\n\n\n<p class=\"wp-block-paragraph\">\u00b7 Godella: 5 casos. Origen social<\/p>\n","protected":false},"excerpt":{"rendered":"<div class=\"mh-excerpt\">La Comunitat Valenciana ha registrat 3.930 nous casos de coronavirus confirmats per prova PCR o mitjan\u00e7ant test d&#8217;ant\u00edgens des de l&#8217;\u00faltima actualitzaci\u00f3, que situen la xifra total de positius en 155.344 persones. Per prov\u00edncies, la <a class=\"mh-excerpt-more\" href=\"https:\/\/tucomarca.whitekongsoftware.com\/ca\/requena-aporta-11-contagis-i-alzira-5-als-3-930-nous-ultims-casos-de-coronavirus-registrats-per-sanitat-a-la-comunitat\/\" title=\"Requena aporta 11 contagis i Alzira 5 als 3.930 nous \u00faltims casos de coronavirus registrats per Sanitat a la Comunitat\">[+] <\/a><\/div>\n","protected":false},"author":1,"featured_media":108742,"comment_status":"open","ping_status":"open","sticky":false,"template":"","format":"standard","meta":{"footnotes":""},"categories":[10889,11010,12202,10898,10948,10894,10904,10902,10903,10947,10908,10909,10896,10897],"tags":[11939,11940],"class_list":["post-123093","post","type-post","status-publish","format-standard","has-post-thumbnail","category-alzira-cat","category-canal-salud","category-covid-19-ca","category-ventana-ca","category-infraestructuras-ca","category-la-comarca-ca","category-sin-categorizar-ca","category-la-ribera-ca","category-medio-ambiente-la-comarca-ca","category-politica","category-requena-ca","category-requena-utiel-ca","category-seccion-ca","category-sucesos-la-comarca-ca","tag-coronavirus-ca","tag-covid-19-ca"],"_links":{"self":[{"href":"https:\/\/tucomarca.whitekongsoftware.com\/ca\/wp-json\/wp\/v2\/posts\/123093","targetHints":{"allow":["GET"]}}],"collection":[{"href":"https:\/\/tucomarca.whitekongsoftware.com\/ca\/wp-json\/wp\/v2\/posts"}],"about":[{"href":"https:\/\/tucomarca.whitekongsoftware.com\/ca\/wp-json\/wp\/v2\/types\/post"}],"author":[{"embeddable":true,"href":"https:\/\/tucomarca.whitekongsoftware.com\/ca\/wp-json\/wp\/v2\/users\/1"}],"replies":[{"embeddable":true,"href":"https:\/\/tucomarca.whitekongsoftware.com\/ca\/wp-json\/wp\/v2\/comments?post=123093"}],"version-history":[{"count":0,"href":"https:\/\/tucomarca.whitekongsoftware.com\/ca\/wp-json\/wp\/v2\/posts\/123093\/revisions"}],"wp:featuredmedia":[{"embeddable":true,"href":"https:\/\/tucomarca.whitekongsoftware.com\/ca\/wp-json\/wp\/v2\/media\/108742"}],"wp:attachment":[{"href":"https:\/\/tucomarca.whitekongsoftware.com\/ca\/wp-json\/wp\/v2\/media?parent=123093"}],"wp:term":[{"taxonomy":"category","embeddable":true,"href":"https:\/\/tucomarca.whitekongsoftware.com\/ca\/wp-json\/wp\/v2\/categories?post=123093"},{"taxonomy":"post_tag","embeddable":true,"href":"https:\/\/tucomarca.whitekongsoftware.com\/ca\/wp-json\/wp\/v2\/tags?post=123093"}],"curies":[{"name":"wp","href":"https:\/\/api.w.org\/{rel}","templated":true}]}}