{"id":123075,"date":"2021-01-05T17:00:44","date_gmt":"2021-01-05T16:00:44","guid":{"rendered":"http:\/\/www.tucomarca.com\/wordpress\/segunda\/?p=123075"},"modified":"2021-01-05T17:17:40","modified_gmt":"2021-01-05T16:17:40","slug":"la-generalitat-tanca-perimetralment-xest-lliria-aiora-utiel-guadassuar-canals-sinarcas-i-anna-entre-daltres-29-municipis","status":"publish","type":"post","link":"https:\/\/tucomarca.whitekongsoftware.com\/ca\/la-generalitat-tanca-perimetralment-xest-lliria-aiora-utiel-guadassuar-canals-sinarcas-i-anna-entre-daltres-29-municipis\/","title":{"rendered":"La Generalitat tanca perimetralment Xest, Ll\u00edria, Aiora, Utiel, Guadassuar, Canals, Sinarcas i Anna entre d&#8217;altres 29 municipis"},"content":{"rendered":"\n<h4 class=\"wp-block-heading\"><strong>Es declara el confinament perimetral fins al 21 de gener de 29 municipis amb una incid\u00e8ncia cr\u00edtica de COVID-19, als quals s&#8217;aplicaran mesures m\u00e9s restrictives.<\/strong><\/h4>\n\n\n\n<h4 class=\"wp-block-heading\"><strong>Es prohibeix fumar a les terrasses dels locals d&#8217;hostaleria i s&#8217;estableix que les taules a l&#8217;interior o terrassa seran d&#8217;un m\u00e0xim de 4 persones &#8211; Es redueix l&#8217;aforament dels locals comercials a l&#8217;30%, amb excepci\u00f3 dels dedicats a el comer\u00e7 essencial d&#8217;alimentaci\u00f3, farm\u00e0cies, ortop\u00e8dies, \u00f2ptiques, serveis de perruqueria i centres de veterin\u00e0ria, que es mantindran a l&#8217;50%.<\/strong><\/h4>\n\n\n\n<h4 class=\"wp-block-heading\"><strong>Aquestes mesures s&#8217;implantaran aquest dijous, dia 7 de gener, i estaran en vigor, al menys, fins el 31 de gener.<\/strong><\/h4>\n\n\n\n<h4 class=\"wp-block-heading\">E<strong>l president avan\u00e7a que ha convocat per aquest mateix dijous, coincidint amb l&#8217;aplicaci\u00f3 de les noves mesures, la patronal i els sindicats per acordar un pla d&#8217;ajudes als sectors m\u00e9s afectats per la pand\u00e8mia<\/strong>.<\/h4>\n\n\n\n<p class=\"wp-block-paragraph\">El president de la Generalitat, Ximo Puig, ha anunciat la pr\u00f2rroga de l&#8217;confinament perimetral de la Comunitat Valenciana fins al 31 de gener, l&#8217;avan\u00e7ament a les 22.00 hores de la restricci\u00f3 de la mobilitat nocturna i el tancament de l&#8217;hostaleria de tota la Comunitat Valenciana a partir de les 17.00 hores, mesures que entraran en vigor el proper dijous, 7 de gener, i es mantindran tamb\u00e9, al menys, fins al 31 de gener.<\/p>\n\n\n\n<p class=\"wp-block-paragraph\">As\u00ed lo ha avanzado en rueda de prensa el jefe del Consell, acompa\u00f1ado de la consellera de Sanidad Universal y Salud P\u00fablica, Ana Barcel\u00f3, tras la reuni\u00f3n de la Mesa Interdepartamental para la Prevenci\u00f3n y Actuaci\u00f3n ante la COVID-19, en la que se han acordado nuevas medidas restrictivas generales para proteger la salud de la ciudadan\u00eda y se ha declarado adem\u00e1s el confinamiento perimetral durante 14 d\u00edas de 29 municipios con una incidencia cr\u00edtica.<\/p>\n\n\n\n<p class=\"wp-block-paragraph\">Estas medidas se han adoptado &#8220;para hacer frente a la emergencia sanitaria, para proteger mejor la salud de la poblaci\u00f3n y para garantizar servicios esenciales&#8221;, ha se\u00f1alado Ximo Puig, quien ha avanzado, por otro lado, que ha convocado para este mismo jueves, coincidiendo con la aplicaci\u00f3n de las nuevas medidas, a la patronal y a los sindicatos para acordar un plan de ayudas a los sectores m\u00e1s afectados por la COVID-19. &#8220;Se trata de salvar vidas, trabajos, familias&#8221;, ha enfatizado.<\/p>\n\n\n\n<p class=\"wp-block-paragraph\"><strong>Prohibici\u00f3n de fumar en las terrazas de los locales de hosteler\u00eda<\/strong><\/p>\n\n\n\n<p class=\"wp-block-paragraph\">Con car\u00e1cter general en todo el territorio, tal y como ha anunciado el president, se establece la prohibici\u00f3n de fumar en las terrazas de bares y restaurantes. Adem\u00e1s, las mesas en el interior o terraza ser\u00e1n de un m\u00e1ximo de 4 personas.&nbsp;<\/p>\n\n\n\n<p class=\"wp-block-paragraph\">En lo que refiere a locales comerciales y de prestaci\u00f3n de servicios, se reducir\u00e1 a partir del jueves el aforo del 50% al 30 %, incluyendo la capacidad de los aparcamientos o espacios destinados al estacionamiento de veh\u00edculos de sus clientes. Se except\u00faa la actividad comercial de establecimientos y locales comerciales dedicados al comercio esencial de alimentaci\u00f3n, farmacias, ortopedias, \u00f3pticas, servicios de peluquer\u00eda y centros de veterinaria, que se mantendr\u00e1n al 50 % del aforo permitido por licencia o autorizaci\u00f3n de la actividad.<\/p>\n\n\n\n<p class=\"wp-block-paragraph\">Adem\u00e1s, se mantiene en seis el n\u00famero m\u00e1ximo de personas en encuentros sociales o familiares.<\/p>\n\n\n\n<p class=\"wp-block-paragraph\">Paralelamente, se ha adoptado tambi\u00e9n la decisi\u00f3n de declarar el cierre perimetral, desde el 7 hasta el 21 de enero, de 29 municipios que registran una incidencia cr\u00edtica: Borriol, Atzeneta del Maestrat, Soneja y J\u00e9rica, en la provincia de Castell\u00f3n; Alcoy, Castalla y Polop, en la provincia de Alicante; y Ll\u00edria, Massanassa, Ayora, Utiel, Sedav\u00ed, Alfafar, Benet\u00fasser, Sollana, Llocnou de la Corona, Guadassuar, Oliva, Daim\u00fas, Canals, Benig\u00e0nim, X\u00e0tiva, Moixent, Ontinyent, Cheste, Sinarcas, Anna, Quatretonda y Bonrep\u00f2s i Mirambell.<\/p>\n\n\n\n<p class=\"wp-block-paragraph\">En estos municipios con confinamiento perimetral, se establece el cierre cautelar de los siguientes establecimientos y espacios: centros sociales, casinos, clubes y establecimientos de an\u00e1loga naturaleza; bares, restaurantes y otros establecimientos de ocio del municipio, salvo que en los mismos se preste servicio de comidas para llevar o a domicilio; gimnasios y centros deportivos de todo tipo, y parques y jardines.<\/p>\n\n\n\n<p class=\"wp-block-paragraph\">Adem\u00e1s, se modifican en estos 29 municipios los aforos en los velatorios, entierros y ceremonias f\u00fanebres, de modo que podr\u00e1n realizarse en todo tipo de instalaciones, p\u00fablicas o privadas, con un aforo del 30 % y un l\u00edmite m\u00e1ximo de 15 personas en espacios al aire libre o de 10 personas en espacios cerrados. En el caso de otras celebraciones como bodas o bautizos, se limita el aforo a 1\/3, con un m\u00e1ximo de 15 personas en espacios al aire libre o de 10 personas en espacios cerrados, entre familiares y personas allegadas.<\/p>\n\n\n\n<p class=\"wp-block-paragraph\"><strong>Respuesta &#8220;contundente, ponderada e inmediata&#8221;<\/strong><\/p>\n\n\n\n<p class=\"wp-block-paragraph\">El president ha subrayado que la evoluci\u00f3n la de pandemia ha conducido a una situaci\u00f3n que ha calificado de &#8220;grave&#8221;, con un crecimiento &#8220;exponencial&#8221; de la transmisi\u00f3n del virus en todo el continente europeo, tambi\u00e9n en la Comunitat Valenciana, que &#8220;exige una respuesta contundente, ponderada e inmediata&#8221; del Consell.<\/p>\n\n\n\n<p class=\"wp-block-paragraph\">&#8220;El camino de la Generalitat ha sido guiado por una evaluaci\u00f3n contin\u00faa de la pandemia y un an\u00e1lisis riguroso de los datos, sin reacciones impulsivas, sin excesos nocivos para el bienestar colectivo y sin dejar de hacer aquello que hab\u00eda que hacer, fuera popular o impopular&#8221;, ha precisado.<\/p>\n\n\n\n<p class=\"wp-block-paragraph\">En ese sentido, ha recordado que la Comunitat Valenciana fue la primera al cerrar los bares y al restringir la movilidad nocturna, y ha sido, &#8220;con gran dolor&#8221;, tambi\u00e9n la \u00fanica en prohibir los viajes familiares en Navidad entre comunidades aut\u00f3nomas. &#8220;Siempre hemos dicho que no dudar\u00edamos al adoptar las medidas necesarias para controlar la pandemia&#8221;, ha remarcado.<\/p>\n\n\n\n<p class=\"wp-block-paragraph\">El president ha recordado que la Comunitat Valenciana ha tenido unos de los registros m\u00e1s bajos de Espa\u00f1a desde el inicio de la pandemia. En concreto, es la cuarta comunidad con una menor incidencia acumulada y ha mantenido un 27% menos de hospitalizaciones y la mitad de mortalidad que la media espa\u00f1ola.<\/p>\n\n\n\n<p class=\"wp-block-paragraph\">No obstante, ha se\u00f1alado que, en dos semanas, se ha registrado una tendencia &#8220;preocupante&#8221;, ya que la incidencia del virus ha crecido un 16%, las hospitalizaciones han subido un 52% y se han registrado 196 muertos en una semana.<\/p>\n\n\n\n<p class=\"wp-block-paragraph\"><strong>Intensificaci\u00f3n del proceso de vacunaci\u00f3n<\/strong><\/p>\n\n\n\n<p class=\"wp-block-paragraph\">El president ha aludido a la necesidad de actuar en cuatro frentes: vacunaci\u00f3n, respuesta sanitaria, nuevas restricciones y derecho a la educaci\u00f3n.&nbsp;<\/p>\n\n\n\n<p class=\"wp-block-paragraph\">Respecto al primero, ha avanzado que se va a intensificar el proceso de vacunaci\u00f3n, de forma que entre el lunes y el martes de la semana que viene ya se habr\u00e1 administrado la primera dosis de la vacuna a todas las personas residentes y al personal de las residencias de mayores, excepto de aquellas que tengan brotes activos. Adem\u00e1s, la pr\u00f3xima semana empezar\u00e1 la vacunaci\u00f3n del personal sanitario de Atenci\u00f3n Primaria y de primera l\u00ednea y, a continuaci\u00f3n, de los centros de d\u00eda. Por otro lado, cuando se autorice la vacuna de Moderna y se inicie su distribuci\u00f3n, empezar\u00e1 paralelamente a vacunarse al personal sanitario de hospitales.<\/p>\n\n\n\n<p class=\"wp-block-paragraph\">En lo que se refiere a infraestructuras, todos los departamentos disponen, en este momento, de camas en planta y de UCI, y existen en marcha planes de contingencia por si hicieran falta m\u00e1s recursos hospitalarios. En concreto, seg\u00fan las previsiones adelantadas por el president, se puede llegar a 19.000 camas para personas enfermas agudas y a 1.200 camas para personas enfermas cr\u00edticas.&nbsp;<\/p>\n\n\n\n<p class=\"wp-block-paragraph\">En materia de personal, se ha reforzado el sistema con m\u00e1s de 10.000 contratos de profesionales de la Sanidad y existen 2.137 efectivos de rastreo (300 de ellos de la UME).<\/p>\n\n\n\n<p class=\"wp-block-paragraph\"><strong>La Educaci\u00f3n, una prioridad<\/strong><\/p>\n\n\n\n<p class=\"wp-block-paragraph\">Adem\u00e1s, ha se\u00f1alado que la prioridad contin\u00faa siendo mantener al alumnado en las aulas en iguales condiciones que antes de la Navidad, ya que se ha demostrado que &#8220;las aulas son un espacio seguro&#8221;, el &#8220;m\u00e1s seguro&#8221;. &#8220;Est\u00e1 en juego la igualdad de la sociedad, el propio futuro de la Comunitat Valenciana&#8221;, ha a\u00f1adido.<\/p>\n\n\n\n<p class=\"wp-block-paragraph\">&#8220;Con las acciones en estos cuatro frentes, perseguimos inmunizar antes en la poblaci\u00f3n, reforzar la respuesta sanitaria, reducir la interacci\u00f3n social para frenar los contagios y garantizar la igualdad de oportunidades&#8221;, ha indicado Puig, que ha pedido a la ciudadan\u00eda &#8220;autoxigencia m\u00e1xima&#8221; y responsabilidad individual &#8220;sin tregua ni relajaciones&#8221; para reducir los contactos y lograr frenar la transmisi\u00f3n del virus.<\/p>\n\n\n\n<p class=\"wp-block-paragraph\">Por otro lado, la consellera de Sanidad Universal y Salud P\u00fablica, Ana Barcel\u00f3, ha concretado, respecto a las restricciones establecidas con car\u00e1cter general para todo el territorio de la Comunitat Valenciana, que no se permitir\u00e1n los eventos o actividades con concentraci\u00f3n de personas. Se consideran como tales los espect\u00e1culos p\u00fablicos, actividades recreativas y socioculturales, exhibici\u00f3n de animales y celebraciones populares. La restricci\u00f3n no afecta, no obstante, a actividades como cines, museos o teatros.<\/p>\n\n\n\n<p class=\"wp-block-paragraph\">En relaci\u00f3n con la actividad de los establecimientos de restauraci\u00f3n y hosteler\u00eda, los establecimientos de hosteler\u00eda podr\u00e1n dar servicio de restauraci\u00f3n en horario de cena exclusivamente a las personas alojadas, y la restauraci\u00f3n en \u00e1reas de servicio de v\u00edas de comunicaci\u00f3n para profesionales de transporte no queda sujeta a ninguna franja horaria.&nbsp;<\/p>\n\n\n\n<p class=\"wp-block-paragraph\">Asimismo, se suspenden las competiciones deportivas de Infantil y Primaria.<\/p>\n\n\n\n<p class=\"wp-block-paragraph\">En la reuni\u00f3n de la comisi\u00f3n interdepartamental han participado la vicepresidenta y consellera de Igualdad y Pol\u00edticas Inclusivas, M\u00f3nica Oltra; el vicepresidente segundo y conseller de Vivienda y Arquitectura Bioclim\u00e1tica, Rub\u00e9n Mart\u00ednez Dalmau; la consellera de Justicia, Interior y Administraci\u00f3n P\u00fablica, Gabriela Bravo; el conseller de Educaci\u00f3n, Cultura y Deporte, Vicent Marz\u00e0; la consellera de Sanidad Universal y Salud P\u00fablica, Ana Barcel\u00f3, y los consellers de Econom\u00eda Sostenible, Sectores Productivos, Comercio y Trabajo, Rafa Climent, y de Pol\u00edtica Territorial, Obras P\u00fablicas y Movilidad, Arcadi Espa\u00f1a.<\/p>\n","protected":false},"excerpt":{"rendered":"<div class=\"mh-excerpt\">Es declara el confinament perimetral fins al 21 de gener de 29 municipis amb una incid\u00e8ncia cr\u00edtica de COVID-19, als quals s&#8217;aplicaran mesures m\u00e9s restrictives. Es prohibeix fumar a les terrasses dels locals d&#8217;hostaleria i <a class=\"mh-excerpt-more\" href=\"https:\/\/tucomarca.whitekongsoftware.com\/ca\/la-generalitat-tanca-perimetralment-xest-lliria-aiora-utiel-guadassuar-canals-sinarcas-i-anna-entre-daltres-29-municipis\/\" title=\"La Generalitat tanca perimetralment Xest, Ll\u00edria, Aiora, Utiel, Guadassuar, Canals, Sinarcas i Anna entre d&#8217;altres 29 municipis\">[+] <\/a><\/div>\n","protected":false},"author":1,"featured_media":122690,"comment_status":"open","ping_status":"open","sticky":false,"template":"","format":"standard","meta":{"footnotes":""},"categories":[10954,10951,10964,10892,11010,10967,12202,10898,10994,10948,10963,10894,10904,10912,10902,10928,10903,10947,10909,10896,11058,10897,11059,10974],"tags":[10899,11939,11940,11094,10914,10910],"class_list":["post-123075","post","type-post","status-publish","format-standard","has-post-thumbnail","category-ayora-ca","category-ayora-cofrentes-ca","category-anna-ca","category-camp-de-turia-ca","category-canal-salud","category-canals-ca","category-covid-19-ca","category-ventana-ca","category-guadassuar-ca","category-infraestructuras-ca","category-la-canal-de-navarres-ca","category-la-comarca-ca","category-sin-categorizar-ca","category-la-hoya-ca","category-la-ribera-ca","category-lliria-ca","category-medio-ambiente-la-comarca-ca","category-politica","category-requena-utiel-ca","category-seccion-ca","category-sinarcas-ca","category-sucesos-la-comarca-ca","category-utiel-ca","category-cheste-ca","tag-camp-de-turia-ca","tag-coronavirus-ca","tag-covid-19-ca","tag-la-canal-de-navarres","tag-la-hoya-de-bunol-chiva-ca","tag-requena-utiel-ca"],"_links":{"self":[{"href":"https:\/\/tucomarca.whitekongsoftware.com\/ca\/wp-json\/wp\/v2\/posts\/123075","targetHints":{"allow":["GET"]}}],"collection":[{"href":"https:\/\/tucomarca.whitekongsoftware.com\/ca\/wp-json\/wp\/v2\/posts"}],"about":[{"href":"https:\/\/tucomarca.whitekongsoftware.com\/ca\/wp-json\/wp\/v2\/types\/post"}],"author":[{"embeddable":true,"href":"https:\/\/tucomarca.whitekongsoftware.com\/ca\/wp-json\/wp\/v2\/users\/1"}],"replies":[{"embeddable":true,"href":"https:\/\/tucomarca.whitekongsoftware.com\/ca\/wp-json\/wp\/v2\/comments?post=123075"}],"version-history":[{"count":0,"href":"https:\/\/tucomarca.whitekongsoftware.com\/ca\/wp-json\/wp\/v2\/posts\/123075\/revisions"}],"wp:featuredmedia":[{"embeddable":true,"href":"https:\/\/tucomarca.whitekongsoftware.com\/ca\/wp-json\/wp\/v2\/media\/122690"}],"wp:attachment":[{"href":"https:\/\/tucomarca.whitekongsoftware.com\/ca\/wp-json\/wp\/v2\/media?parent=123075"}],"wp:term":[{"taxonomy":"category","embeddable":true,"href":"https:\/\/tucomarca.whitekongsoftware.com\/ca\/wp-json\/wp\/v2\/categories?post=123075"},{"taxonomy":"post_tag","embeddable":true,"href":"https:\/\/tucomarca.whitekongsoftware.com\/ca\/wp-json\/wp\/v2\/tags?post=123075"}],"curies":[{"name":"wp","href":"https:\/\/api.w.org\/{rel}","templated":true}]}}