{"id":123069,"date":"2021-01-05T11:13:24","date_gmt":"2021-01-05T10:13:24","guid":{"rendered":"http:\/\/www.tucomarca.com\/wordpress\/segunda\/?p=123069"},"modified":"2021-01-05T16:06:43","modified_gmt":"2021-01-05T15:06:43","slug":"leliana-reparteix-200-000-euros-mes-en-la-segona-fase-dajudes-a-empreses-i-comercos-locals","status":"publish","type":"post","link":"https:\/\/tucomarca.whitekongsoftware.com\/ca\/leliana-reparteix-200-000-euros-mes-en-la-segona-fase-dajudes-a-empreses-i-comercos-locals\/","title":{"rendered":"L&#8217;Eliana reparteix 200.000 euros m\u00e9s en la segona fase d&#8217;ajudes a empreses i comer\u00e7os locals"},"content":{"rendered":"\n<h4 class=\"wp-block-heading\"><strong>Cada beneficiari ha rebut, de mitjana, m\u00e9s de 1.500 euros a fons perdut dins del pla l&#8217;Eliana Impulsa.<\/strong><\/h4>\n\n\n\n<p class=\"wp-block-paragraph\">L&#8217;Ajuntament ha comen\u00e7at a abonar, entre un total de 163 empreses i comer\u00e7os locals, la segona fase de la l\u00ednia d&#8217;ajudes del pla l&#8217;Eliana Impulsa dotades amb 300.000 euros. La primera fase va repartir un total de 89.739 euros, i en concret entre 500 i 600 euros als empresaris que exploten negocis d&#8217;hostaleria o similars, de comer\u00e7 no alimentari i\/o serveis en el terme municipal, amb o sense treballadors per compte d&#8217;altri al seu c\u00e0rrec, i que es van veure obligats a tancar en virtut del que es disposa pel RD 463\/2020, del 14 de mar\u00e7.&nbsp;<\/p>\n\n\n\n<p class=\"wp-block-paragraph\">En aquesta segona etapa, i davant el romanent de 210.260 euros sobrant de l&#8217;ajuda que estava prevista arribar aconseguir els 227 establiments, el consistori ha redistribu\u00eft l&#8217;import per igual entre aquells que reunien la condici\u00f3 de beneficiari i complien amb les bases. D&#8217;aquesta manera cada empresari ha sumat, de mitjana, altres 1.290 euros a l&#8217;ajuda inicial.<\/p>\n\n\n\n<p class=\"wp-block-paragraph\">Per a poder optar a aquesta subvenci\u00f3, els interessats han hagut de presentar rebuts o factures de la despesa corrent derivada del desenvolupament de l&#8217;activitat com: despeses de lloguer de locals, llum, aigua, p\u00f2lisses d&#8217;assegurances, despeses de manteniment, despeses d&#8217;assessories, quotes d&#8217;aut\u00f2nom, assegurances socials, etc. que hagen suportat des de l&#8217;1 de mar\u00e7 al 30 d&#8217;abril de 2020.<\/p>\n\n\n\n<p class=\"wp-block-paragraph\">L&#8217;alcalde de l&#8217;Eliana, Salva Torrent, s&#8217;ha mostrat satisfet amb aquesta mesura que s&#8217;emmarca dins del Pla Impulsa, dotat amb un total de 1,2 milions d&#8217;euros, per a recuperar l&#8217;economia local i ha declarat que \u201c<em>de mitjana, cada comerciant ha rebut m\u00e9s de 1.530 euros per a mitigar la crisi provocada per la covid-19 i promocionar els seus negocis en aquests dif\u00edcils moments que estem travessant<\/em>\u201d.<br><\/p>\n","protected":false},"excerpt":{"rendered":"<div class=\"mh-excerpt\">Cada beneficiari ha rebut, de mitjana, m\u00e9s de 1.500 euros a fons perdut dins del pla l&#8217;Eliana Impulsa. L&#8217;Ajuntament ha comen\u00e7at a abonar, entre un total de 163 empreses i comer\u00e7os locals, la segona fase <a class=\"mh-excerpt-more\" href=\"https:\/\/tucomarca.whitekongsoftware.com\/ca\/leliana-reparteix-200-000-euros-mes-en-la-segona-fase-dajudes-a-empreses-i-comercos-locals\/\" title=\"L&#8217;Eliana reparteix 200.000 euros m\u00e9s en la segona fase d&#8217;ajudes a empreses i comer\u00e7os locals\">[+] <\/a><\/div>\n","protected":false},"author":12,"featured_media":123068,"comment_status":"open","ping_status":"open","sticky":false,"template":"","format":"standard","meta":{"footnotes":""},"categories":[10892,12202,10948,10894,10893,10947,10896],"tags":[10899,11939,11172],"class_list":["post-123069","post","type-post","status-publish","format-standard","has-post-thumbnail","category-camp-de-turia-ca","category-covid-19-ca","category-infraestructuras-ca","category-la-comarca-ca","category-leliana-ca","category-politica","category-seccion-ca","tag-camp-de-turia-ca","tag-coronavirus-ca","tag-leliana-ca-2"],"_links":{"self":[{"href":"https:\/\/tucomarca.whitekongsoftware.com\/ca\/wp-json\/wp\/v2\/posts\/123069","targetHints":{"allow":["GET"]}}],"collection":[{"href":"https:\/\/tucomarca.whitekongsoftware.com\/ca\/wp-json\/wp\/v2\/posts"}],"about":[{"href":"https:\/\/tucomarca.whitekongsoftware.com\/ca\/wp-json\/wp\/v2\/types\/post"}],"author":[{"embeddable":true,"href":"https:\/\/tucomarca.whitekongsoftware.com\/ca\/wp-json\/wp\/v2\/users\/12"}],"replies":[{"embeddable":true,"href":"https:\/\/tucomarca.whitekongsoftware.com\/ca\/wp-json\/wp\/v2\/comments?post=123069"}],"version-history":[{"count":0,"href":"https:\/\/tucomarca.whitekongsoftware.com\/ca\/wp-json\/wp\/v2\/posts\/123069\/revisions"}],"wp:featuredmedia":[{"embeddable":true,"href":"https:\/\/tucomarca.whitekongsoftware.com\/ca\/wp-json\/wp\/v2\/media\/123068"}],"wp:attachment":[{"href":"https:\/\/tucomarca.whitekongsoftware.com\/ca\/wp-json\/wp\/v2\/media?parent=123069"}],"wp:term":[{"taxonomy":"category","embeddable":true,"href":"https:\/\/tucomarca.whitekongsoftware.com\/ca\/wp-json\/wp\/v2\/categories?post=123069"},{"taxonomy":"post_tag","embeddable":true,"href":"https:\/\/tucomarca.whitekongsoftware.com\/ca\/wp-json\/wp\/v2\/tags?post=123069"}],"curies":[{"name":"wp","href":"https:\/\/api.w.org\/{rel}","templated":true}]}}