{"id":123007,"date":"2021-01-04T19:00:02","date_gmt":"2021-01-04T18:00:02","guid":{"rendered":"http:\/\/www.tucomarca.com\/wordpress\/segunda\/?p=123007"},"modified":"2021-01-05T14:52:33","modified_gmt":"2021-01-05T13:52:33","slug":"lajuntament-de-xest-repartira-15-000-mascares-tipus-ffp2-a-la-poblacio","status":"publish","type":"post","link":"https:\/\/tucomarca.whitekongsoftware.com\/ca\/lajuntament-de-xest-repartira-15-000-mascares-tipus-ffp2-a-la-poblacio\/","title":{"rendered":"L&#8217;Ajuntament de Xest repartir\u00e0 15.000 m\u00e0scares tipus FFP2 a la poblaci\u00f3"},"content":{"rendered":"\n<h4 class=\"wp-block-heading\"><strong>A partir de l&#8217;11 de gener, els ve\u00efns i ve\u00efnes de Xest podran arreplegar les seues m\u00e0scares en l&#8217;oficina de Turisme, mostrant la seua DNI i indicant el seu domicili; m\u00e9s avant hi haur\u00e0 una altra entrega de 15.000 unitats<\/strong><\/h4>\n\n\n\n<p class=\"wp-block-paragraph\">Des de la Regidoria de Serveis s&#8217;ha informat que dilluns que ve, 11 de gener, comen\u00e7ar\u00e0 el repartiment de 15.000 m\u00e0scares de tipus FFP2 per a la poblaci\u00f3 a l&#8217;oficina de Turisme, en horari de dilluns a divendres, de 9:00 a 14: 00 i dimarts de 17:00 a 19:00.<\/p>\n\n\n\n<p class=\"wp-block-paragraph\">Segons ha anunciat el regidor de Serveis, Jos\u00e9 Vicente Guijarro, cada habitatge rebr\u00e0 cinc mascaretes. &#8220;Aquest cop, hem preferit que les persones es presentin amb el seu carnet d&#8217;identitat i recullen personalment les mascaretes a l&#8217;oficina de turisme, mostrant el seu DNI i indicant el seu domicili, ja que en l&#8217;anterior ocasi\u00f3 va haver-hi casos en qu\u00e8 algunes m\u00e0scares van ser robades de les b\u00fasties &#8220;, explica el regidor.<\/p>\n\n\n\n<p class=\"wp-block-paragraph\">Totes aquelles persones que vagin a recollir les mascaretes en nom d&#8217;altres, han de lliurar una autoritzaci\u00f3 en la qual consti el nombre de el DNI i la signatura del ciutad\u00e0 o la ciutadana a la qual representen.<\/p>\n\n\n\n<p class=\"wp-block-paragraph\">&#8220;Aquesta acci\u00f3 sorgeix gr\u00e0cies a l&#8217;aprovaci\u00f3 de la proposta que vaig presentar en l&#8217;anterior ple per modificar una partida que no s&#8217;anava a gastar, a causa de la situaci\u00f3 de pand\u00e8mia&#8221;, ha declarat Guijarro. &#8220;Per aix\u00f2, i davant l&#8217;augment de contagis a Xest, vaig decidir plantejar la inversi\u00f3 d&#8217;aquests diners en la compra de m\u00e0scares, ja que la poblaci\u00f3 \u00e9s molt vulnerable al contagi ia hores d&#8217;ara les administracions p\u00fabliques hem d&#8217;ajudar el m\u00e0xim possible. Per ara es repartiran 15.000 unitats i m\u00e9s endavant hi haur\u00e0 un segon lliurament de la mateixa quantitat &#8220;.<\/p>\n\n\n\n<p class=\"wp-block-paragraph\"><strong>Crida a la responsabilitat<\/strong><\/p>\n\n\n\n<p class=\"wp-block-paragraph\">El regidor tamb\u00e9 ha recordat la import\u00e0ncia de complir les normes i mantenir les mesures de seguretat i higiene per reduir els contagis en la poblaci\u00f3. &#8220;Insisteixo a la poblaci\u00f3 en qu\u00e8 es tingue la m\u00e0xima responsabilitat per poder frenar l&#8217;escalada de contagis a Xest. Cal seguir evitant el contacte social, i en cas d&#8217;originar-, que es facen complint les recomanacions&#8221;, apunta.<\/p>\n","protected":false},"excerpt":{"rendered":"<div class=\"mh-excerpt\">A partir de l&#8217;11 de gener, els ve\u00efns i ve\u00efnes de Xest podran arreplegar les seues m\u00e0scares en l&#8217;oficina de Turisme, mostrant la seua DNI i indicant el seu domicili; m\u00e9s avant hi haur\u00e0 una <a class=\"mh-excerpt-more\" href=\"https:\/\/tucomarca.whitekongsoftware.com\/ca\/lajuntament-de-xest-repartira-15-000-mascares-tipus-ffp2-a-la-poblacio\/\" title=\"L&#8217;Ajuntament de Xest repartir\u00e0 15.000 m\u00e0scares tipus FFP2 a la poblaci\u00f3\">[+] <\/a><\/div>\n","protected":false},"author":12,"featured_media":123006,"comment_status":"open","ping_status":"open","sticky":false,"template":"","format":"standard","meta":{"footnotes":""},"categories":[11010,12202,10894,10912,10947,10896,10897,10974],"tags":[11071,11939,11940,10914,13442],"class_list":["post-123007","post","type-post","status-publish","format-standard","has-post-thumbnail","category-canal-salud","category-covid-19-ca","category-la-comarca-ca","category-la-hoya-ca","category-politica","category-seccion-ca","category-sucesos-la-comarca-ca","category-cheste-ca","tag-cheste","tag-coronavirus-ca","tag-covid-19-ca","tag-la-hoya-de-bunol-chiva-ca","tag-mascarillas-ffp2-ca"],"_links":{"self":[{"href":"https:\/\/tucomarca.whitekongsoftware.com\/ca\/wp-json\/wp\/v2\/posts\/123007","targetHints":{"allow":["GET"]}}],"collection":[{"href":"https:\/\/tucomarca.whitekongsoftware.com\/ca\/wp-json\/wp\/v2\/posts"}],"about":[{"href":"https:\/\/tucomarca.whitekongsoftware.com\/ca\/wp-json\/wp\/v2\/types\/post"}],"author":[{"embeddable":true,"href":"https:\/\/tucomarca.whitekongsoftware.com\/ca\/wp-json\/wp\/v2\/users\/12"}],"replies":[{"embeddable":true,"href":"https:\/\/tucomarca.whitekongsoftware.com\/ca\/wp-json\/wp\/v2\/comments?post=123007"}],"version-history":[{"count":0,"href":"https:\/\/tucomarca.whitekongsoftware.com\/ca\/wp-json\/wp\/v2\/posts\/123007\/revisions"}],"wp:featuredmedia":[{"embeddable":true,"href":"https:\/\/tucomarca.whitekongsoftware.com\/ca\/wp-json\/wp\/v2\/media\/123006"}],"wp:attachment":[{"href":"https:\/\/tucomarca.whitekongsoftware.com\/ca\/wp-json\/wp\/v2\/media?parent=123007"}],"wp:term":[{"taxonomy":"category","embeddable":true,"href":"https:\/\/tucomarca.whitekongsoftware.com\/ca\/wp-json\/wp\/v2\/categories?post=123007"},{"taxonomy":"post_tag","embeddable":true,"href":"https:\/\/tucomarca.whitekongsoftware.com\/ca\/wp-json\/wp\/v2\/tags?post=123007"}],"curies":[{"name":"wp","href":"https:\/\/api.w.org\/{rel}","templated":true}]}}