{"id":122983,"date":"2021-01-03T10:00:41","date_gmt":"2021-01-03T09:00:41","guid":{"rendered":"http:\/\/www.tucomarca.com\/wordpress\/segunda\/?p=122983"},"modified":"2021-01-05T15:00:50","modified_gmt":"2021-01-05T14:00:50","slug":"el-ple-de-riba-roja-felicita-a-33-alumnes-de-la-localitat-per-rebre-els-premis-excellencia-de-la-conselleria-deducacio","status":"publish","type":"post","link":"https:\/\/tucomarca.whitekongsoftware.com\/ca\/el-ple-de-riba-roja-felicita-a-33-alumnes-de-la-localitat-per-rebre-els-premis-excellencia-de-la-conselleria-deducacio\/","title":{"rendered":"El ple de Riba-roja felicita a 33 alumnes de la localitat per rebre els Premis Excel\u00b7l\u00e8ncia de la conselleria d&#8217;Educaci\u00f3"},"content":{"rendered":"\n<h4 class=\"wp-block-heading\"><strong>L&#8217;ajuntament reconeix el treball i esfor\u00e7 dels estudiants<\/strong><\/h4>\n\n\n\n<p class=\"wp-block-paragraph\">El ple de l&#8217;Ajuntament de Riba-roja de T\u00faria ha aprovat per unanimitat de tots els seus grups pol\u00edtics una felicitaci\u00f3 als alumnes de la localitat que han rebut els premis extraordinaris al rendiment acad\u00e8mic de el curs 2019-2020. La felicitaci\u00f3 del ple ha comptat amb el suport de tots els partits pol\u00edtics, l&#8217;equip de govern de PSPV, el Partit Popular, Ciutadans, Comprom\u00eds, l&#8217;Esquerra, Podem Riba-roja Pot i Vox.<\/p>\n\n\n\n<p class=\"wp-block-paragraph\">El consistori reconeix i lloa p\u00fablicament l&#8217;esfor\u00e7, el treball i els excel\u00b7lents resultats que han obtingut els esmentats estudiants de Riba-roja de T\u00faria que van obtenir al llarg de l&#8217;passat curs acad\u00e8mic. Les felicitacions es dirigeixen als 13 alumnes dels centres educatius de prim\u00e0ria i secund\u00e0ria d&#8217;aquesta localitat que han rebut els premis extraordinaris.<\/p>\n\n\n\n<p class=\"wp-block-paragraph\">El ple reconeix, a m\u00e9s, els resultats d&#8217;excel\u00b7l\u00e8ncia de la resta d&#8217;estudiants de l&#8217;cicle de batxillerat de la localitat que s&#8217;han fixat en un total de 20 alumnes, de manera que el global d&#8217;alumnes est\u00e0 xifrat en 33 alumnes. D&#8217;aquesta manera, el ple municipal de Riba-roja de T\u00faria lloa i reconeix els m\u00e8rits i l&#8217;esfor\u00e7 de la totalitat dels alumnes del municipi.<\/p>\n\n\n\n<p class=\"wp-block-paragraph\">El text ratificat per l&#8217;ajuntament destaca que aquest reconeixement &#8220;\u00e9s un orgull per a la corporaci\u00f3 pel reconeixement dels seus m\u00e8rits i animar-los perqu\u00e8 continuen en la mateixa l\u00ednia d&#8217;aprenentatge, la cultura i el m\u00f3n de el coneixement &#8220;aix\u00ed com un altre reconeixement a tots els equips docents educatius que han sabut infondre&#8217;ls els esmentats coneixements. Aquest reconeixement p\u00fablic de l&#8217;Ajuntament de Riba-roja de T\u00faria s&#8217;afegeix a altres que en mesos precedents s&#8217;han efectuat en l&#8217;\u00e0mbit de l&#8217;esport de la localitat, no nom\u00e9s en l&#8217;aspecte global sin\u00f3 tamb\u00e9 en l&#8217;individual, especialment en l&#8217;atletisme i la pilota valenciana.<\/p>\n\n\n\n<p class=\"wp-block-paragraph\">D&#8217;aquesta manera es feliciten als alumnes de primera Irene Lara Camp de T\u00faria), Alba Faul\u00ed d&#8217;el Cervantes, Alexia Noia i Maria Luas en Eres Altes, Empar Garc\u00eda i H\u00e9ctor Velasco al Escoto i, finalment, Marta Camps a la Les nostres Senyora de l&#8217;Assumpci\u00f3. En educaci\u00f3 secund\u00e0ria ha estat guardonada Martina Ferrer i Sara Sant Joan de l&#8217;Assumpci\u00f3, Yaiza Canut, Laije Ji i Laiqian Ji de l&#8217;Quint i Seila de la Creu del Pla de Nadal.<\/p>\n\n\n\n<p class=\"wp-block-paragraph\">El ple tamb\u00e9 ha fet extensiva la seua felicitaci\u00f3 al programa de refor\u00e7 de quart d&#8217;ESO a Sandra Vargas, Jos\u00e9 Mar\u00eda Manrique de l&#8217;Assumpci\u00f3 en el cicle formatiu de grau mitj\u00e0, en el grau superior a Juan Jes\u00fas L\u00f3pez i Sandra Mu\u00f1oz i Cristian Rodr\u00edguez de l&#8217;Assumpci\u00f3. En els graus de batxillerat s&#8217;ha fet un reconeixement a Andrea Cabeza i Aitana Barquero del Pla de Nadal.<\/p>\n\n\n\n<p class=\"wp-block-paragraph\">De el col\u00b7legi el Quint s&#8217;han felicitat a Leyre Castro, Sandra Chilet i Ariadna San Juan i, finalment, Amani Gharbi, Eva Pati\u00f1o i Alexandra Ramos amb matr\u00edcula d&#8217;honor. A l&#8217;escola de l&#8217;Assumpci\u00f3 cal assenyalar a Raquel Folgado, Ana Gallach, Arturo Galisteo, N\u00faria Lahiguera, Clara Mart\u00ed, Pablo Perles i Maria Tortajada, tots ells per la seua excel\u00b7l\u00e8ncia acad\u00e8mica.<\/p>\n\n\n\n<p class=\"wp-block-paragraph\">L&#8217;alcalde de Riba-roja de T\u00faria, Robert Raga, ha assenyalat que aquests reconeixements p\u00fablics cap a tots els alumnes dels col\u00b7legis de la localitat &#8220;han de ser un al\u00b7licient i un motiu m\u00e9s perqu\u00e8 tots ells continuen en la mateixa l\u00ednia d&#8217;esfor\u00e7 i treball realitzat durant el passat curs acad\u00e8mic en un moment caracteritzat per unes circumst\u00e0ncies molt determinades &#8220;.<\/p>\n","protected":false},"excerpt":{"rendered":"<div class=\"mh-excerpt\">L&#8217;ajuntament reconeix el treball i esfor\u00e7 dels estudiants El ple de l&#8217;Ajuntament de Riba-roja de T\u00faria ha aprovat per unanimitat de tots els seus grups pol\u00edtics una felicitaci\u00f3 als alumnes de la localitat que han <a class=\"mh-excerpt-more\" href=\"https:\/\/tucomarca.whitekongsoftware.com\/ca\/el-ple-de-riba-roja-felicita-a-33-alumnes-de-la-localitat-per-rebre-els-premis-excellencia-de-la-conselleria-deducacio\/\" title=\"El ple de Riba-roja felicita a 33 alumnes de la localitat per rebre els Premis Excel\u00b7l\u00e8ncia de la conselleria d&#8217;Educaci\u00f3\">[+] <\/a><\/div>\n","protected":false},"author":12,"featured_media":121398,"comment_status":"open","ping_status":"open","sticky":false,"template":"","format":"standard","meta":{"footnotes":""},"categories":[10892,10894,10906,10896],"tags":[10395,13437,1504],"class_list":["post-122983","post","type-post","status-publish","format-standard","has-post-thumbnail","category-camp-de-turia-ca","category-la-comarca-ca","category-riba-roja-ca","category-seccion-ca","tag-camp-de-turia","tag-premios-excelencia","tag-riba-roja-2"],"_links":{"self":[{"href":"https:\/\/tucomarca.whitekongsoftware.com\/ca\/wp-json\/wp\/v2\/posts\/122983","targetHints":{"allow":["GET"]}}],"collection":[{"href":"https:\/\/tucomarca.whitekongsoftware.com\/ca\/wp-json\/wp\/v2\/posts"}],"about":[{"href":"https:\/\/tucomarca.whitekongsoftware.com\/ca\/wp-json\/wp\/v2\/types\/post"}],"author":[{"embeddable":true,"href":"https:\/\/tucomarca.whitekongsoftware.com\/ca\/wp-json\/wp\/v2\/users\/12"}],"replies":[{"embeddable":true,"href":"https:\/\/tucomarca.whitekongsoftware.com\/ca\/wp-json\/wp\/v2\/comments?post=122983"}],"version-history":[{"count":0,"href":"https:\/\/tucomarca.whitekongsoftware.com\/ca\/wp-json\/wp\/v2\/posts\/122983\/revisions"}],"wp:featuredmedia":[{"embeddable":true,"href":"https:\/\/tucomarca.whitekongsoftware.com\/ca\/wp-json\/wp\/v2\/media\/121398"}],"wp:attachment":[{"href":"https:\/\/tucomarca.whitekongsoftware.com\/ca\/wp-json\/wp\/v2\/media?parent=122983"}],"wp:term":[{"taxonomy":"category","embeddable":true,"href":"https:\/\/tucomarca.whitekongsoftware.com\/ca\/wp-json\/wp\/v2\/categories?post=122983"},{"taxonomy":"post_tag","embeddable":true,"href":"https:\/\/tucomarca.whitekongsoftware.com\/ca\/wp-json\/wp\/v2\/tags?post=122983"}],"curies":[{"name":"wp","href":"https:\/\/api.w.org\/{rel}","templated":true}]}}