{"id":122945,"date":"2020-12-31T17:00:36","date_gmt":"2020-12-31T16:00:36","guid":{"rendered":"http:\/\/www.tucomarca.com\/wordpress\/segunda\/?p=122945"},"modified":"2021-01-04T11:29:48","modified_gmt":"2021-01-04T10:29:48","slug":"sanitat-registra-2-832-nous-casos-de-coronavirus-en-lultima-jornada","status":"publish","type":"post","link":"https:\/\/tucomarca.whitekongsoftware.com\/ca\/sanitat-registra-2-832-nous-casos-de-coronavirus-en-lultima-jornada\/","title":{"rendered":"Sanitat registra 2.832 nous casos de coronavirus en l&#8217;\u00faltima jornada"},"content":{"rendered":"\n<p class=\"wp-block-paragraph\"><strong>Per prov\u00edncies: 401 a Castell\u00f3, 862 a Alacant i 1.568 a Val\u00e8ncia. A m\u00e9s, hi ha 1 cas sense assignar<\/strong><\/p>\n\n\n\n<p class=\"wp-block-paragraph\">La conselleria de Sanitat Universal i Salut P\u00fablica ha registrado 2.832 nuevos contagios de coronavirus confirmados por prueba PCR o prueba de ant\u00edgenos en la Comunitat Valenciana, que sit\u00faan la cifra total de positivos en 148.304 personas. Por provincias, la distribuci\u00f3n es la siguiente: 401 en Castell\u00f3n (16.271 en total); 862 en Alicante (48.459 en total), y 1.568 en la provincia de Valencia (82.571 en total). Adem\u00e1s, hay 1 casos sin reasignar, de manera que el n\u00famero de casos no asignados asciende a 3.<\/p>\n\n\n\n<p class=\"wp-block-paragraph\">Por otro lado, los hospitales valencianos cuentan en estos momentos con 1.713 personas ingresadas: 153 en la provincia de Castell\u00f3n, con 24 pacientes en UCI; 518 personas en la de Alicante, con 108 en UCI; y 1.042 en la provincia de Valencia, de los cuales 151 se encuentran en la UCI.<\/p>\n\n\n\n<p class=\"wp-block-paragraph\">Respecto a los fallecimientos por coronavirus, se han producido 10 desde la \u00faltima actualizaci\u00f3n, por lo que el total de defunciones es de 2.975.<\/p>\n\n\n\n<p class=\"wp-block-paragraph\"><strong>Actualizaci\u00f3n brotes de coronavirus<\/strong><\/p>\n\n\n\n<p class=\"wp-block-paragraph\">Nuevos brotes: 30<\/p>\n\n\n\n<p class=\"wp-block-paragraph\">\u00b7 Borriana: 6 casos. \u00c1mbito educativo<\/p>\n\n\n\n<p class=\"wp-block-paragraph\">\u00b7 Onda: 3 casos. Origen laboral<\/p>\n\n\n\n<p class=\"wp-block-paragraph\">\u00b7 Bonrep\u00f3s i Mirambell: 7 casos. \u00c1mbito educativo<\/p>\n\n\n\n<p class=\"wp-block-paragraph\">\u00b7 Elche: 3 casos. Origen laboral<\/p>\n\n\n\n<p class=\"wp-block-paragraph\">\u00b7 Redov\u00e1n: 4 casos. Origen laboral<\/p>\n\n\n\n<p class=\"wp-block-paragraph\">\u00b7 Alcoi: 11 casos. Origen laboral<\/p>\n\n\n\n<p class=\"wp-block-paragraph\">\u00b7 Benicarl\u00f3: 6 casos. Origen social<\/p>\n\n\n\n<p class=\"wp-block-paragraph\">\u00b7 Cox: 3 casos. Origen laboral<\/p>\n\n\n\n<p class=\"wp-block-paragraph\">\u00b7 L&#8217;Alc\u00fadia de Crespins: 8 casos. Origen social<\/p>\n\n\n\n<p class=\"wp-block-paragraph\">\u00b7 Alboraia: 5 casos. Origen social<\/p>\n\n\n\n<p class=\"wp-block-paragraph\">\u00b7 X\u00e0bia: 5 casos. Origen laboral<\/p>\n\n\n\n<p class=\"wp-block-paragraph\">\u00b7 Ondara: 3 casos. \u00c1mbito educativo<\/p>\n\n\n\n<p class=\"wp-block-paragraph\">\u00b7 Quatretonda: 4 casos. Origen laboral<\/p>\n\n\n\n<p class=\"wp-block-paragraph\">\u00b7 Val\u00e8ncia: 3 casos. \u00c1mbito educativo<\/p>\n\n\n\n<p class=\"wp-block-paragraph\">\u00b7 Val\u00e8ncia: 5 casos. \u00c1mbito educativo<\/p>\n\n\n\n<p class=\"wp-block-paragraph\">\u00b7 Val\u00e8ncia: 3 casos. Origen laboral<\/p>\n\n\n\n<p class=\"wp-block-paragraph\">\u00b7 Silla: 6 casos. Origen social<\/p>\n\n\n\n<p class=\"wp-block-paragraph\">\u00b7 Elche: 4 casos. Origen social<\/p>\n\n\n\n<p class=\"wp-block-paragraph\">\u00b7 Val\u00e8ncia: 4 casos. Origen social<\/p>\n\n\n\n<p class=\"wp-block-paragraph\">\u00b7 Gandia: 5 casos. Origen laboral<\/p>\n\n\n\n<p class=\"wp-block-paragraph\">\u00b7 Val\u00e8ncia: 4 casos. \u00c1mbito educativo<\/p>\n\n\n\n<p class=\"wp-block-paragraph\">\u00b7 Moixent: 3 casos. Origen social<\/p>\n\n\n\n<p class=\"wp-block-paragraph\">\u00b7 Vinar\u00f2s: 4 casos. Origen social<\/p>\n\n\n\n<p class=\"wp-block-paragraph\">\u00b7 L&#8217;Eliana: 3 casos. Origen social<\/p>\n\n\n\n<p class=\"wp-block-paragraph\">\u00b7 Alberic: 3 casos. Origen laboral<\/p>\n\n\n\n<p class=\"wp-block-paragraph\">\u00b7 Chiva: 5 casos. Origen laboral<\/p>\n\n\n\n<p class=\"wp-block-paragraph\">\u00b7 X\u00e0tiva: 3 casos. Origen laboral<\/p>\n\n\n\n<p class=\"wp-block-paragraph\">\u00b7 Fontanars dels Alforins: 3 casos. \u00c1mbito educativo<\/p>\n\n\n\n<p class=\"wp-block-paragraph\">\u00b7 D\u00e9nia: 4 casos. Origen social<\/p>\n\n\n\n<p class=\"wp-block-paragraph\">\u00b7 Fontanars dels Alforins: 2 casos. \u00c1mbito educativo<\/p>\n","protected":false},"excerpt":{"rendered":"<div class=\"mh-excerpt\">Per prov\u00edncies: 401 a Castell\u00f3, 862 a Alacant i 1.568 a Val\u00e8ncia. A m\u00e9s, hi ha 1 cas sense assignar La conselleria de Sanitat Universal i Salut P\u00fablica ha registrado 2.832 nuevos contagios de coronavirus <a class=\"mh-excerpt-more\" href=\"https:\/\/tucomarca.whitekongsoftware.com\/ca\/sanitat-registra-2-832-nous-casos-de-coronavirus-en-lultima-jornada\/\" title=\"Sanitat registra 2.832 nous casos de coronavirus en l&#8217;\u00faltima jornada\">[+] <\/a><\/div>\n","protected":false},"author":1,"featured_media":114159,"comment_status":"open","ping_status":"open","sticky":false,"template":"","format":"standard","meta":{"footnotes":""},"categories":[10892,11010,12202,10898,10948,10894,10904,10912,10893,10903,10947,10896,10897,10975],"tags":[10899,11939,11940,10914],"class_list":["post-122945","post","type-post","status-publish","format-standard","has-post-thumbnail","category-camp-de-turia-ca","category-canal-salud","category-covid-19-ca","category-ventana-ca","category-infraestructuras-ca","category-la-comarca-ca","category-sin-categorizar-ca","category-la-hoya-ca","category-leliana-ca","category-medio-ambiente-la-comarca-ca","category-politica","category-seccion-ca","category-sucesos-la-comarca-ca","category-chiva-ca","tag-camp-de-turia-ca","tag-coronavirus-ca","tag-covid-19-ca","tag-la-hoya-de-bunol-chiva-ca"],"_links":{"self":[{"href":"https:\/\/tucomarca.whitekongsoftware.com\/ca\/wp-json\/wp\/v2\/posts\/122945","targetHints":{"allow":["GET"]}}],"collection":[{"href":"https:\/\/tucomarca.whitekongsoftware.com\/ca\/wp-json\/wp\/v2\/posts"}],"about":[{"href":"https:\/\/tucomarca.whitekongsoftware.com\/ca\/wp-json\/wp\/v2\/types\/post"}],"author":[{"embeddable":true,"href":"https:\/\/tucomarca.whitekongsoftware.com\/ca\/wp-json\/wp\/v2\/users\/1"}],"replies":[{"embeddable":true,"href":"https:\/\/tucomarca.whitekongsoftware.com\/ca\/wp-json\/wp\/v2\/comments?post=122945"}],"version-history":[{"count":0,"href":"https:\/\/tucomarca.whitekongsoftware.com\/ca\/wp-json\/wp\/v2\/posts\/122945\/revisions"}],"wp:featuredmedia":[{"embeddable":true,"href":"https:\/\/tucomarca.whitekongsoftware.com\/ca\/wp-json\/wp\/v2\/media\/114159"}],"wp:attachment":[{"href":"https:\/\/tucomarca.whitekongsoftware.com\/ca\/wp-json\/wp\/v2\/media?parent=122945"}],"wp:term":[{"taxonomy":"category","embeddable":true,"href":"https:\/\/tucomarca.whitekongsoftware.com\/ca\/wp-json\/wp\/v2\/categories?post=122945"},{"taxonomy":"post_tag","embeddable":true,"href":"https:\/\/tucomarca.whitekongsoftware.com\/ca\/wp-json\/wp\/v2\/tags?post=122945"}],"curies":[{"name":"wp","href":"https:\/\/api.w.org\/{rel}","templated":true}]}}