{"id":122861,"date":"2020-12-30T09:00:24","date_gmt":"2020-12-30T08:00:24","guid":{"rendered":"http:\/\/www.tucomarca.com\/wordpress\/segunda\/?p=122861"},"modified":"2020-12-30T22:54:07","modified_gmt":"2020-12-30T21:54:07","slug":"la-diputacio-de-valencia-aprova-el-major-pressupost-de-la-seua-historia-amb-un-ampli-consens","status":"publish","type":"post","link":"https:\/\/tucomarca.whitekongsoftware.com\/ca\/la-diputacio-de-valencia-aprova-el-major-pressupost-de-la-seua-historia-amb-un-ampli-consens\/","title":{"rendered":"La Diputaci\u00f3 de Val\u00e8ncia aprova el major pressupost de la seua hist\u00f2ria amb un ampli consens"},"content":{"rendered":"\n<p class=\"wp-block-paragraph\">La Diputaci\u00f3 de Val\u00e8ncia ha aprovat este dimecres, amb un ampli consens, el major pressupost de la seua hist\u00f2ria amb 550 milions d&#8217;euros que permetran incrementar la inversi\u00f3 en els municipis, ajudar els ajuntaments a donar una resposta immediata a les necessitats causades per la pand\u00e8mia i continuar modernitzant la instituci\u00f3 sobre la base d&#8217;una menor burocr\u00e0cia i una gesti\u00f3 sostenible. Els comptes per a 2021 han tirat avant amb el vot a favor del PSPV, Comprom\u00eds i La Vall ens Uneix, l&#8217;abstenci\u00f3 del PP i Ciutadans i l&#8217;\u00fanic vot en contra de Vox.<\/p>\n\n\n\n<p class=\"wp-block-paragraph\">En paraules del president de la Diputaci\u00f3, Toni Gaspar, \u201cla intenci\u00f3 de cara a estos pressupostos era continuar la l\u00ednia de treball amb la major complicitat possible per a fer front a la pand\u00e8mia de manera conjunta\u201d. Gaspar ha justificat el continuisme dels comptes recordant que \u201cha funcionat b\u00e9 donar una major autonomia als municipis i respectar la seua capacitat de decisi\u00f3; injectar diners als ajuntaments de manera directa a trav\u00e9s del Fons de Cooperaci\u00f3; i el Pla d&#8217;Inversions que vam iniciar l&#8217;any passat amb m\u00e9s de 140 milions d&#8217;euros que ja s&#8217;est\u00e0 traduint en millores en serveis i infraestructures en tota la prov\u00edncia\u201d.<\/p>\n\n\n\n<p class=\"wp-block-paragraph\">El m\u00e0xim responsable provincial ha agra\u00eft a tots els grups la intenci\u00f3 d&#8217;arribar a acords i ha assegurat que \u201cper damunt de les difer\u00e8ncies l\u00f2giques entre els uns i els altres, hi ha una bona voluntat de treball que es reflectix en un pressupost que mant\u00e9 el mateix escenari de consens al cap d&#8217;un any molt complicat i el repte d&#8217;un 2021 que requerir\u00e0 la mateixa unitat d&#8217;acci\u00f3\u201d. El president Gaspar ha finalitzat la sessi\u00f3 recordant a totes aquelles persones que s&#8217;han quedat en el cam\u00ed i als servidors p\u00fablics que han estat des del primer moment fent front a la pand\u00e8mia.<\/p>\n\n\n\n<p class=\"wp-block-paragraph\"><strong>Responsabilitat i acord<\/strong><\/p>\n\n\n\n<p class=\"wp-block-paragraph\">Per part seua, el portaveu del Partit Popular, Vicent Momp\u00f3, ha lamentat la \u201cbaixa execuci\u00f3 del pressupost del present exercici\u201d i ha avan\u00e7at que el seu grup estar\u00e0 \u201cvigilant perqu\u00e8 l&#8217;execuci\u00f3 en 2021 siga major\u201d. Momp\u00f3 ha assegurat que els pol\u00edtics \u201chem d&#8217;arribar a acords perqu\u00e8, en un moment com l&#8217;actual, la ciutadania no entendria que no ho ferem malgrat les nostres difer\u00e8ncies ideol\u00f2giques\u201d, i ha anteposat la responsabilitat que porta al seu grup a abstindre&#8217;s despr\u00e9s d&#8217;acceptar l&#8217;equip de govern algunes de les esmenes presentades pel PP, cas del mili\u00f3 i mig d&#8217;euros per a millora del patrimoni, les ajudes nominatives a determinats col\u00b7lectius socials i agraris i la dotaci\u00f3 addicional per al Fons de Cooperaci\u00f3.<\/p>\n\n\n\n<p class=\"wp-block-paragraph\">La portaveu de Ciutadans, Roc\u00edo Gil, ha deixat clar que estes no s\u00f3n els comptes que haguera presentat el seu partit, si b\u00e9 ha apel\u00b7lat a la \u201cpol\u00edtica \u00fatil\u201d per a referir-se a l&#8217;acord aconseguit amb l&#8217;equip de govern provincial: \u201cestem en un any molt complicat i fruit del nostre treball en la taula de negociaci\u00f3 hem aconseguit 20 milions d&#8217;euros m\u00e9s perqu\u00e8 els nostres municipis tiren avant\u201d.<\/p>\n\n\n\n<p class=\"wp-block-paragraph\">El portaveu de Comprom\u00eds, Xavier Rius, ha mostrat la seua satisfacci\u00f3 pel treball realitzat, que est\u00e0 permetent \u201crefor\u00e7ar les l\u00ednies program\u00e0tiques amb les quals este equip de govern duu a terme la seua gesti\u00f3\u201d. La seua hom\u00f2loga en el PSPV, Pilar Sarri\u00f3n, ha coincidit amb Rius a l&#8217;hora de posar en valor este \u201cpressupost continuista amb el qual s&#8217;ha aconseguit que molts col\u00b7lectius i associacions no s&#8217;ofegaren en temps molt dif\u00edcils\u201d. Sarri\u00f3n ha felicitat a tots els grups pels acords aconseguits i ha assegurat que l&#8217;important \u201cno \u00e9s si arriben a \u00faltima hora sin\u00f3 que puguen unir al major nombre de grups possible\u201d.<\/p>\n\n\n\n<p class=\"wp-block-paragraph\">Tamb\u00e9 ha votat a favor del Pressupost de 2021 el diputat de la Vall ens Uneix, Joan Sanchis, qui ha celebrat \u201cel repartiment equitatiu dels recursos entre els municipis i l&#8217;aposta incondicional per l&#8217;autonomia dels ajuntaments per damunt de colors pol\u00edtics, amb un suport especial per als m\u00e9s xicotets\u201d. Sanchis ha agra\u00eft que els comptes incloguen la reivindicaci\u00f3 del seu grup per a \u201ccontinuar avan\u00e7ant en la construcci\u00f3 del Museu T\u00e8xtil de la Comunitat Valenciana, un projecte en el qual la Diputaci\u00f3 participa com a patr\u00f3\u201d.<\/p>\n\n\n\n<p class=\"wp-block-paragraph\">Finalment, el diputat de Vox, Joaqu\u00edn Al\u00e9s, ha argumentat l&#8217;\u00fanic vot en contra al pressupost provincial, com ja succe\u00efra l&#8217;any passat. Al\u00e9s considera que el nou document \u201cno incidix en el greu problema de la desocupaci\u00f3 i en els efectes que la pand\u00e8mia est\u00e0 causant en pimes i aut\u00f2noms de la prov\u00edncia\u201d. Per a trencar \u201cel cercle vici\u00f3s d&#8217;una crisi econ\u00f2mica que perdurar\u00e0 m\u00e9s enll\u00e0 de la crisi sanit\u00e0ria\u201d, el diputat de Vox proposa \u201creprendre el pla provincial d&#8217;ocupaci\u00f3 i conciliaci\u00f3 laboral que en el seu moment va tindre la corporaci\u00f3\u201d.<\/p>\n\n\n\n<p class=\"wp-block-paragraph\"><strong>M\u00e9s inversi\u00f3, sostenibilitat i pol\u00edtiques socials<\/strong><\/p>\n\n\n\n<p class=\"wp-block-paragraph\">Els comptes aprovats per la corporaci\u00f3 provincial per a 2021, exposades en el ple extraordinari de pressupostos pel diputat d&#8217;Hisenda, Vicent Mascarell, destaquen per l&#8217;increment de la inversi\u00f3 directa en els municipis, que passa de 119 a 126 milions d&#8217;euros, als quals cal sumar els m\u00e9s de 40 milions dels fons de cooperaci\u00f3 amb la Generalitat i la possibilitat d&#8217;altres 20 milions que s&#8217;incorporarien a este fons per a inversi\u00f3 i despesa corrent al llarg de l&#8217;any, com ocorreguera en el passat exercici per a ajudar els ajuntaments a fer front a l&#8217;efecte de la pand\u00e8mia.<\/p>\n\n\n\n<p class=\"wp-block-paragraph\">A m\u00e9s de l&#8217;aposta inversora i la consolidaci\u00f3 del respecte per l&#8217;autonomia municipal, existixen altres eixos fonamentals com les pol\u00edtiques socials, que passen de 19,2 a 22,1 milions d&#8217;euros, i la dotaci\u00f3 mediambiental, que superar\u00e0 els 40 milions d&#8217;euros i inclou el Pla Reacciona. Tot amb el rerefons d&#8217;una gesti\u00f3 m\u00e9s \u00e0gil que busca eliminar burocr\u00e0cia per a convertir la Diputaci\u00f3 en una instituci\u00f3 moderna i innovadora.<\/p>\n\n\n\n<p class=\"wp-block-paragraph\">Per \u00e0rees, destaca la inversi\u00f3 en Carreteres i Infraestructures, que incrementa la seua assignaci\u00f3 un 7,5% fins arribar als 45,4 milions d&#8217;euros, amb un important refor\u00e7 del manteniment que es tradu\u00efx en 3,5 milions d&#8217;euros m\u00e9s; Cooperaci\u00f3 Municipal, que frega els 80 milions amb un augment del 2,1%; Medi Ambient, que comptar\u00e0 amb 42,3 milions d&#8217;euros m\u00e9s els quasi 30 milions del Consorci Provincial de Bombers; i Cultura, que suma una mica m\u00e9s de 20 milions d&#8217;euros incloent el MuVIM, els teatres i una dotaci\u00f3 especial per al Certamen Iturbi que passa de 200.000 a 446.900 euros.<\/p>\n\n\n\n<p class=\"wp-block-paragraph\">Altres \u00e0rees i empreses dependents de la Diputaci\u00f3 mantenen pressupost, cas dels 4,5 milions per a Turisme; els 5,1 milions de Divalterra; els 5,3 milions per a Joventut i Esports; els 1,7 milions per a les bandes de m\u00fasica de la prov\u00edncia; els 1,7 milions per a Mem\u00f2ria Hist\u00f2rica; els 2 milions d&#8217;euros per a Transpar\u00e8ncia; i el mili\u00f3 i mig per a programes d&#8217;Igualtat. A m\u00e9s, es transferiran 119 milions d&#8217;euros a l&#8217;Hospital General i s&#8217;incrementa en 300.000 euros situant en 3,3 milions la dotaci\u00f3 per a Teleassist\u00e8ncia, un servei a trav\u00e9s del qual s&#8217;han beneficiat prop de 30.000 persones majors de 70 anys.<\/p>\n\n\n\n<p class=\"wp-block-paragraph\"><strong>Ajuda a col\u00b7lectius afectats per la pand\u00e8mia<\/strong><\/p>\n\n\n\n<p class=\"wp-block-paragraph\">Pr\u00e8viament a la celebraci\u00f3 del ple que d\u00f3na llum verda al Pressupost de la corporaci\u00f3 provincial per a 2021, ha tingut lloc la sessi\u00f3 ordin\u00e0ria de desembre, que entre altres assumptes ha donat compte del Pla Anual de Control Financer, una eina valorada molt positivament per tots els grups i que reflectix la voluntat de l&#8217;equip de govern \u201cd\u2019auditar i vigilar de prop tots els \u00f2rgans de la instituci\u00f3 per a controlar tant les febleses com les fortaleses\u201d, al mateix temps que es posen en marxa els mecanismes legals per a \u201crecuperar els diners de totes aquelles gestions que s&#8217;hagen fet de manera err\u00f2nia\u201d.<\/p>\n\n\n\n<p class=\"wp-block-paragraph\">En esta sessi\u00f3 ordin\u00e0ria, que es completar\u00e0 a principis del pr\u00f2xim any, els grups amb representaci\u00f3 en la instituci\u00f3 provincial han aprovat per unanimitat una moci\u00f3 presentada per la Vall i esmenada per a adaptar-la a les compet\u00e8ncies pr\u00f2pies de la Diputaci\u00f3, perqu\u00e8 una vegada liquidat el pressupost, els romanents puguen destinar-se a ajudar als col\u00b7lectius m\u00e9s castigats per la COVID-19, especialment el comer\u00e7 i l&#8217;hostaleria, amb els aut\u00f2noms i pimes que formen una part important del teixit productiu valenci\u00e0.<\/p>\n","protected":false},"excerpt":{"rendered":"<div class=\"mh-excerpt\">La Diputaci\u00f3 de Val\u00e8ncia ha aprovat este dimecres, amb un ampli consens, el major pressupost de la seua hist\u00f2ria amb 550 milions d&#8217;euros que permetran incrementar la inversi\u00f3 en els municipis, ajudar els ajuntaments a <a class=\"mh-excerpt-more\" href=\"https:\/\/tucomarca.whitekongsoftware.com\/ca\/la-diputacio-de-valencia-aprova-el-major-pressupost-de-la-seua-historia-amb-un-ampli-consens\/\" title=\"La Diputaci\u00f3 de Val\u00e8ncia aprova el major pressupost de la seua hist\u00f2ria amb un ampli consens\">[+] <\/a><\/div>\n","protected":false},"author":12,"featured_media":122859,"comment_status":"open","ping_status":"open","sticky":false,"template":"","format":"standard","meta":{"footnotes":""},"categories":[10898,10948,10894,10904,10947,10896],"tags":[4013],"class_list":["post-122861","post","type-post","status-publish","format-standard","has-post-thumbnail","category-ventana-ca","category-infraestructuras-ca","category-la-comarca-ca","category-sin-categorizar-ca","category-politica","category-seccion-ca","tag-diputacion-de-valencia"],"_links":{"self":[{"href":"https:\/\/tucomarca.whitekongsoftware.com\/ca\/wp-json\/wp\/v2\/posts\/122861","targetHints":{"allow":["GET"]}}],"collection":[{"href":"https:\/\/tucomarca.whitekongsoftware.com\/ca\/wp-json\/wp\/v2\/posts"}],"about":[{"href":"https:\/\/tucomarca.whitekongsoftware.com\/ca\/wp-json\/wp\/v2\/types\/post"}],"author":[{"embeddable":true,"href":"https:\/\/tucomarca.whitekongsoftware.com\/ca\/wp-json\/wp\/v2\/users\/12"}],"replies":[{"embeddable":true,"href":"https:\/\/tucomarca.whitekongsoftware.com\/ca\/wp-json\/wp\/v2\/comments?post=122861"}],"version-history":[{"count":0,"href":"https:\/\/tucomarca.whitekongsoftware.com\/ca\/wp-json\/wp\/v2\/posts\/122861\/revisions"}],"wp:featuredmedia":[{"embeddable":true,"href":"https:\/\/tucomarca.whitekongsoftware.com\/ca\/wp-json\/wp\/v2\/media\/122859"}],"wp:attachment":[{"href":"https:\/\/tucomarca.whitekongsoftware.com\/ca\/wp-json\/wp\/v2\/media?parent=122861"}],"wp:term":[{"taxonomy":"category","embeddable":true,"href":"https:\/\/tucomarca.whitekongsoftware.com\/ca\/wp-json\/wp\/v2\/categories?post=122861"},{"taxonomy":"post_tag","embeddable":true,"href":"https:\/\/tucomarca.whitekongsoftware.com\/ca\/wp-json\/wp\/v2\/tags?post=122861"}],"curies":[{"name":"wp","href":"https:\/\/api.w.org\/{rel}","templated":true}]}}