{"id":122819,"date":"2020-12-30T13:00:38","date_gmt":"2020-12-30T12:00:38","guid":{"rendered":"http:\/\/www.tucomarca.com\/wordpress\/segunda\/?p=122819"},"modified":"2020-12-31T11:05:34","modified_gmt":"2020-12-31T10:05:34","slug":"els-municipis-de-la-foia-de-bunyol-xiva-signen-un-pacte-comarcal-per-locupacio-i-el-desenvolupament-local","status":"publish","type":"post","link":"https:\/\/tucomarca.whitekongsoftware.com\/ca\/els-municipis-de-la-foia-de-bunyol-xiva-signen-un-pacte-comarcal-per-locupacio-i-el-desenvolupament-local\/","title":{"rendered":"Els municipis de la Foia de Bunyol-Xiva signen un pacte comarcal per l&#8217;ocupaci\u00f3 i el desenvolupament local"},"content":{"rendered":"\n<p class=\"wp-block-paragraph\">Aquest dimecres a les 11,00 hores s&#8217;ha signat a la seu de la Mancomunitat de la Foia de Bunyol-Xiva el Pacte comarcal per l&#8217;ocupaci\u00f3 i el desenvolupament local a la comarca de la Foia Bunyol-Xiva.<\/p>\n\n\n\n<p class=\"wp-block-paragraph\">Sindicats comarcals i diferents agents de la Foia han participat en el seu disseny i ho faran en la seua execuci\u00f3 i avaluaci\u00f3 posterior.<\/p>\n\n\n\n<p class=\"wp-block-paragraph\">El pacte ha estat signat pel president de la Mancomunitat, Miguel T\u00f3rtola, els sindicats UGT i CCOO i els alcaldes a alcaldesses dels municipis pertencientes a aquesta mancomunitat, Alborache, Bunyol, Xest, Xiva, Cortes de Pall\u00e1s, Macastre, Siete Aguas, Tur\u00eds i I\u00e0tova, excepte els edils de Millares, Dos Aguas i Godelleta. En aquest acte tamb\u00e9 ha estat present la responsable de Labora Chiva, M\u00aa Pilar de Miguel Gimeno.<\/p>\n\n\n\n<p class=\"wp-block-paragraph\">&#8220;Es tracta d&#8217;un instrument que contribuir\u00e0 a afrontar les conseq\u00fc\u00e8ncies socials i econ\u00f2miques de la pand\u00e8mia. Aquesta signatura \u00e9s molt important, perqu\u00e8 les pol\u00edtiques d&#8217;ocupaci\u00f3 valencianes impulsades per Generalitat Valenciana van a anar instrumentades pels pactes d&#8217;ocupaci\u00f3 comarcals&#8221;, segons fonts de la mancomunitat.<\/p>\n\n\n\n<p class=\"wp-block-paragraph\">En paraules de Miguel T\u00f3rtola, el seu president, &#8220;aquest nou pla compta amb el suport dels municipis signants en un moment en qu\u00e8 des de les institucions hem de fer tot el possible per ajudar als que necessiten ocupaci\u00f3 i oportunitats&#8221;.<\/p>\n\n\n\n<p class=\"wp-block-paragraph\">L&#8217;alcaldessa de Bunyol, Juncal Carrascosa destaca &#8220;el paper important que tindr\u00e0 BUINSA a l&#8217;\u00e9sser l&#8217;\u00fanica empresa municipal dedicada a l&#8217;ocupaci\u00f3, l&#8217;ocupabilitat i el foment de la ind\u00fastria&#8221;.<\/p>\n","protected":false},"excerpt":{"rendered":"<div class=\"mh-excerpt\">Aquest dimecres a les 11,00 hores s&#8217;ha signat a la seu de la Mancomunitat de la Foia de Bunyol-Xiva el Pacte comarcal per l&#8217;ocupaci\u00f3 i el desenvolupament local a la comarca de la Foia Bunyol-Xiva. <a class=\"mh-excerpt-more\" href=\"https:\/\/tucomarca.whitekongsoftware.com\/ca\/els-municipis-de-la-foia-de-bunyol-xiva-signen-un-pacte-comarcal-per-locupacio-i-el-desenvolupament-local\/\" title=\"Els municipis de la Foia de Bunyol-Xiva signen un pacte comarcal per l&#8217;ocupaci\u00f3 i el desenvolupament local\">[+] <\/a><\/div>\n","protected":false},"author":12,"featured_media":122818,"comment_status":"open","ping_status":"open","sticky":false,"template":"","format":"standard","meta":{"footnotes":""},"categories":[10973,10911,10976,10977,10980,10948,10894,10912,10978,10947,10896,10979,10974,10975],"tags":[5952,10914,11514,11513,13425,13424],"class_list":["post-122819","post","type-post","status-publish","format-standard","has-post-thumbnail","category-alborache-ca","category-bunol-ca","category-dos-aguas-ca","category-godelleta-ca","category-yatova-ca","category-infraestructuras-ca","category-la-comarca-ca","category-la-hoya-ca","category-macastre-ca","category-politica","category-seccion-ca","category-siete-aguas-ca","category-cheste-ca","category-chiva-ca","tag-la-hoya-de-bunol-chiva","tag-la-hoya-de-bunol-chiva-ca","tag-mancomunidad-de-la-hoya-de-bunol-chiva-ca","tag-mancomunidad-de-la-hoya-de-bunol-chiva","tag-pacto-comarcal-por-el-empleo-ca","tag-pacto-comarcal-por-el-empleo"],"_links":{"self":[{"href":"https:\/\/tucomarca.whitekongsoftware.com\/ca\/wp-json\/wp\/v2\/posts\/122819","targetHints":{"allow":["GET"]}}],"collection":[{"href":"https:\/\/tucomarca.whitekongsoftware.com\/ca\/wp-json\/wp\/v2\/posts"}],"about":[{"href":"https:\/\/tucomarca.whitekongsoftware.com\/ca\/wp-json\/wp\/v2\/types\/post"}],"author":[{"embeddable":true,"href":"https:\/\/tucomarca.whitekongsoftware.com\/ca\/wp-json\/wp\/v2\/users\/12"}],"replies":[{"embeddable":true,"href":"https:\/\/tucomarca.whitekongsoftware.com\/ca\/wp-json\/wp\/v2\/comments?post=122819"}],"version-history":[{"count":0,"href":"https:\/\/tucomarca.whitekongsoftware.com\/ca\/wp-json\/wp\/v2\/posts\/122819\/revisions"}],"wp:featuredmedia":[{"embeddable":true,"href":"https:\/\/tucomarca.whitekongsoftware.com\/ca\/wp-json\/wp\/v2\/media\/122818"}],"wp:attachment":[{"href":"https:\/\/tucomarca.whitekongsoftware.com\/ca\/wp-json\/wp\/v2\/media?parent=122819"}],"wp:term":[{"taxonomy":"category","embeddable":true,"href":"https:\/\/tucomarca.whitekongsoftware.com\/ca\/wp-json\/wp\/v2\/categories?post=122819"},{"taxonomy":"post_tag","embeddable":true,"href":"https:\/\/tucomarca.whitekongsoftware.com\/ca\/wp-json\/wp\/v2\/tags?post=122819"}],"curies":[{"name":"wp","href":"https:\/\/api.w.org\/{rel}","templated":true}]}}