{"id":122815,"date":"2020-12-30T15:15:38","date_gmt":"2020-12-30T14:15:38","guid":{"rendered":"http:\/\/www.tucomarca.com\/wordpress\/segunda\/?p=122815"},"modified":"2020-12-30T15:44:39","modified_gmt":"2020-12-30T14:44:39","slug":"el-govern-municipal-sollicita-el-tancament-perimetral-de-bunyol-davant-lalarmant-augment-de-casos-de-covid","status":"publish","type":"post","link":"https:\/\/tucomarca.whitekongsoftware.com\/ca\/el-govern-municipal-sollicita-el-tancament-perimetral-de-bunyol-davant-lalarmant-augment-de-casos-de-covid\/","title":{"rendered":"El govern municipal sol\u00b7licita el tancament perimetral de Bunyol davant l&#8217;alarmant augment de casos de Covid"},"content":{"rendered":"\n<p class=\"wp-block-paragraph\">La regidora de Sanitat de l&#8217;Ajuntament de Bunyol, Mati Mas, ha confirmat que el govern municipal ha &#8220;sol\u00b7licitat a la Delegaci\u00f3 de Govern de Val\u00e8ncia que s&#8217;estudi\u00ef la possibilitat d&#8217;establir un tancament perimetral de la localitat davant l&#8217;alarmant increment de casos&#8221;.<\/p>\n\n\n\n<p class=\"wp-block-paragraph\">La mesura s&#8217;ha pres &#8220;davant l&#8217;enorme nombre de casos que ara se situen en 62, amb una incid\u00e8ncia acumulada de 660 casos per cada cent mil habitants, quan l&#8217;aconsellable s\u00f3n 350 casos&#8221;.<\/p>\n\n\n\n<p class=\"wp-block-paragraph\">De ser autoritzat per la Delegaci\u00f3 de Govern, aquest tancament perimetral &#8220;implicar\u00e0 que ning\u00fa podria sortir ni entrar a Bunyol sense causes justificades, i que tornarem a passar per la mateixa situaci\u00f3 que vam passar durant l&#8217;anterior confinament al mar\u00e7, \u00e9s a dir, tots en les nostres cases i sense sortir al carrer &#8220;.<\/p>\n\n\n\n<p class=\"wp-block-paragraph\">Fins ara, els \u00fanics precedents de municipis tancats perimetralment a la Comunitat Valenciana han estat els de Guadassuar, Elx, Oriola i Elda.<\/p>\n\n\n\n<p class=\"wp-block-paragraph\">Bunyol se sumaria a m\u00e9s a la ve\u00efna localitat de Xest que tamb\u00e9 ha valorat dies enrere la possibilitat de tancar el seu terme municipal davant el tamb\u00e9 alarmant increment de casos actius de covid-19, que a data de 30 de desembre se situa en els 81, amb una incid\u00e8ncia acumulada de prop de 2.000 casos per cada cent mil habitants i que ha multiplicat per vuit el valor de risc extrem.<\/p>\n","protected":false},"excerpt":{"rendered":"<div class=\"mh-excerpt\">La regidora de Sanitat de l&#8217;Ajuntament de Bunyol, Mati Mas, ha confirmat que el govern municipal ha &#8220;sol\u00b7licitat a la Delegaci\u00f3 de Govern de Val\u00e8ncia que s&#8217;estudi\u00ef la possibilitat d&#8217;establir un tancament perimetral de la <a class=\"mh-excerpt-more\" href=\"https:\/\/tucomarca.whitekongsoftware.com\/ca\/el-govern-municipal-sollicita-el-tancament-perimetral-de-bunyol-davant-lalarmant-augment-de-casos-de-covid\/\" title=\"El govern municipal sol\u00b7licita el tancament perimetral de Bunyol davant l&#8217;alarmant augment de casos de Covid\">[+] <\/a><\/div>\n","protected":false},"author":12,"featured_media":122811,"comment_status":"open","ping_status":"open","sticky":false,"template":"","format":"standard","meta":{"footnotes":""},"categories":[10911,11010,12202,10898,10948,10894,10904,10912,10903,10947,10896,10897],"tags":[11939,11940,10914],"class_list":["post-122815","post","type-post","status-publish","format-standard","has-post-thumbnail","category-bunol-ca","category-canal-salud","category-covid-19-ca","category-ventana-ca","category-infraestructuras-ca","category-la-comarca-ca","category-sin-categorizar-ca","category-la-hoya-ca","category-medio-ambiente-la-comarca-ca","category-politica","category-seccion-ca","category-sucesos-la-comarca-ca","tag-coronavirus-ca","tag-covid-19-ca","tag-la-hoya-de-bunol-chiva-ca"],"_links":{"self":[{"href":"https:\/\/tucomarca.whitekongsoftware.com\/ca\/wp-json\/wp\/v2\/posts\/122815","targetHints":{"allow":["GET"]}}],"collection":[{"href":"https:\/\/tucomarca.whitekongsoftware.com\/ca\/wp-json\/wp\/v2\/posts"}],"about":[{"href":"https:\/\/tucomarca.whitekongsoftware.com\/ca\/wp-json\/wp\/v2\/types\/post"}],"author":[{"embeddable":true,"href":"https:\/\/tucomarca.whitekongsoftware.com\/ca\/wp-json\/wp\/v2\/users\/12"}],"replies":[{"embeddable":true,"href":"https:\/\/tucomarca.whitekongsoftware.com\/ca\/wp-json\/wp\/v2\/comments?post=122815"}],"version-history":[{"count":0,"href":"https:\/\/tucomarca.whitekongsoftware.com\/ca\/wp-json\/wp\/v2\/posts\/122815\/revisions"}],"wp:featuredmedia":[{"embeddable":true,"href":"https:\/\/tucomarca.whitekongsoftware.com\/ca\/wp-json\/wp\/v2\/media\/122811"}],"wp:attachment":[{"href":"https:\/\/tucomarca.whitekongsoftware.com\/ca\/wp-json\/wp\/v2\/media?parent=122815"}],"wp:term":[{"taxonomy":"category","embeddable":true,"href":"https:\/\/tucomarca.whitekongsoftware.com\/ca\/wp-json\/wp\/v2\/categories?post=122815"},{"taxonomy":"post_tag","embeddable":true,"href":"https:\/\/tucomarca.whitekongsoftware.com\/ca\/wp-json\/wp\/v2\/tags?post=122815"}],"curies":[{"name":"wp","href":"https:\/\/api.w.org\/{rel}","templated":true}]}}