{"id":122779,"date":"2020-12-29T19:05:35","date_gmt":"2020-12-29T18:05:35","guid":{"rendered":"http:\/\/www.tucomarca.com\/wordpress\/segunda\/?p=122779"},"modified":"2020-12-29T23:44:42","modified_gmt":"2020-12-29T22:44:42","slug":"lequip-de-govern-socialista-executa-la-reparacio-de-voreres-en-uns-quants-carrers-requenenses","status":"publish","type":"post","link":"https:\/\/tucomarca.whitekongsoftware.com\/ca\/lequip-de-govern-socialista-executa-la-reparacio-de-voreres-en-uns-quants-carrers-requenenses\/","title":{"rendered":"L&#8217;Equip de Govern Socialista executa la reparaci\u00f3 de voreres en uns quants carrers requenenses"},"content":{"rendered":"\n<p class=\"wp-block-paragraph\">L&#8217;Equip de Govern Socialista de Requena continua amb el seu prop\u00f2sit de seguir, dia rere dia, millorant els carrers del nostre municipi.<\/p>\n\n\n\n<p class=\"wp-block-paragraph\">or aix\u00f2, actualment es troben en marxa obres per reparar trams de voreres en diverses vies urbanes de la nostra localitat.<\/p>\n\n\n\n<p class=\"wp-block-paragraph\">Des de l&#8217;Equip de Govern Socialista requenense a trav\u00e9s de la Regidoria de brigada, s&#8217;ha apuntat que la intenci\u00f3 d&#8217;aquestes actuacions no \u00e9s altra que la de respondre a les necessitats de la ciutadania, que passen per tenir uns carrers en el millor estat possible.<\/p>\n\n\n\n<p class=\"wp-block-paragraph\">Aix\u00ed doncs, les obres de reparacions de voreres es realitzaran en els seg\u00fcents punts de la nostra localitat:<\/p>\n\n\n\n<ul class=\"wp-block-list\"><li>Carrer Francisco Monterde.<\/li><li> Carrer Ram\u00f3n Mari Pi.<\/li><li> Avinguda Albacete.<\/li><li> Carrer Rafael Bernab\u00e9u.<\/li><li> Avinguda Raval.<\/li><li> Avinguda Val\u00e8ncia.<\/li><li> Carrer Creus.<\/li><li> Carrer Constituci\u00f3.<\/li><\/ul>\n\n\n\n<p class=\"wp-block-paragraph\">Sent conscients que encara queden moltes coses per fer, des de l&#8217;Equip de Govern Socialista requenense s&#8217;ha assenyalat que projectes com aquest posen de manifest un cop m\u00e9s la intenci\u00f3 de treballar per la seva part de manera ininterrompuda per millorar pas a pas tots els aspectes possibles del nostre municipi, deixant-lo a l&#8217;altura que els seus habitants es mereixen.<\/p>\n","protected":false},"excerpt":{"rendered":"<div class=\"mh-excerpt\">L&#8217;Equip de Govern Socialista de Requena continua amb el seu prop\u00f2sit de seguir, dia rere dia, millorant els carrers del nostre municipi. or aix\u00f2, actualment es troben en marxa obres per reparar trams de voreres <a class=\"mh-excerpt-more\" href=\"https:\/\/tucomarca.whitekongsoftware.com\/ca\/lequip-de-govern-socialista-executa-la-reparacio-de-voreres-en-uns-quants-carrers-requenenses\/\" title=\"L&#8217;Equip de Govern Socialista executa la reparaci\u00f3 de voreres en uns quants carrers requenenses\">[+] <\/a><\/div>\n","protected":false},"author":12,"featured_media":122778,"comment_status":"open","ping_status":"open","sticky":false,"template":"","format":"standard","meta":{"footnotes":""},"categories":[10948,10894,10947,10908,10909,10896],"tags":[11245,10388,10387],"class_list":["post-122779","post","type-post","status-publish","format-standard","has-post-thumbnail","category-infraestructuras-ca","category-la-comarca-ca","category-politica","category-requena-ca","category-requena-utiel-ca","category-seccion-ca","tag-psoe-requena","tag-requena","tag-requena-utiel"],"_links":{"self":[{"href":"https:\/\/tucomarca.whitekongsoftware.com\/ca\/wp-json\/wp\/v2\/posts\/122779","targetHints":{"allow":["GET"]}}],"collection":[{"href":"https:\/\/tucomarca.whitekongsoftware.com\/ca\/wp-json\/wp\/v2\/posts"}],"about":[{"href":"https:\/\/tucomarca.whitekongsoftware.com\/ca\/wp-json\/wp\/v2\/types\/post"}],"author":[{"embeddable":true,"href":"https:\/\/tucomarca.whitekongsoftware.com\/ca\/wp-json\/wp\/v2\/users\/12"}],"replies":[{"embeddable":true,"href":"https:\/\/tucomarca.whitekongsoftware.com\/ca\/wp-json\/wp\/v2\/comments?post=122779"}],"version-history":[{"count":0,"href":"https:\/\/tucomarca.whitekongsoftware.com\/ca\/wp-json\/wp\/v2\/posts\/122779\/revisions"}],"wp:featuredmedia":[{"embeddable":true,"href":"https:\/\/tucomarca.whitekongsoftware.com\/ca\/wp-json\/wp\/v2\/media\/122778"}],"wp:attachment":[{"href":"https:\/\/tucomarca.whitekongsoftware.com\/ca\/wp-json\/wp\/v2\/media?parent=122779"}],"wp:term":[{"taxonomy":"category","embeddable":true,"href":"https:\/\/tucomarca.whitekongsoftware.com\/ca\/wp-json\/wp\/v2\/categories?post=122779"},{"taxonomy":"post_tag","embeddable":true,"href":"https:\/\/tucomarca.whitekongsoftware.com\/ca\/wp-json\/wp\/v2\/tags?post=122779"}],"curies":[{"name":"wp","href":"https:\/\/api.w.org\/{rel}","templated":true}]}}