{"id":122766,"date":"2020-12-29T21:01:06","date_gmt":"2020-12-29T20:01:06","guid":{"rendered":"http:\/\/www.tucomarca.com\/wordpress\/segunda\/?p=122766"},"modified":"2020-12-30T10:39:18","modified_gmt":"2020-12-30T09:39:18","slug":"mes-de-1-000-alumnes-ja-participen-en-el-concurs-amic-ficcions","status":"publish","type":"post","link":"https:\/\/tucomarca.whitekongsoftware.com\/ca\/mes-de-1-000-alumnes-ja-participen-en-el-concurs-amic-ficcions\/","title":{"rendered":"M\u00e9s de 1.000 alumnes ja participen en el concurs AMIC-Ficcions"},"content":{"rendered":"\n<p class=\"wp-block-paragraph\">La tretzena edici\u00f3 del concurs literari AMIC-Ficcions ha superat els&nbsp;<strong>1.000 participants&nbsp;<\/strong>procedents de&nbsp;<strong>130 centres educatius<\/strong>, dels quals 896 alumnes s\u00f3n de Catalunya, 80 s\u00f3n del Pa\u00eds Valenci\u00e0, 63 de les Illes Balears i 12 d\u2019altres territoris com el Matarranya o Andorra. Les inscripcions per participar en el certamen de creaci\u00f3 liter\u00e0ria es van activar el passat 5 d\u2019octubre i segueixen obertes per a qualsevol alumne de 14 a 18 anys fins al dia 8 de febrer a trav\u00e9s de la p\u00e0gina web&nbsp;www.ficcions.cat.<\/p>\n\n\n\n<figure class=\"wp-block-image\"><img loading=\"lazy\" decoding=\"async\" width=\"787\" height=\"980\" src=\"http:\/\/www.tucomarca.com\/wordpress\/segunda\/wp-content\/uploads\/2020\/12\/ficcions2.jpg\" alt=\"\" class=\"wp-image-122770\" srcset=\"https:\/\/tucomarca.whitekongsoftware.com\/wp-content\/uploads\/2020\/12\/ficcions2.jpg 787w, https:\/\/tucomarca.whitekongsoftware.com\/wp-content\/uploads\/2020\/12\/ficcions2-241x300.jpg 241w, https:\/\/tucomarca.whitekongsoftware.com\/wp-content\/uploads\/2020\/12\/ficcions2-768x956.jpg 768w\" sizes=\"auto, (max-width: 787px) 100vw, 787px\" \/><\/figure>\n\n\n\n<p class=\"wp-block-paragraph\"><strong>El funcionament<\/strong><\/p>\n\n\n\n<p class=\"wp-block-paragraph\">El concurs \u201cAMIC-Ficcions, l\u2019aventura de crear hist\u00f2ries\u201d est\u00e0 enfocat a alumnes de 14 a 18 anys que cursin 2n cicle d\u2019ESO, Batxillerat o Cicles Formatius de Grau Mitj\u00e0. L\u2019objectiu principal d\u2019aquesta iniciativa, creada per l\u2019Associaci\u00f3 de Mitjans d\u2019Informaci\u00f3 i Comunicaci\u00f3 (AMIC), busca impulsar la creaci\u00f3 liter\u00e0ria i el treball en equip dels estudiants. Aix\u00ed com fomentar l\u2019escriptura i la literatura en catal\u00e0.<\/p>\n\n\n\n<p class=\"wp-block-paragraph\">Prenent cinc inicis de novel\u00b7la (<em>El secret del Bosc Vell&nbsp;<\/em>de Dino Buzzati,&nbsp;<em>Uns quants dies de novembre&nbsp;<\/em>de Jordi Sierra i Fabra,&nbsp;<em>La Faula&nbsp;<\/em>de Guillem de Torroella,&nbsp;<em>L\u2019assass\u00ed que estimava els llibres&nbsp;<\/em>de Mart\u00ed Dom\u00ednguez i&nbsp;<em>Sobre la terra impu<\/em>ra de Melcior Comes), els participants han d\u2019escriure un relat dividit en tres cap\u00edtols i penjar-los a trav\u00e9s del web del concurs seguint el calendari d\u2019entrega. Els alumnes podran participar tant individualment com en grup de fins a tres persones.<\/p>\n\n\n\n<p class=\"wp-block-paragraph\"><strong>Jurat, premis i gran final<\/strong><\/p>\n\n\n\n<p class=\"wp-block-paragraph\">Un jurat format per persones vinculades al m\u00f3n de la literatura i l\u2019educaci\u00f3 ser\u00e0 l\u2019encarregat d\u2019escollir els guanyadors i els finalistes. Es valorar\u00e0 la qualitat liter\u00e0ria dels textos, la coher\u00e8ncia argumental i l\u2019originalitat de les hist\u00f2ries. La segona quinzena del mes d\u2019abril es publicaran els noms dels finalistes, i al mes de maig es far\u00e0 l\u2019entrega de premis i diplomes en diversos actes arreu dels territoris de parla catalana.<\/p>\n\n\n\n<p class=\"wp-block-paragraph\">Els premis de l\u2019edici\u00f3 d\u2019enguany s\u00f3n: iPhone, PlayStation, iPad, Smartphone i auriculars sense fils. Tamb\u00e9 es premiaran als professors\/es m\u00e9s motivadors\/es de cada territori amb una estada de 2 dies per a 2 persones amb sopars i\/o esmorzars inclosos.<\/p>\n\n\n\n<p class=\"wp-block-paragraph\"><strong>Anteriors edicions<\/strong><\/p>\n\n\n\n<p class=\"wp-block-paragraph\">En la darrera edici\u00f3 van participar-hi m\u00e9s de&nbsp;<strong>3.660 estudiants&nbsp;<\/strong>de segon cicle d\u2019ESO, Batxillerat i CFGM de Catalunya, Illes Balears i Pa\u00eds Valenci\u00e0, provinents de m\u00e9s de&nbsp;<strong>270 centres educatius<\/strong>.<\/p>\n\n\n\n<p class=\"wp-block-paragraph\"><strong>Organitza AMIC, comprom\u00eds amb l\u2019educaci\u00f3<\/strong><\/p>\n\n\n\n<p class=\"wp-block-paragraph\">L\u2019AMIC, Associaci\u00f3 de Mitjans d\u2019Informaci\u00f3 i Comunicaci\u00f3, representa a m\u00e9s de quatre- centes publicacions en paper i digitals fortament arrelades arreu del territori, que conjuntament arriben a una tirada en premsa escrita en paper de m\u00e9s d\u20191.000.000 exemplars, mentre que en digital superen els 12.450.000 d\u2019usuaris \u00fanics mensuals.<\/p>\n\n\n\n<p class=\"wp-block-paragraph\"><strong>Per a m\u00e9s informaci\u00f3<\/strong><\/p>\n\n\n\n<p class=\"wp-block-paragraph\">ficcions@amic.media \/ 93 452 73 71 \/ www.ficcions.cat<\/p>\n","protected":false},"excerpt":{"rendered":"<div class=\"mh-excerpt\">La tretzena edici\u00f3 del concurs literari AMIC-Ficcions ha superat els&nbsp;1.000 participants&nbsp;procedents de&nbsp;130 centres educatius, dels quals 896 alumnes s\u00f3n de Catalunya, 80 s\u00f3n del Pa\u00eds Valenci\u00e0, 63 de les Illes Balears i 12 d\u2019altres territoris <a class=\"mh-excerpt-more\" href=\"https:\/\/tucomarca.whitekongsoftware.com\/ca\/mes-de-1-000-alumnes-ja-participen-en-el-concurs-amic-ficcions\/\" title=\"M\u00e9s de 1.000 alumnes ja participen en el concurs AMIC-Ficcions\">[+] <\/a><\/div>\n","protected":false},"author":12,"featured_media":122768,"comment_status":"open","ping_status":"open","sticky":false,"template":"","format":"standard","meta":{"footnotes":""},"categories":[10894,10904,11007,10896],"tags":[13091,13094],"class_list":["post-122766","post","type-post","status-publish","format-standard","has-post-thumbnail","category-la-comarca-ca","category-sin-categorizar-ca","category-ocio-y-cultura-ca","category-seccion-ca","tag-amic-ficcions","tag-concurs-literari"],"_links":{"self":[{"href":"https:\/\/tucomarca.whitekongsoftware.com\/ca\/wp-json\/wp\/v2\/posts\/122766","targetHints":{"allow":["GET"]}}],"collection":[{"href":"https:\/\/tucomarca.whitekongsoftware.com\/ca\/wp-json\/wp\/v2\/posts"}],"about":[{"href":"https:\/\/tucomarca.whitekongsoftware.com\/ca\/wp-json\/wp\/v2\/types\/post"}],"author":[{"embeddable":true,"href":"https:\/\/tucomarca.whitekongsoftware.com\/ca\/wp-json\/wp\/v2\/users\/12"}],"replies":[{"embeddable":true,"href":"https:\/\/tucomarca.whitekongsoftware.com\/ca\/wp-json\/wp\/v2\/comments?post=122766"}],"version-history":[{"count":0,"href":"https:\/\/tucomarca.whitekongsoftware.com\/ca\/wp-json\/wp\/v2\/posts\/122766\/revisions"}],"wp:featuredmedia":[{"embeddable":true,"href":"https:\/\/tucomarca.whitekongsoftware.com\/ca\/wp-json\/wp\/v2\/media\/122768"}],"wp:attachment":[{"href":"https:\/\/tucomarca.whitekongsoftware.com\/ca\/wp-json\/wp\/v2\/media?parent=122766"}],"wp:term":[{"taxonomy":"category","embeddable":true,"href":"https:\/\/tucomarca.whitekongsoftware.com\/ca\/wp-json\/wp\/v2\/categories?post=122766"},{"taxonomy":"post_tag","embeddable":true,"href":"https:\/\/tucomarca.whitekongsoftware.com\/ca\/wp-json\/wp\/v2\/tags?post=122766"}],"curies":[{"name":"wp","href":"https:\/\/api.w.org\/{rel}","templated":true}]}}