{"id":122760,"date":"2020-12-29T21:00:41","date_gmt":"2020-12-29T20:00:41","guid":{"rendered":"http:\/\/www.tucomarca.com\/wordpress\/segunda\/?p=122760"},"modified":"2020-12-30T10:42:23","modified_gmt":"2020-12-30T09:42:23","slug":"csif-adverteix-el-tancament-de-la-planta-de-preingressos-de-lhospital-de-la-ribera-amb-urgencies-saturades-i-reclama-planificacio","status":"publish","type":"post","link":"https:\/\/tucomarca.whitekongsoftware.com\/ca\/csif-adverteix-el-tancament-de-la-planta-de-preingressos-de-lhospital-de-la-ribera-amb-urgencies-saturades-i-reclama-planificacio\/","title":{"rendered":"CSIF adverteix el tancament de la planta de preingressos de l&#8217;Hospital de la Ribera amb Urg\u00e8ncies saturades i reclama planificaci\u00f3"},"content":{"rendered":"\n<h4 class=\"wp-block-heading\">El sindicat lamenta que la direcci\u00f3 decid\u00eds tancar-la durant dos dies tot i la pressi\u00f3 hospital\u00e0ria<\/h4>\n\n\n\n<p class=\"wp-block-paragraph\">El sindicat CSIF avisa que la planta de preingressos de l&#8217;hospital de la Ribera ha estat tancada entre el 24 i el 26 de desembre malgrat la pressi\u00f3 hospital\u00e0ria i de la saturaci\u00f3 a Urg\u00e8ncies. La central sindical lamenta la &#8220;desorganitzaci\u00f3 i improvisaci\u00f3&#8221; i reclama m\u00e9s planificaci\u00f3 i refor\u00e7os de personal.<\/p>\n\n\n\n<p class=\"wp-block-paragraph\">La Central Sindical Independent i de Funcionaris (CSIF) assenyala que des de fa mesos la &#8220;la Direcci\u00f3 d&#8217;Infermeria utilitzeu a el personal de la planta central o de preingressos, quan la tanquen, per a altres plantes&#8221;. Aquesta circumst\u00e0ncia es produeix malgrat que &#8220;d&#8217;aquesta manera sobrecarreguen el servei d&#8217;Urg\u00e8ncies&#8221;. El sindicat ha insistit que romangui oberta aquesta planta. <\/p>\n\n\n\n<p class=\"wp-block-paragraph\">CSIF recalca que, malgrat les advert\u00e8ncies, del context de pand\u00e8mia i de les dades a l&#8217;al\u00e7a, &#8220;la Direcci\u00f3 decideix tancar la planta de preingressos el 24 de desembre i enviar als treballadors a cobrir incid\u00e8ncies en la resta de l&#8217;hospital. Aix\u00f2 va comportar un increment de la pressi\u00f3 a Urg\u00e8ncies, ja que els pacients quedaven ingressats als boxs d&#8217;l&#8217;esmentat servei d&#8217;Urg\u00e8ncies al no disposar de la planta de preingressos &#8220;. <\/p>\n\n\n\n<p class=\"wp-block-paragraph\">El sindicat continua explicant que &#8220;el 26 a la nit van haver de tornar a obrir la planta davant el caire que estaven prenent els esdeveniments&#8221;. Aquests fets es produeixen en un context en qu\u00e8 &#8220;als treballadors de la planta central els van denegar els dies lliures als que tenien dret amb l&#8217;excusa que a l&#8217;estar oberta la planta faltava personal. Despr\u00e9s, en una nova improvisaci\u00f3, van adoptar la mesura alegal que estigueran en els seus domicilis per\u00f2 que en qualsevol moment podrien ser requerits per acudir al seu lloc de treball &#8220;.<\/p>\n\n\n\n<p class=\"wp-block-paragraph\">CSIF reclama &#8220;planificaci\u00f3 i organitzaci\u00f3&#8221; en el departament de salut i refor\u00e7os urgents de personal per atendre les necessitats hospital\u00e0ries. El sindicat avisa de la situaci\u00f3 que pateixen professionals d&#8217;infermeria, TCAEs o zeladors per l&#8217;escassetat de recursos i &#8220;improvisaci\u00f3&#8221;. A m\u00e9s, insisteix en l&#8217;obertura constant de la planta de preingressos davant la situaci\u00f3 actual de pand\u00e8mia.<\/p>\n","protected":false},"excerpt":{"rendered":"<div class=\"mh-excerpt\">El sindicat lamenta que la direcci\u00f3 decid\u00eds tancar-la durant dos dies tot i la pressi\u00f3 hospital\u00e0ria El sindicat CSIF avisa que la planta de preingressos de l&#8217;hospital de la Ribera ha estat tancada entre el <a class=\"mh-excerpt-more\" href=\"https:\/\/tucomarca.whitekongsoftware.com\/ca\/csif-adverteix-el-tancament-de-la-planta-de-preingressos-de-lhospital-de-la-ribera-amb-urgencies-saturades-i-reclama-planificacio\/\" title=\"CSIF adverteix el tancament de la planta de preingressos de l&#8217;Hospital de la Ribera amb Urg\u00e8ncies saturades i reclama planificaci\u00f3\">[+] <\/a><\/div>\n","protected":false},"author":12,"featured_media":71332,"comment_status":"open","ping_status":"open","sticky":false,"template":"","format":"standard","meta":{"footnotes":""},"categories":[10889,11010,12202,10898,10948,10894,10902,10947,10896,10897],"tags":[10402,381,8694,1407],"class_list":["post-122760","post","type-post","status-publish","format-standard","has-post-thumbnail","category-alzira-cat","category-canal-salud","category-covid-19-ca","category-ventana-ca","category-infraestructuras-ca","category-la-comarca-ca","category-la-ribera-ca","category-politica","category-seccion-ca","category-sucesos-la-comarca-ca","tag-alzira","tag-csif","tag-hospital-de-la-ribera","tag-ribera-alta"],"_links":{"self":[{"href":"https:\/\/tucomarca.whitekongsoftware.com\/ca\/wp-json\/wp\/v2\/posts\/122760","targetHints":{"allow":["GET"]}}],"collection":[{"href":"https:\/\/tucomarca.whitekongsoftware.com\/ca\/wp-json\/wp\/v2\/posts"}],"about":[{"href":"https:\/\/tucomarca.whitekongsoftware.com\/ca\/wp-json\/wp\/v2\/types\/post"}],"author":[{"embeddable":true,"href":"https:\/\/tucomarca.whitekongsoftware.com\/ca\/wp-json\/wp\/v2\/users\/12"}],"replies":[{"embeddable":true,"href":"https:\/\/tucomarca.whitekongsoftware.com\/ca\/wp-json\/wp\/v2\/comments?post=122760"}],"version-history":[{"count":0,"href":"https:\/\/tucomarca.whitekongsoftware.com\/ca\/wp-json\/wp\/v2\/posts\/122760\/revisions"}],"wp:featuredmedia":[{"embeddable":true,"href":"https:\/\/tucomarca.whitekongsoftware.com\/ca\/wp-json\/wp\/v2\/media\/71332"}],"wp:attachment":[{"href":"https:\/\/tucomarca.whitekongsoftware.com\/ca\/wp-json\/wp\/v2\/media?parent=122760"}],"wp:term":[{"taxonomy":"category","embeddable":true,"href":"https:\/\/tucomarca.whitekongsoftware.com\/ca\/wp-json\/wp\/v2\/categories?post=122760"},{"taxonomy":"post_tag","embeddable":true,"href":"https:\/\/tucomarca.whitekongsoftware.com\/ca\/wp-json\/wp\/v2\/tags?post=122760"}],"curies":[{"name":"wp","href":"https:\/\/api.w.org\/{rel}","templated":true}]}}