{"id":122721,"date":"2020-12-29T11:30:39","date_gmt":"2020-12-29T10:30:39","guid":{"rendered":"http:\/\/www.tucomarca.com\/wordpress\/segunda\/?p=122721"},"modified":"2020-12-29T18:37:38","modified_gmt":"2020-12-29T17:37:38","slug":"sanitat-repren-hui-dimarts-la-vacunacio-en-la-comunitat-valenciana","status":"publish","type":"post","link":"https:\/\/tucomarca.whitekongsoftware.com\/ca\/sanitat-repren-hui-dimarts-la-vacunacio-en-la-comunitat-valenciana\/","title":{"rendered":"Sanitat repr\u00e9n hui dimarts la vacunaci\u00f3 en la Comunitat Valenciana"},"content":{"rendered":"\n<h4 class=\"wp-block-heading\"><strong>Batiste Mart\u00ed, de 81 anys, resident en la resid\u00e8ncia de persones majors dependents Mare de D\u00e9u del Miracle de Rafelbunyol, \u00e9s el primer valenci\u00e0 vacunat contra la COVID-19<\/strong><\/h4>\n\n\n\n<h4 class=\"wp-block-heading\"><strong>Al voltant de 700 persones van rebre en la Comunitat Valenciana el diumenge la primera dosi de la vacuna contra el coronavirus durant una jornada que va transc\u00f3rrer amb normalitat<\/strong><\/h4>\n\n\n\n<p class=\"wp-block-paragraph\">Els equips de vacunaci\u00f3 de la Conselleria de Sanitat han explicat que, entre les persones que han rebut ja esta primera dosi de la vacuna, &#8220;se ha observat satisfacci\u00f3 general com a t\u00f2nica dominante&#8221; alhora que destaquen que &#8220;la vacunaci\u00f3 s&#8217;ha dut a terme amb total normalitat i amb el ritme previst per a esta primera jornada de domingo&#8221;.<\/p>\n\n\n\n<p class=\"wp-block-paragraph\">La Conselleria de Sanitat Universal i Salut P\u00fablica repr\u00e9n hui dimarts el programa de vacunaci\u00f3 enfront de la COVID-19 en algunes resid\u00e8ncies de la Comunitat Valenciana, despr\u00e9s del problema log\u00edstic que ha patit la farmac\u00e8utica Pfizer que li ha impedit la distribuci\u00f3 de les vacunes a uns quants pa\u00efsos d&#8217;Europa, entre ells Espanya.<\/p>\n\n\n\n<p class=\"wp-block-paragraph\">La represa de la vacunaci\u00f3 es realitza este dimarts en algunes resid\u00e8ncies, en funci\u00f3 de l&#8217;hora d&#8217;arribada de les dosis als tres centres de distribuci\u00f3 i el seu posterior repartiment.<\/p>\n\n\n\n<p class=\"wp-block-paragraph\">La Comunitat Valenciana va comen\u00e7ar aquest diumenge la vacunaci\u00f3 enfront de l&#8217;coronavirus amb 775 dosis de la vacuna de Pfizer en set resid\u00e8ncies de gent gran.<\/p>\n\n\n\n<p class=\"wp-block-paragraph\">A partir d&#8217;ara cada setmana, Pfizer t\u00e9 el comprom\u00eds de lliurar al voltant de 30.000 dosi. Alacant rebr\u00e0 10.000 dosis, 5.000 Castell\u00f3 i 16.000 a la prov\u00edncia de Val\u00e8ncia. &lt;<\/p>\n\n\n\n<p class=\"wp-block-paragraph\">La conselleria ha dissenyat un pla de treball perqu\u00e8 les persones que resideixen o treballen en resid\u00e8ncies de gent gran i en resid\u00e8ncies amb persones amb diversitat funcional, hagin rebut la primera dosi a mitjans de gener.<\/p>\n\n\n\n<p class=\"wp-block-paragraph\">El seg\u00fcent grup de vacunaci\u00f3 \u00e9s el del personal sanitari. S&#8217;anir\u00e0 vacunant d&#8217;acord amb la disponibilitat de les dosis i s&#8217;avan\u00e7ar\u00e0 en cada un dels grups en funci\u00f3 d&#8217;aquesta disponibilitat.<\/p>\n\n\n\n<p class=\"wp-block-paragraph\">Durant el primer trimestre del 2021, a la Comunitat Valenciana s&#8217;administraran m\u00e9s de 377.000 dosis de la vacuna Pfizer, que corresponen, al tractar-se de dues dosis per persona, a m\u00e9s de 188.000 persones vacunades.<\/p>\n\n\n\n<p class=\"wp-block-paragraph\">La Conselleria de Sanitat Universal i Salut P\u00fablica s&#8217;espera que les m\u00e9s de 50.000 persones, entre treballadors i treballadores i residents, que conviuen en resid\u00e8ncies puguen estar vacunades al llarg del mes de gener.<\/p>\n","protected":false},"excerpt":{"rendered":"<div class=\"mh-excerpt\">Batiste Mart\u00ed, de 81 anys, resident en la resid\u00e8ncia de persones majors dependents Mare de D\u00e9u del Miracle de Rafelbunyol, \u00e9s el primer valenci\u00e0 vacunat contra la COVID-19 Al voltant de 700 persones van rebre <a class=\"mh-excerpt-more\" href=\"https:\/\/tucomarca.whitekongsoftware.com\/ca\/sanitat-repren-hui-dimarts-la-vacunacio-en-la-comunitat-valenciana\/\" title=\"Sanitat repr\u00e9n hui dimarts la vacunaci\u00f3 en la Comunitat Valenciana\">[+] <\/a><\/div>\n","protected":false},"author":12,"featured_media":122720,"comment_status":"open","ping_status":"open","sticky":false,"template":"","format":"standard","meta":{"footnotes":""},"categories":[11010,12202,10898,10948,10894,10904,10947,10896,10897],"tags":[12035,11939,11940],"class_list":["post-122721","post","type-post","status-publish","format-standard","has-post-thumbnail","category-canal-salud","category-covid-19-ca","category-ventana-ca","category-infraestructuras-ca","category-la-comarca-ca","category-sin-categorizar-ca","category-politica","category-seccion-ca","category-sucesos-la-comarca-ca","tag-comunidad-valenciana-2-ca","tag-coronavirus-ca","tag-covid-19-ca"],"_links":{"self":[{"href":"https:\/\/tucomarca.whitekongsoftware.com\/ca\/wp-json\/wp\/v2\/posts\/122721","targetHints":{"allow":["GET"]}}],"collection":[{"href":"https:\/\/tucomarca.whitekongsoftware.com\/ca\/wp-json\/wp\/v2\/posts"}],"about":[{"href":"https:\/\/tucomarca.whitekongsoftware.com\/ca\/wp-json\/wp\/v2\/types\/post"}],"author":[{"embeddable":true,"href":"https:\/\/tucomarca.whitekongsoftware.com\/ca\/wp-json\/wp\/v2\/users\/12"}],"replies":[{"embeddable":true,"href":"https:\/\/tucomarca.whitekongsoftware.com\/ca\/wp-json\/wp\/v2\/comments?post=122721"}],"version-history":[{"count":0,"href":"https:\/\/tucomarca.whitekongsoftware.com\/ca\/wp-json\/wp\/v2\/posts\/122721\/revisions"}],"wp:featuredmedia":[{"embeddable":true,"href":"https:\/\/tucomarca.whitekongsoftware.com\/ca\/wp-json\/wp\/v2\/media\/122720"}],"wp:attachment":[{"href":"https:\/\/tucomarca.whitekongsoftware.com\/ca\/wp-json\/wp\/v2\/media?parent=122721"}],"wp:term":[{"taxonomy":"category","embeddable":true,"href":"https:\/\/tucomarca.whitekongsoftware.com\/ca\/wp-json\/wp\/v2\/categories?post=122721"},{"taxonomy":"post_tag","embeddable":true,"href":"https:\/\/tucomarca.whitekongsoftware.com\/ca\/wp-json\/wp\/v2\/tags?post=122721"}],"curies":[{"name":"wp","href":"https:\/\/api.w.org\/{rel}","templated":true}]}}