{"id":122714,"date":"2020-12-29T07:40:58","date_gmt":"2020-12-29T06:40:58","guid":{"rendered":"http:\/\/www.tucomarca.com\/wordpress\/segunda\/?p=122714"},"modified":"2020-12-29T18:41:07","modified_gmt":"2020-12-29T17:41:07","slug":"el-consorci-provincial-de-bombers-de-valencia-interve-en-diversas-emergencies-per-vents","status":"publish","type":"post","link":"https:\/\/tucomarca.whitekongsoftware.com\/ca\/el-consorci-provincial-de-bombers-de-valencia-interve-en-diversas-emergencies-per-vents\/","title":{"rendered":"El Consorci Provincial de Bombers de Val\u00e8ncia interv\u00e9 en diversas emerg\u00e8ncies per vents"},"content":{"rendered":"\n<p class=\"wp-block-paragraph\">El Consorci Provincial de Bombers de Val\u00e8ncia ha intervingut des d\u2019esta matinada i fins a primeres hores de la vesprada en vora una quinzena d\u2019emerg\u00e8ncies relacionades amb el vent.&nbsp;<\/p>\n\n\n\n<p class=\"wp-block-paragraph\">Es tracta sobretot de la caiguda d\u2019arbres o branques de grans dimensions. Aix\u00ed, entre altres incid\u00e8ncies, s\u2019hi ha retirat un pi caigut a la CV-620, diversos arbres caiguts sobre vehicles a Requena o un altre en un xalet de Rocafort.&nbsp;<\/p>\n\n\n\n<p class=\"wp-block-paragraph\">A m\u00e9s, els bombers tamb\u00e9 han realitzat la retirada d\u2019elements caiguts o en risc de caure de diversos edificis, com planxes met\u00e0l\u00b7liques, persianes, teules o parts de fa\u00e7ana, a punts com Benifai\u00f3, Gandia, Sinarcas o Alzira respectivament.<\/p>\n\n\n\n<figure class=\"wp-block-image\"><img loading=\"lazy\" decoding=\"async\" width=\"787\" height=\"531\" src=\"http:\/\/www.tucomarca.com\/wordpress\/segunda\/wp-content\/uploads\/2020\/12\/BomberosViento2.jpg\" alt=\"\" class=\"wp-image-122711\" srcset=\"https:\/\/tucomarca.whitekongsoftware.com\/wp-content\/uploads\/2020\/12\/BomberosViento2.jpg 787w, https:\/\/tucomarca.whitekongsoftware.com\/wp-content\/uploads\/2020\/12\/BomberosViento2-300x202.jpg 300w, https:\/\/tucomarca.whitekongsoftware.com\/wp-content\/uploads\/2020\/12\/BomberosViento2-768x518.jpg 768w\" sizes=\"auto, (max-width: 787px) 100vw, 787px\" \/><\/figure>\n\n\n\n<p class=\"wp-block-paragraph\">D\u2019altra banda, l\u2019altre gran risc de la jornada han sigut els incendis de matolls, dels que s\u2019han rebut avisos a localitats com la Pobla de Vallbona o Cullera. Fins a les 16 h s\u2019hi ha produ\u00eft cinc d\u2019estos incendis. Cal recordar que el risc d\u2019incendis forestals \u00e9s hui extrem a l\u2019interior de Val\u00e8ncia.&nbsp;<\/p>\n\n\n\n<p class=\"wp-block-paragraph\">Des del Consorci Provincial de Bombers de Val\u00e8ncia s\u2019hi segueix demanant molta precauci\u00f3 en esta jornada marcada pels forts vents a tota la prov\u00edncia.&nbsp;<\/p>\n","protected":false},"excerpt":{"rendered":"<div class=\"mh-excerpt\">El Consorci Provincial de Bombers de Val\u00e8ncia ha intervingut des d\u2019esta matinada i fins a primeres hores de la vesprada en vora una quinzena d\u2019emerg\u00e8ncies relacionades amb el vent.&nbsp; Es tracta sobretot de la caiguda <a class=\"mh-excerpt-more\" href=\"https:\/\/tucomarca.whitekongsoftware.com\/ca\/el-consorci-provincial-de-bombers-de-valencia-interve-en-diversas-emergencies-per-vents\/\" title=\"El Consorci Provincial de Bombers de Val\u00e8ncia interv\u00e9 en diversas emerg\u00e8ncies per vents\">[+] <\/a><\/div>\n","protected":false},"author":12,"featured_media":122710,"comment_status":"open","ping_status":"open","sticky":false,"template":"","format":"standard","meta":{"footnotes":""},"categories":[10889,10987,10892,10898,10948,10894,10904,10915,10902,10903,10908,10909,10896,11058,10897],"tags":[12830,3677,786,3250],"class_list":["post-122714","post","type-post","status-publish","format-standard","has-post-thumbnail","category-alzira-cat","category-benifaio-ca","category-camp-de-turia-ca","category-ventana-ca","category-infraestructuras-ca","category-la-comarca-ca","category-sin-categorizar-ca","category-la-pobla-ca","category-la-ribera-ca","category-medio-ambiente-la-comarca-ca","category-requena-ca","category-requena-utiel-ca","category-seccion-ca","category-sinarcas-ca","category-sucesos-la-comarca-ca","tag-consorcio-provincial-de-bomberos-de-valencia","tag-diputacio-de-valencia","tag-emergencias","tag-fuertes-vientos"],"_links":{"self":[{"href":"https:\/\/tucomarca.whitekongsoftware.com\/ca\/wp-json\/wp\/v2\/posts\/122714","targetHints":{"allow":["GET"]}}],"collection":[{"href":"https:\/\/tucomarca.whitekongsoftware.com\/ca\/wp-json\/wp\/v2\/posts"}],"about":[{"href":"https:\/\/tucomarca.whitekongsoftware.com\/ca\/wp-json\/wp\/v2\/types\/post"}],"author":[{"embeddable":true,"href":"https:\/\/tucomarca.whitekongsoftware.com\/ca\/wp-json\/wp\/v2\/users\/12"}],"replies":[{"embeddable":true,"href":"https:\/\/tucomarca.whitekongsoftware.com\/ca\/wp-json\/wp\/v2\/comments?post=122714"}],"version-history":[{"count":0,"href":"https:\/\/tucomarca.whitekongsoftware.com\/ca\/wp-json\/wp\/v2\/posts\/122714\/revisions"}],"wp:featuredmedia":[{"embeddable":true,"href":"https:\/\/tucomarca.whitekongsoftware.com\/ca\/wp-json\/wp\/v2\/media\/122710"}],"wp:attachment":[{"href":"https:\/\/tucomarca.whitekongsoftware.com\/ca\/wp-json\/wp\/v2\/media?parent=122714"}],"wp:term":[{"taxonomy":"category","embeddable":true,"href":"https:\/\/tucomarca.whitekongsoftware.com\/ca\/wp-json\/wp\/v2\/categories?post=122714"},{"taxonomy":"post_tag","embeddable":true,"href":"https:\/\/tucomarca.whitekongsoftware.com\/ca\/wp-json\/wp\/v2\/tags?post=122714"}],"curies":[{"name":"wp","href":"https:\/\/api.w.org\/{rel}","templated":true}]}}