{"id":122705,"date":"2020-12-29T12:00:54","date_gmt":"2020-12-29T11:00:54","guid":{"rendered":"http:\/\/www.tucomarca.com\/wordpress\/segunda\/?p=122705"},"modified":"2020-12-29T13:07:06","modified_gmt":"2020-12-29T12:07:06","slug":"el-govern-de-bunyol-augmenta-les-restriccions-davant-laugment-dels-casos-de-covid-fins-als-actuals-62-actius","status":"publish","type":"post","link":"https:\/\/tucomarca.whitekongsoftware.com\/ca\/el-govern-de-bunyol-augmenta-les-restriccions-davant-laugment-dels-casos-de-covid-fins-als-actuals-62-actius\/","title":{"rendered":"El Govern de Bunyol augmenta les restriccions davant l&#8217;augment dels casos de Covid fins als actuals 62 actius"},"content":{"rendered":"\n<p class=\"wp-block-paragraph\">Despr\u00e9s de con\u00e8ixer les noves dades d&#8217;incid\u00e8ncia de Covid19 a Bu\u00f1ol, 62 casos actius en els \u00faltims catorze dies i superar-se els 600 per cada 100.000 habitants en incid\u00e8ncia acumulada (dades de el 29 de desembre 2020) el Govern de Bunyol, atenent les recomanacions de les autoritats sanit\u00e0ries ha determinat augmentar les restriccions, que es concreten en:<\/p>\n\n\n\n<ul class=\"wp-block-list\"><li>Queden ajornats els actes i activitats programades per les regidories de Cultura, Comer\u00e7 i Cultura Popular, fins que la situaci\u00f3 sanit\u00e0ria ho permeti. <\/li><li>L&#8217;\u00fas dels espais esportius municipals, nom\u00e9s es permetr\u00e0 a esportistes federats, per a competici\u00f3 i entrenaments. Tamb\u00e9 es recomana a la poblaci\u00f3 en general no assistir com a p\u00fablic als esdeveniments esportius. <\/li><li>Augment en el control d&#8217;el compliment de les mesures imposades pel Govern Valenci\u00e0. Es vigilar\u00e0 el compliment d&#8217;aquestes mesures amb la pres\u00e8ncia de refor\u00e7os de les forces de seguretat. Aquestes forces actuaran al casc urb\u00e0 i en el terme municipal: muntanyes, hortes i zones perif\u00e8riques de Bunyol. (Policia Municipal, Policia Auton\u00f2mica, Gu\u00e0rdia Civil). <\/li><li>Recomanaci\u00f3 de reduir el nombre de taules a les terrasses, als restaurants i bars de Bunyol. Recomanaci\u00f3 a les societats, entitats (civils i religioses) i associacions de Bunyol d&#8217;ajornar les seues activitats programades fins que la situaci\u00f3 sanit\u00e0ria ho permetra. <\/li><li>Es recorda a m\u00e9s que en les reunions el m\u00e0xim fixat ser\u00e0 de 6 persones, tant en espais p\u00fablics com privats i la concentraci\u00f3 de, com a m\u00e0xim, dos grups de conviv\u00e8ncia. Aix\u00ed mateix l&#8217;hora de el confinament nocturn \u00e9s a les 23,00 hores, excepte el dia 31 que ser\u00e0 a les 00,00 hores.<\/li><\/ul>\n\n\n\n<p class=\"wp-block-paragraph\">&#8220;Aquestes mesures es perllongaran fins que la situaci\u00f3 millori o el Govern Valenci\u00e0 determini altres mesures correctivas.Apelamos a la responsabilitat ia la consci\u00e8ncia individual per aconseguir que el virus no se segueixi propagant&#8221;, han finalitzat des de l&#8217;alcaldia i el govern de Bunyol.<\/p>\n","protected":false},"excerpt":{"rendered":"<div class=\"mh-excerpt\">Despr\u00e9s de con\u00e8ixer les noves dades d&#8217;incid\u00e8ncia de Covid19 a Bu\u00f1ol, 62 casos actius en els \u00faltims catorze dies i superar-se els 600 per cada 100.000 habitants en incid\u00e8ncia acumulada (dades de el 29 de <a class=\"mh-excerpt-more\" href=\"https:\/\/tucomarca.whitekongsoftware.com\/ca\/el-govern-de-bunyol-augmenta-les-restriccions-davant-laugment-dels-casos-de-covid-fins-als-actuals-62-actius\/\" title=\"El Govern de Bunyol augmenta les restriccions davant l&#8217;augment dels casos de Covid fins als actuals 62 actius\">[+] <\/a><\/div>\n","protected":false},"author":12,"featured_media":105460,"comment_status":"open","ping_status":"open","sticky":false,"template":"","format":"standard","meta":{"footnotes":""},"categories":[10911,11010,12202,10898,10948,10894,10912,10947,10896,10897],"tags":[11158,11939,11940,10914],"class_list":["post-122705","post","type-post","status-publish","format-standard","has-post-thumbnail","category-bunol-ca","category-canal-salud","category-covid-19-ca","category-ventana-ca","category-infraestructuras-ca","category-la-comarca-ca","category-la-hoya-ca","category-politica","category-seccion-ca","category-sucesos-la-comarca-ca","tag-ayuntamiento-de-bunol-ca","tag-coronavirus-ca","tag-covid-19-ca","tag-la-hoya-de-bunol-chiva-ca"],"_links":{"self":[{"href":"https:\/\/tucomarca.whitekongsoftware.com\/ca\/wp-json\/wp\/v2\/posts\/122705","targetHints":{"allow":["GET"]}}],"collection":[{"href":"https:\/\/tucomarca.whitekongsoftware.com\/ca\/wp-json\/wp\/v2\/posts"}],"about":[{"href":"https:\/\/tucomarca.whitekongsoftware.com\/ca\/wp-json\/wp\/v2\/types\/post"}],"author":[{"embeddable":true,"href":"https:\/\/tucomarca.whitekongsoftware.com\/ca\/wp-json\/wp\/v2\/users\/12"}],"replies":[{"embeddable":true,"href":"https:\/\/tucomarca.whitekongsoftware.com\/ca\/wp-json\/wp\/v2\/comments?post=122705"}],"version-history":[{"count":0,"href":"https:\/\/tucomarca.whitekongsoftware.com\/ca\/wp-json\/wp\/v2\/posts\/122705\/revisions"}],"wp:featuredmedia":[{"embeddable":true,"href":"https:\/\/tucomarca.whitekongsoftware.com\/ca\/wp-json\/wp\/v2\/media\/105460"}],"wp:attachment":[{"href":"https:\/\/tucomarca.whitekongsoftware.com\/ca\/wp-json\/wp\/v2\/media?parent=122705"}],"wp:term":[{"taxonomy":"category","embeddable":true,"href":"https:\/\/tucomarca.whitekongsoftware.com\/ca\/wp-json\/wp\/v2\/categories?post=122705"},{"taxonomy":"post_tag","embeddable":true,"href":"https:\/\/tucomarca.whitekongsoftware.com\/ca\/wp-json\/wp\/v2\/tags?post=122705"}],"curies":[{"name":"wp","href":"https:\/\/api.w.org\/{rel}","templated":true}]}}