{"id":122691,"date":"2020-12-28T18:15:43","date_gmt":"2020-12-28T17:15:43","guid":{"rendered":"http:\/\/www.tucomarca.com\/wordpress\/segunda\/?p=122691"},"modified":"2020-12-29T00:16:21","modified_gmt":"2020-12-28T23:16:21","slug":"sinarcas-aporta-11-contagis-monserrat-10-lliria-7-xiva-5-i-riba-roja-3-als-1-691-nous-casos-de-coronavirus-registrats-a-linterior-de-la-comunitat","status":"publish","type":"post","link":"https:\/\/tucomarca.whitekongsoftware.com\/ca\/sinarcas-aporta-11-contagis-monserrat-10-lliria-7-xiva-5-i-riba-roja-3-als-1-691-nous-casos-de-coronavirus-registrats-a-linterior-de-la-comunitat\/","title":{"rendered":"Sinarcas aporta 11 contagis, Monserrat 10, Ll\u00edria 7, Xiva 5 i Riba-roja 3 als 1.691 nous casos de coronavirus registrats a l&#8217;interior de la Comunitat"},"content":{"rendered":"\n<p class=\"wp-block-paragraph\">La Comunitat Valenciana ha registrat 1.691 nous casos de coronavirus confirmats per prova PCR o mitjan\u00e7ant test d&#8217;ant\u00edgens des de l&#8217;\u00faltima actualitzaci\u00f3 de dissabte 26 de desembre, que situen la xifra total de positius en 139.167 persones.<\/p>\n\n\n\n<p class=\"wp-block-paragraph\">Per prov\u00edncies, la distribuci\u00f3 de nous positius \u00e9s la seg\u00fcent: 142 a Castell\u00f3 (15.092 en total), 596 a Alacant (45.980 en total) i 953 a la prov\u00edncia de Val\u00e8ncia (77.130 en total). A m\u00e9s, s&#8217;han reassignat 13 casos, de manera que continua havent 2 casos sense assignar.<\/p>\n\n\n\n<p class=\"wp-block-paragraph\">D&#8217;altra banda, des de l&#8217;\u00faltima actualitzaci\u00f3 de les altes el passat 23 de desembre, s&#8217;han registrat 6.214 altes a pacients amb coronavirus. D&#8217;aquesta manera, ja s\u00f3n 130.866 persones a la Comunitat Valenciana les que han superat la malaltia des que va comen\u00e7ar la pand\u00e8mia. Per prov\u00edncies, les altes es distribueixen de la seg\u00fcent manera: 14.534 a Castell\u00f3, 43.815 a Alacant i 72.456 a Val\u00e8ncia. A m\u00e9s, hi ha 61 altes sense assignaci\u00f3.<\/p>\n\n\n\n<p class=\"wp-block-paragraph\">De esta forma, en estos momentos hay 17.116 casos activos, lo que supone un 11,35% del total de positivos.<\/p>\n\n\n\n<p class=\"wp-block-paragraph\">Los hospitales valencianos tienen, actualmente, 1.725 personas ingresadas: 154 en la provincia de Castell\u00f3n, con 19 pacientes en UCI; 489 en la provincia de Alicante, 104 de ellos en la UCI; y 1.082 en la provincia de Valencia, 143 de ellos en UCI.&nbsp;<\/p>\n\n\n\n<p class=\"wp-block-paragraph\">Por otro lado, se han registrado 43 fallecimientos por coronavirus desde la \u00faltima actualizaci\u00f3n el pasado mi\u00e9rcoles 23 de diciembre, por lo que el total de defunciones es de 2.835 personas: 368 en la provincia de Castell\u00f3n, 994 en la de Alicante y 1.473 en la de Valencia.<\/p>\n\n\n\n<p class=\"wp-block-paragraph\">El n\u00famero total de pruebas llevadas a cabo para la detecci\u00f3n del coronavirus asciende a 2.036.891, de las que 1.867.700 han sido a trav\u00e9s de PCR y 169.191, mediante test r\u00e1pido.<\/p>\n\n\n\n<p class=\"wp-block-paragraph\"><strong>Actualizaci\u00f3n de la situaci\u00f3n en residencias<\/strong><\/p>\n\n\n\n<p class=\"wp-block-paragraph\">De acuerdo con los datos actualizados este lunes, hay alg\u00fan caso positivo en 99 residencias de mayores (6 en la provincia de Castell\u00f3n, 32 en la provincia de Alicante y 61 en la provincia de Valencia), 16 centros de diversidad funcional (3 en la provincia de Castell\u00f3n, 4 en la provincia de Alicante y 9 en la provincia de Valencia) y 6 centros de menores (1 en la provincia de Castell\u00f3n, 1 en la provincia de Alicante y 4 en la provincia de Valencia).<\/p>\n\n\n\n<p class=\"wp-block-paragraph\">&#8211; Residentes nuevos positivos: 48<\/p>\n\n\n\n<p class=\"wp-block-paragraph\">&#8211; Trabajadores y trabajadoras nuevos positivos: 33<\/p>\n\n\n\n<p class=\"wp-block-paragraph\">&#8211; Residentes que han fallecido: 22<\/p>\n\n\n\n<p class=\"wp-block-paragraph\">Actualmente, se encuentran bajo vigilancia activa de control sanitario 28 residencias en la Comunitat Valenciana: 2 en la provincia de Castell\u00f3n, 12 en la provincia de Alicante y 14 en la provincia de Valencia.<\/p>\n\n\n\n<p class=\"wp-block-paragraph\"><strong>Actualizaci\u00f3n brotes de coronavirus<\/strong><\/p>\n\n\n\n<p class=\"wp-block-paragraph\">Se han registrado un total de 56 brotes. Por provincias, \u00e9sta es la distribuci\u00f3n: 11 en Castell\u00f3n; 15 en Alicante y 30 en la provincia de Valencia<\/p>\n\n\n\n<p class=\"wp-block-paragraph\">\u00b7 Alcoi\/Alcoy: 7 casos. \u00c1mbito educativo<\/p>\n\n\n\n<p class=\"wp-block-paragraph\">\u00b7 Castell\u00f3 de la Plana: 6 casos. Origen laboral<\/p>\n\n\n\n<p class=\"wp-block-paragraph\">\u00b7 Sagunt\/Sagunto: 3 casos. Origen laboral<\/p>\n\n\n\n<p class=\"wp-block-paragraph\">\u00b7 Sinarcas: 6 casos. Origen social<\/p>\n\n\n\n<p class=\"wp-block-paragraph\">\u00b7 Montserrat: 10 casos. Origen laboral<\/p>\n\n\n\n<p class=\"wp-block-paragraph\">\u00b7 Sinarcas: 5 casos. Origen social<\/p>\n\n\n\n<p class=\"wp-block-paragraph\">\u00b7 Val\u00e8ncia: 3 casos. Origen social<\/p>\n\n\n\n<p class=\"wp-block-paragraph\">\u00b7 Cat\u00ed: 6 casos. Origen social<\/p>\n\n\n\n<p class=\"wp-block-paragraph\">\u00b7 Alicante: 9 casos. Origen \u00c1mbito educativo<\/p>\n\n\n\n<p class=\"wp-block-paragraph\">\u00b7 Sueca: 6 casos. Origen social<\/p>\n\n\n\n<p class=\"wp-block-paragraph\">\u00b7 Val\u00e8ncia: 12 casos. Origen laboral<\/p>\n\n\n\n<p class=\"wp-block-paragraph\">\u00b7 Alginet: 4 casos. Origen social<\/p>\n\n\n\n<p class=\"wp-block-paragraph\">\u00b7 Almassora: 13 casos. Origen laboral<\/p>\n\n\n\n<p class=\"wp-block-paragraph\">\u00b7 Benicarl\u00f3: 3 casos. Origen social<\/p>\n\n\n\n<p class=\"wp-block-paragraph\">\u00b7 Burriana\/Borriana: 5 casos. Origen laboral<\/p>\n\n\n\n<p class=\"wp-block-paragraph\">\u00b7 Almorad\u00ed: 3 casos. Origen laboral<\/p>\n\n\n\n<p class=\"wp-block-paragraph\">\u00b7 Vila-real: 3 casos. Origen laboral<\/p>\n\n\n\n<p class=\"wp-block-paragraph\">\u00b7 Agullent: 3 casos. \u00c1mbito educativo<\/p>\n\n\n\n<p class=\"wp-block-paragraph\">\u00b7 Sagra: 6 casos. Origen social<\/p>\n\n\n\n<p class=\"wp-block-paragraph\">\u00b7 Vila-real: 3 casos. Origen laboral<\/p>\n\n\n\n<p class=\"wp-block-paragraph\">\u00b7 D\u00e9nia: 10 casos. \u00c1mbito educativo<\/p>\n\n\n\n<p class=\"wp-block-paragraph\">\u00b7 Val\u00e8ncia: 4 casos. Origen social<\/p>\n\n\n\n<p class=\"wp-block-paragraph\">\u00b7 Val\u00e8ncia: 4 casos. Origen social<\/p>\n\n\n\n<p class=\"wp-block-paragraph\">\u00b7 Ll\u00edria: 7 casos. Origen social<\/p>\n\n\n\n<p class=\"wp-block-paragraph\">\u00b7 Val\u00e8ncia: 3 casos. Origen laboral<\/p>\n\n\n\n<p class=\"wp-block-paragraph\">\u00b7 Vinar\u00f2s: 5 casos. Origen social<\/p>\n\n\n\n<p class=\"wp-block-paragraph\">\u00b7 Vinar\u00f2s: 4 casos. Origen social<\/p>\n\n\n\n<p class=\"wp-block-paragraph\">\u00b7 Real De Gand\u00eda: 8 casos. Origen social<\/p>\n\n\n\n<p class=\"wp-block-paragraph\">\u00b7 Benicarl\u00f3: 8 casos. Origen laboral<\/p>\n\n\n\n<p class=\"wp-block-paragraph\">\u00b7 Val\u00e8ncia: 6 casos. Origen social<\/p>\n\n\n\n<p class=\"wp-block-paragraph\">\u00b7 Alicante: 5 casos. \u00c1mbito educativo<\/p>\n\n\n\n<p class=\"wp-block-paragraph\">\u00b7 Val\u00e8ncia: 3 casos. Origen social<\/p>\n\n\n\n<p class=\"wp-block-paragraph\">\u00b7 Val\u00e8ncia: 5 casos. Origen social<\/p>\n\n\n\n<p class=\"wp-block-paragraph\">\u00b7 Val\u00e8ncia: 4 casos. Origen social<\/p>\n\n\n\n<p class=\"wp-block-paragraph\">\u00b7 Benidorm: 8 casos. Origen laboral<\/p>\n\n\n\n<p class=\"wp-block-paragraph\">\u00b7 Altea: 3 casos. Origen laboral<\/p>\n\n\n\n<p class=\"wp-block-paragraph\">\u00b7 Sagunto\/Sagunt: 3 casos. Origen social<\/p>\n\n\n\n<p class=\"wp-block-paragraph\">\u00b7 Val\u00e8ncia: 4 casos. Origen social<\/p>\n\n\n\n<p class=\"wp-block-paragraph\">\u00b7 Val\u00e8ncia: 7 casos. Origen laboral<\/p>\n\n\n\n<p class=\"wp-block-paragraph\">\u00b7 Forcall: 5 casos. Origen social<\/p>\n\n\n\n<p class=\"wp-block-paragraph\">\u00b7 Val\u00e8ncia: 6 casos. Origen laboral<\/p>\n\n\n\n<p class=\"wp-block-paragraph\">\u00b7 Val\u00e8ncia: 7 casos. Origen laboral<\/p>\n\n\n\n<p class=\"wp-block-paragraph\">\u00b7 Val\u00e8ncia: 9 casos. Origen social<\/p>\n\n\n\n<p class=\"wp-block-paragraph\">\u00b7 Chiva: 5 casos. Origen laboral<\/p>\n\n\n\n<p class=\"wp-block-paragraph\">\u00b7 Quart De Poblet: 10 casos. Origen laboral<\/p>\n\n\n\n<p class=\"wp-block-paragraph\">\u00b7 Riba-roja de T\u00faria: 3 casos. \u00c1mbito educativo<\/p>\n\n\n\n<p class=\"wp-block-paragraph\">\u00b7 Val\u00e8ncia: 5 casos. Origen social<\/p>\n\n\n\n<p class=\"wp-block-paragraph\">\u00b7 Benidorm: 5 casos. Origen social<\/p>\n\n\n\n<p class=\"wp-block-paragraph\">\u00b7 La Vila Joiosa: 4 casos. Origen social<\/p>\n\n\n\n<p class=\"wp-block-paragraph\">\u00b7 Benidorm: 10 casos. Origen social<\/p>\n\n\n\n<p class=\"wp-block-paragraph\">\u00b7 Benidorm: 5 casos. Origen laboral<\/p>\n\n\n\n<p class=\"wp-block-paragraph\">\u00b7 Benissa: 3 casos. Origen laboral<\/p>\n\n\n\n<p class=\"wp-block-paragraph\">\u00b7 Val\u00e8ncia: 3 casos. Origen social<\/p>\n\n\n\n<p class=\"wp-block-paragraph\">\u00b7 Val\u00e8ncia: 6 casos. Origen social<\/p>\n\n\n\n<p class=\"wp-block-paragraph\">\u00b7 Sant Joan d&#8217;Alacant: 4 casos. Origen laboral<\/p>\n\n\n\n<p class=\"wp-block-paragraph\">\u00b7 La Vila Joiosa: 4 casos. Origen social<\/p>\n","protected":false},"excerpt":{"rendered":"<div class=\"mh-excerpt\">La Comunitat Valenciana ha registrat 1.691 nous casos de coronavirus confirmats per prova PCR o mitjan\u00e7ant test d&#8217;ant\u00edgens des de l&#8217;\u00faltima actualitzaci\u00f3 de dissabte 26 de desembre, que situen la xifra total de positius en <a class=\"mh-excerpt-more\" href=\"https:\/\/tucomarca.whitekongsoftware.com\/ca\/sinarcas-aporta-11-contagis-monserrat-10-lliria-7-xiva-5-i-riba-roja-3-als-1-691-nous-casos-de-coronavirus-registrats-a-linterior-de-la-comunitat\/\" title=\"Sinarcas aporta 11 contagis, Monserrat 10, Ll\u00edria 7, Xiva 5 i Riba-roja 3 als 1.691 nous casos de coronavirus registrats a l&#8217;interior de la Comunitat\">[+] <\/a><\/div>\n","protected":false},"author":1,"featured_media":122690,"comment_status":"open","ping_status":"open","sticky":false,"template":"","format":"standard","meta":{"footnotes":""},"categories":[10892,11010,12202,10898,10948,10894,10904,10912,10902,10928,10903,11000,10947,10909,10906,10896,11058,10897,10975],"tags":[10899,11939,11940,10914,10910],"class_list":["post-122691","post","type-post","status-publish","format-standard","has-post-thumbnail","category-camp-de-turia-ca","category-canal-salud","category-covid-19-ca","category-ventana-ca","category-infraestructuras-ca","category-la-comarca-ca","category-sin-categorizar-ca","category-la-hoya-ca","category-la-ribera-ca","category-lliria-ca","category-medio-ambiente-la-comarca-ca","category-monserrat-ca","category-politica","category-requena-utiel-ca","category-riba-roja-ca","category-seccion-ca","category-sinarcas-ca","category-sucesos-la-comarca-ca","category-chiva-ca","tag-camp-de-turia-ca","tag-coronavirus-ca","tag-covid-19-ca","tag-la-hoya-de-bunol-chiva-ca","tag-requena-utiel-ca"],"_links":{"self":[{"href":"https:\/\/tucomarca.whitekongsoftware.com\/ca\/wp-json\/wp\/v2\/posts\/122691","targetHints":{"allow":["GET"]}}],"collection":[{"href":"https:\/\/tucomarca.whitekongsoftware.com\/ca\/wp-json\/wp\/v2\/posts"}],"about":[{"href":"https:\/\/tucomarca.whitekongsoftware.com\/ca\/wp-json\/wp\/v2\/types\/post"}],"author":[{"embeddable":true,"href":"https:\/\/tucomarca.whitekongsoftware.com\/ca\/wp-json\/wp\/v2\/users\/1"}],"replies":[{"embeddable":true,"href":"https:\/\/tucomarca.whitekongsoftware.com\/ca\/wp-json\/wp\/v2\/comments?post=122691"}],"version-history":[{"count":0,"href":"https:\/\/tucomarca.whitekongsoftware.com\/ca\/wp-json\/wp\/v2\/posts\/122691\/revisions"}],"wp:featuredmedia":[{"embeddable":true,"href":"https:\/\/tucomarca.whitekongsoftware.com\/ca\/wp-json\/wp\/v2\/media\/122690"}],"wp:attachment":[{"href":"https:\/\/tucomarca.whitekongsoftware.com\/ca\/wp-json\/wp\/v2\/media?parent=122691"}],"wp:term":[{"taxonomy":"category","embeddable":true,"href":"https:\/\/tucomarca.whitekongsoftware.com\/ca\/wp-json\/wp\/v2\/categories?post=122691"},{"taxonomy":"post_tag","embeddable":true,"href":"https:\/\/tucomarca.whitekongsoftware.com\/ca\/wp-json\/wp\/v2\/tags?post=122691"}],"curies":[{"name":"wp","href":"https:\/\/api.w.org\/{rel}","templated":true}]}}