{"id":122605,"date":"2020-12-28T08:00:25","date_gmt":"2020-12-28T07:00:25","guid":{"rendered":"http:\/\/www.tucomarca.com\/wordpress\/segunda\/?p=122605"},"modified":"2020-12-28T18:58:03","modified_gmt":"2020-12-28T17:58:03","slug":"mn4-anima-als-seus-visitants-a-fer-se-donanters-el-proxim-30-de-desembre","status":"publish","type":"post","link":"https:\/\/tucomarca.whitekongsoftware.com\/ca\/mn4-anima-als-seus-visitants-a-fer-se-donanters-el-proxim-30-de-desembre\/","title":{"rendered":"MN4 anima als seus visitants a fer-se #Donanters el pr\u00f2xim 30 de desembre"},"content":{"rendered":"\n<h4 class=\"wp-block-heading\">L&#8217;acci\u00f3 forma part de la campanya &#8220;Esta Nadal, la teua donaci\u00f3 de sang, el millor regalo&#8221; del Centre de Transfusi\u00f3 de la Comunitat Valenciana<\/h4>\n\n\n\n<h4 class=\"wp-block-heading\"><strong>Els clients del Centre que participen es portaran com a obsequi d&#8217;agra\u00efment una entrada per a Cines MN4<\/strong><\/h4>\n\n\n\n<p class=\"wp-block-paragraph\">Dimecres que ve, 30 de desembre, d&#8217;11 a 21 hores, el Centre de Transfusi\u00f3 de la Comunitat Valenciana traslladar\u00e0 al seu equip a la planta baixa del Centre Comercial i d&#8217;Oci MN4 per a atendre a totes els visitants que desitgen acudir a donar sang per a ajudar les persones que la necessiten abans de finalitzar l&#8217;any.<\/p>\n\n\n\n<figure class=\"wp-block-image\"><img loading=\"lazy\" decoding=\"async\" width=\"787\" height=\"525\" src=\"http:\/\/www.tucomarca.com\/wordpress\/segunda\/wp-content\/uploads\/2020\/12\/MN4-1.jpg\" alt=\"\" class=\"wp-image-122602\" srcset=\"https:\/\/tucomarca.whitekongsoftware.com\/wp-content\/uploads\/2020\/12\/MN4-1.jpg 787w, https:\/\/tucomarca.whitekongsoftware.com\/wp-content\/uploads\/2020\/12\/MN4-1-300x200.jpg 300w, https:\/\/tucomarca.whitekongsoftware.com\/wp-content\/uploads\/2020\/12\/MN4-1-768x512.jpg 768w\" sizes=\"auto, (max-width: 787px) 100vw, 787px\" \/><\/figure>\n\n\n\n<p class=\"wp-block-paragraph\">L&#8217;acci\u00f3 forma part de la campanya especial de donaci\u00f3 &#8220;Aquest Nadal, la teva donaci\u00f3 de sang, el millor regal&#8221;, que se celebra anualment des de 2004 i amb la qual el Centre de Transfusions de la Comunitat Valenciana vol refor\u00e7ar la participaci\u00f3 ciutadana en un any marcat per la crisi sanit\u00e0ria i homenatjar tots els #Donanters, com denominen amb afecte als usuaris donants, a trav\u00e9s de les seves xarxes socials, on tamb\u00e9 estan fent \u00fas d&#8217;altres hashtags com # D\u00f3naSang, #FesteDonanter i #ComparteixVida.<\/p>\n\n\n\n<p class=\"wp-block-paragraph\">A m\u00e9s de l&#8217;homenatge als #Donanters, els visitants que donin sang tamb\u00e9 es portaran un obsequi d&#8217;agra\u00efment per participar a la jornada: una entrada de cinema per gaudir de les estrenes de Cinemes MN4 aquest Nadal.<\/p>\n\n\n\n<p class=\"wp-block-paragraph\">Les donacions es realitzaran a la planta baixa de MN4, al costat de el local dels supermercats Economy Cash, seguint en tot moment les mesures de seguretat i d&#8217;higiene enfront de l&#8217;Covid-19.<\/p>\n","protected":false},"excerpt":{"rendered":"<div class=\"mh-excerpt\">L&#8217;acci\u00f3 forma part de la campanya &#8220;Esta Nadal, la teua donaci\u00f3 de sang, el millor regalo&#8221; del Centre de Transfusi\u00f3 de la Comunitat Valenciana Els clients del Centre que participen es portaran com a obsequi <a class=\"mh-excerpt-more\" href=\"https:\/\/tucomarca.whitekongsoftware.com\/ca\/mn4-anima-als-seus-visitants-a-fer-se-donanters-el-proxim-30-de-desembre\/\" title=\"MN4 anima als seus visitants a fer-se #Donanters el pr\u00f2xim 30 de desembre\">[+] <\/a><\/div>\n","protected":false},"author":12,"featured_media":122599,"comment_status":"open","ping_status":"open","sticky":false,"template":"","format":"standard","meta":{"footnotes":""},"categories":[10892,10894,10904,10893,10896],"tags":[10395,13405,10433,13215],"class_list":["post-122605","post","type-post","status-publish","format-standard","has-post-thumbnail","category-camp-de-turia-ca","category-la-comarca-ca","category-sin-categorizar-ca","category-leliana-ca","category-seccion-ca","tag-camp-de-turia","tag-centro-de-transfusion-de-la-comunitat-valenciana","tag-leliana","tag-mn4"],"_links":{"self":[{"href":"https:\/\/tucomarca.whitekongsoftware.com\/ca\/wp-json\/wp\/v2\/posts\/122605","targetHints":{"allow":["GET"]}}],"collection":[{"href":"https:\/\/tucomarca.whitekongsoftware.com\/ca\/wp-json\/wp\/v2\/posts"}],"about":[{"href":"https:\/\/tucomarca.whitekongsoftware.com\/ca\/wp-json\/wp\/v2\/types\/post"}],"author":[{"embeddable":true,"href":"https:\/\/tucomarca.whitekongsoftware.com\/ca\/wp-json\/wp\/v2\/users\/12"}],"replies":[{"embeddable":true,"href":"https:\/\/tucomarca.whitekongsoftware.com\/ca\/wp-json\/wp\/v2\/comments?post=122605"}],"version-history":[{"count":0,"href":"https:\/\/tucomarca.whitekongsoftware.com\/ca\/wp-json\/wp\/v2\/posts\/122605\/revisions"}],"wp:featuredmedia":[{"embeddable":true,"href":"https:\/\/tucomarca.whitekongsoftware.com\/ca\/wp-json\/wp\/v2\/media\/122599"}],"wp:attachment":[{"href":"https:\/\/tucomarca.whitekongsoftware.com\/ca\/wp-json\/wp\/v2\/media?parent=122605"}],"wp:term":[{"taxonomy":"category","embeddable":true,"href":"https:\/\/tucomarca.whitekongsoftware.com\/ca\/wp-json\/wp\/v2\/categories?post=122605"},{"taxonomy":"post_tag","embeddable":true,"href":"https:\/\/tucomarca.whitekongsoftware.com\/ca\/wp-json\/wp\/v2\/tags?post=122605"}],"curies":[{"name":"wp","href":"https:\/\/api.w.org\/{rel}","templated":true}]}}