{"id":122591,"date":"2020-12-27T07:00:12","date_gmt":"2020-12-27T06:00:12","guid":{"rendered":"http:\/\/www.tucomarca.com\/wordpress\/segunda\/?p=122591"},"modified":"2020-12-28T19:08:40","modified_gmt":"2020-12-28T18:08:40","slug":"ava-asaja-adverteix-que-la-supressio-del-mancozeb-encarira-un-25-els-tractaments-i-agreujara-malalties-de-fruites-hortalisses-i-vinya","status":"publish","type":"post","link":"https:\/\/tucomarca.whitekongsoftware.com\/ca\/ava-asaja-adverteix-que-la-supressio-del-mancozeb-encarira-un-25-els-tractaments-i-agreujara-malalties-de-fruites-hortalisses-i-vinya\/","title":{"rendered":"AVA-Asaja adverteix que la supressi\u00f3 del Mancozeb encarir\u00e0 un 25% els tractaments i agreujar\u00e0 malalties de fruites, hortalisses i vinya"},"content":{"rendered":"\n<h4 class=\"wp-block-heading\">Aguado: \u201c<strong>Si els cient\u00edfics han demostrat que suposa un risc per a la salut, la UE hauria d&#8217;estendre la prohibici\u00f3 a les importacions de tercers pa\u00efsos<\/strong>\u201d<\/h4>\n\n\n\n<p class=\"wp-block-paragraph\">La Uni\u00f3 Europea obvia els problemes sanitaris que est\u00e0 ocasionant la seva pol\u00edtica fitosanit\u00e0ria i, en lloc de recular, accelera la supressi\u00f3 de solucions que els agricultors necessiten per combatre les plagues i malalties. L&#8217;Associaci\u00f3 Valenciana d&#8217;Agricultors (AVA-Asaja) adverteix que l&#8217;\u00faltima decisi\u00f3 de prohibir el Mancozeb a partir de l&#8217;1 de juny de 2021 significar\u00e0 un especial cop per al sector, perqu\u00e8 les alternatives que hi ha disponibles s&#8217;encariran un 25% els tractaments i generaran resist\u00e8ncies r\u00e0pidament en cultius mediterranis com c\u00edtrics, fruiters, hortalisses i vinya.<\/p>\n\n\n\n<p class=\"wp-block-paragraph\">Les malalties que poden repuntar els seus atacs arran de l&#8217;eliminaci\u00f3 de l&#8217;Mancozeb s\u00f3n, segons destaca AVA-Asaja, l&#8217;alternaria en els c\u00edtrics, la taca foliar del caqui i el m\u00edldiu a la vinya i determinades hortalisses com ara el tom\u00e0quet, el pebrot o la ceba.<\/p>\n\n\n\n<p class=\"wp-block-paragraph\">El president d&#8217;AVA-Asaja, Crist\u00f3bal Aguado, ressalta que &#8220;el Mancozeb \u00e9s un fungicida fonamental per a l&#8217;agricultura valenciana des de fa molt temps a causa del seu baix cost econ\u00f2mic i a la seva extraordin\u00e0ria efic\u00e0cia. Per aix\u00f2, si la UE suprimeix el seu \u00fas, el m\u00ednim que pot fer \u00e9s destinar tots els recursos que siguin necessaris per a investigar i dotar el sector m\u00e9s aviat possible de solucions alternatives amb una contrastada fiabilitat &#8220;.<\/p>\n\n\n\n<p class=\"wp-block-paragraph\">Aix\u00ed mateix, Aguado exigeix \u200b\u200ba Brussel\u00b7les que no es limiti a prohibir l&#8217;Mancozeb \u00fanicament als agricultors europeus sin\u00f3 que estenga la restricci\u00f3 a les importacions foranes que entren en els mercats comunitaris: &#8220;Si els cient\u00edfics han demostrat que representa un risc per a la salut humana, tant dels consumidors com dels aplicadors en els camps, la UE hauria d&#8217;aplicar la seva prohibici\u00f3 a tots els aliments, vinguin d&#8217;on vinguin. No imposar una m\u00ednima reciprocitat amb les produccions procedents de pa\u00efsos tercers suposaria una punyalada per l&#8217;esquena contra els agricultors europeus, un perill per a la salut dels ciutadans i una evid\u00e8ncia m\u00e9s de la incoher\u00e8ncia que hi ha darrere de les estrat\u00e8gies ambientals com el Pacte Verd i De la granja a la Taula&#8221;. Informa, <strong>Luis Ib\u00e1\u00f1ez.<\/strong><\/p>\n","protected":false},"excerpt":{"rendered":"<div class=\"mh-excerpt\">Aguado: \u201cSi els cient\u00edfics han demostrat que suposa un risc per a la salut, la UE hauria d&#8217;estendre la prohibici\u00f3 a les importacions de tercers pa\u00efsos\u201d La Uni\u00f3 Europea obvia els problemes sanitaris que est\u00e0 <a class=\"mh-excerpt-more\" href=\"https:\/\/tucomarca.whitekongsoftware.com\/ca\/ava-asaja-adverteix-que-la-supressio-del-mancozeb-encarira-un-25-els-tractaments-i-agreujara-malalties-de-fruites-hortalisses-i-vinya\/\" title=\"AVA-Asaja adverteix que la supressi\u00f3 del Mancozeb encarir\u00e0 un 25% els tractaments i agreujar\u00e0 malalties de fruites, hortalisses i vinya\">[+] <\/a><\/div>\n","protected":false},"author":12,"featured_media":122590,"comment_status":"open","ping_status":"open","sticky":false,"template":"","format":"standard","meta":{"footnotes":""},"categories":[10905,10892,10898,10963,10894,10904,10902,10896],"tags":[85,328,13403],"class_list":["post-122591","post","type-post","status-publish","format-standard","has-post-thumbnail","category-agricultura-la-comarca-ca","category-camp-de-turia-ca","category-ventana-ca","category-la-canal-de-navarres-ca","category-la-comarca-ca","category-sin-categorizar-ca","category-la-ribera-ca","category-seccion-ca","tag-agricultura","tag-ava-asaja","tag-mancozeb"],"_links":{"self":[{"href":"https:\/\/tucomarca.whitekongsoftware.com\/ca\/wp-json\/wp\/v2\/posts\/122591","targetHints":{"allow":["GET"]}}],"collection":[{"href":"https:\/\/tucomarca.whitekongsoftware.com\/ca\/wp-json\/wp\/v2\/posts"}],"about":[{"href":"https:\/\/tucomarca.whitekongsoftware.com\/ca\/wp-json\/wp\/v2\/types\/post"}],"author":[{"embeddable":true,"href":"https:\/\/tucomarca.whitekongsoftware.com\/ca\/wp-json\/wp\/v2\/users\/12"}],"replies":[{"embeddable":true,"href":"https:\/\/tucomarca.whitekongsoftware.com\/ca\/wp-json\/wp\/v2\/comments?post=122591"}],"version-history":[{"count":0,"href":"https:\/\/tucomarca.whitekongsoftware.com\/ca\/wp-json\/wp\/v2\/posts\/122591\/revisions"}],"wp:featuredmedia":[{"embeddable":true,"href":"https:\/\/tucomarca.whitekongsoftware.com\/ca\/wp-json\/wp\/v2\/media\/122590"}],"wp:attachment":[{"href":"https:\/\/tucomarca.whitekongsoftware.com\/ca\/wp-json\/wp\/v2\/media?parent=122591"}],"wp:term":[{"taxonomy":"category","embeddable":true,"href":"https:\/\/tucomarca.whitekongsoftware.com\/ca\/wp-json\/wp\/v2\/categories?post=122591"},{"taxonomy":"post_tag","embeddable":true,"href":"https:\/\/tucomarca.whitekongsoftware.com\/ca\/wp-json\/wp\/v2\/tags?post=122591"}],"curies":[{"name":"wp","href":"https:\/\/api.w.org\/{rel}","templated":true}]}}