{"id":122583,"date":"2020-12-27T12:00:40","date_gmt":"2020-12-27T11:00:40","guid":{"rendered":"http:\/\/www.tucomarca.com\/wordpress\/segunda\/?p=122583"},"modified":"2020-12-28T19:03:18","modified_gmt":"2020-12-28T18:03:18","slug":"torna-el-fred-a-requena-utiel-pero-de-forma-moderada","status":"publish","type":"post","link":"https:\/\/tucomarca.whitekongsoftware.com\/ca\/torna-el-fred-a-requena-utiel-pero-de-forma-moderada\/","title":{"rendered":"Torna el fred a Requena-Utiel; per\u00f2 de forma moderada"},"content":{"rendered":"\n<p class=\"wp-block-paragraph\">A la&nbsp;matinada&nbsp;de 26 de desembre&nbsp;la comarca&nbsp;Requena-Utiel&nbsp;ha&nbsp;registrat&nbsp;gelades&nbsp;moderades.&nbsp;Les&nbsp;m\u00ednimes&nbsp;han oscil\u00b7latentre els&nbsp;0&nbsp;\u00b0, on han&nbsp;estat m\u00e9s&nbsp;lleus&nbsp;les&nbsp;gelades&nbsp;i els&nbsp;-2&nbsp;en els&nbsp;llocs en qu\u00e8&nbsp;han assolit&nbsp;m\u00e9s intensitat.<\/p>\n\n\n\n<p class=\"wp-block-paragraph\">Les&nbsp;temperatures nohan estat tan&nbsp;baixes com&nbsp;estava&nbsp;previst&nbsp;ia m\u00e9s&nbsp;l&#8217;ambient \u00e9s&nbsp;assolellat.<\/p>\n\n\n\n<p class=\"wp-block-paragraph\">Despr\u00e9s d&#8217;un&nbsp;llarg&nbsp;per\u00edode&nbsp;de vents&nbsp;de ponent quevan portar un&nbsp;ambient&nbsp;m\u00e9s&nbsp;suau&nbsp;del normal&nbsp;per a desembre,&nbsp;les temperatures han&nbsp;tornat als&nbsp;valors&nbsp;habituals&nbsp;per&nbsp;aquestesdates.&nbsp;Informa,&nbsp;<strong>Luis&nbsp;Ib\u00e1\u00f1ez<\/strong><\/p>\n","protected":false},"excerpt":{"rendered":"<div class=\"mh-excerpt\">A la&nbsp;matinada&nbsp;de 26 de desembre&nbsp;la comarca&nbsp;Requena-Utiel&nbsp;ha&nbsp;registrat&nbsp;gelades&nbsp;moderades.&nbsp;Les&nbsp;m\u00ednimes&nbsp;han oscil\u00b7latentre els&nbsp;0&nbsp;\u00b0, on han&nbsp;estat m\u00e9s&nbsp;lleus&nbsp;les&nbsp;gelades&nbsp;i els&nbsp;-2&nbsp;en els&nbsp;llocs en qu\u00e8&nbsp;han assolit&nbsp;m\u00e9s intensitat. Les&nbsp;temperatures nohan estat tan&nbsp;baixes com&nbsp;estava&nbsp;previst&nbsp;ia m\u00e9s&nbsp;l&#8217;ambient \u00e9s&nbsp;assolellat. Despr\u00e9s d&#8217;un&nbsp;llarg&nbsp;per\u00edode&nbsp;de vents&nbsp;de ponent quevan portar un&nbsp;ambient&nbsp;m\u00e9s&nbsp;suau&nbsp;del normal&nbsp;per a desembre,&nbsp;les temperatures <a class=\"mh-excerpt-more\" href=\"https:\/\/tucomarca.whitekongsoftware.com\/ca\/torna-el-fred-a-requena-utiel-pero-de-forma-moderada\/\" title=\"Torna el fred a Requena-Utiel; per\u00f2 de forma moderada\">[+] <\/a><\/div>\n","protected":false},"author":12,"featured_media":122581,"comment_status":"open","ping_status":"open","sticky":false,"template":"","format":"standard","meta":{"footnotes":""},"categories":[10894,10908,10909,10896,11059],"tags":[6925,10388,10387],"class_list":["post-122583","post","type-post","status-publish","format-standard","has-post-thumbnail","category-la-comarca-ca","category-requena-ca","category-requena-utiel-ca","category-seccion-ca","category-utiel-ca","tag-bajas-temperaturas","tag-requena","tag-requena-utiel"],"_links":{"self":[{"href":"https:\/\/tucomarca.whitekongsoftware.com\/ca\/wp-json\/wp\/v2\/posts\/122583","targetHints":{"allow":["GET"]}}],"collection":[{"href":"https:\/\/tucomarca.whitekongsoftware.com\/ca\/wp-json\/wp\/v2\/posts"}],"about":[{"href":"https:\/\/tucomarca.whitekongsoftware.com\/ca\/wp-json\/wp\/v2\/types\/post"}],"author":[{"embeddable":true,"href":"https:\/\/tucomarca.whitekongsoftware.com\/ca\/wp-json\/wp\/v2\/users\/12"}],"replies":[{"embeddable":true,"href":"https:\/\/tucomarca.whitekongsoftware.com\/ca\/wp-json\/wp\/v2\/comments?post=122583"}],"version-history":[{"count":0,"href":"https:\/\/tucomarca.whitekongsoftware.com\/ca\/wp-json\/wp\/v2\/posts\/122583\/revisions"}],"wp:featuredmedia":[{"embeddable":true,"href":"https:\/\/tucomarca.whitekongsoftware.com\/ca\/wp-json\/wp\/v2\/media\/122581"}],"wp:attachment":[{"href":"https:\/\/tucomarca.whitekongsoftware.com\/ca\/wp-json\/wp\/v2\/media?parent=122583"}],"wp:term":[{"taxonomy":"category","embeddable":true,"href":"https:\/\/tucomarca.whitekongsoftware.com\/ca\/wp-json\/wp\/v2\/categories?post=122583"},{"taxonomy":"post_tag","embeddable":true,"href":"https:\/\/tucomarca.whitekongsoftware.com\/ca\/wp-json\/wp\/v2\/tags?post=122583"}],"curies":[{"name":"wp","href":"https:\/\/api.w.org\/{rel}","templated":true}]}}