{"id":122544,"date":"2020-12-27T10:00:19","date_gmt":"2020-12-27T09:00:19","guid":{"rendered":"http:\/\/www.tucomarca.com\/wordpress\/segunda\/?p=122544"},"modified":"2020-12-28T12:39:13","modified_gmt":"2020-12-28T11:39:13","slug":"les-gelades-contribuixen-a-evitar-brotacions-i-floracions-prematures-en-arbres-i-plantes","status":"publish","type":"post","link":"https:\/\/tucomarca.whitekongsoftware.com\/ca\/les-gelades-contribuixen-a-evitar-brotacions-i-floracions-prematures-en-arbres-i-plantes\/","title":{"rendered":"Les gelades contribu\u00efxen a evitar brotacions i floracions prematures en arbres i plantes"},"content":{"rendered":"\n<h4 class=\"wp-block-heading\"><strong>D&#8217;esta manera queden m\u00e9s protegides de les gelades primaverals<\/strong><\/h4>\n\n\n\n<p class=\"wp-block-paragraph\">Les fortes gelades registrades durant la passada matinada a Requena-Utiel, s\u00f3n beneficioses per a les vinyes perqu\u00e8 &#8220;prolongan el per\u00edode de letargia dels ceps preservant-les del dany que els puguen causar les gelades de la primavera i el mateix efecte aconseguixen retardant la floraci\u00f3 dels ametlers i d&#8217;altres arbres frutales&#8221; asseguren els agricultors. Tamb\u00e9 contribu\u00efxen a disminuir la poblaci\u00f3 de les plagues.<\/p>\n\n\n\n<p class=\"wp-block-paragraph\">Les m\u00ednimes han sigut molt baixes en la passada matinada, destacant els -8.1\u00b0 aconseguits en la Finca Sant Blai, prop de Requena, segons Avamet. Els observatoris d&#8217;esta associaci\u00f3 de meteorologia tamb\u00e9 han registrat m\u00ednimes molt destacades en la pedania requenense de Casas del Riu, amb -6.3\u00b0 i de -6\u00b0 en l&#8217;aldea dels Isidros, tamb\u00e9 en el municipi de Requena. Informa, <strong>Luis Ib\u00e1\u00f1ez<\/strong>.<\/p>\n","protected":false},"excerpt":{"rendered":"<div class=\"mh-excerpt\">D&#8217;esta manera queden m\u00e9s protegides de les gelades primaverals Les fortes gelades registrades durant la passada matinada a Requena-Utiel, s\u00f3n beneficioses per a les vinyes perqu\u00e8 &#8220;prolongan el per\u00edode de letargia dels ceps preservant-les del <a class=\"mh-excerpt-more\" href=\"https:\/\/tucomarca.whitekongsoftware.com\/ca\/les-gelades-contribuixen-a-evitar-brotacions-i-floracions-prematures-en-arbres-i-plantes\/\" title=\"Les gelades contribu\u00efxen a evitar brotacions i floracions prematures en arbres i plantes\">[+] <\/a><\/div>\n","protected":false},"author":12,"featured_media":122542,"comment_status":"open","ping_status":"open","sticky":false,"template":"","format":"standard","meta":{"footnotes":""},"categories":[10905,10894,10908,10909,10896],"tags":[10520,10388,10387],"class_list":["post-122544","post","type-post","status-publish","format-standard","has-post-thumbnail","category-agricultura-la-comarca-ca","category-la-comarca-ca","category-requena-ca","category-requena-utiel-ca","category-seccion-ca","tag-heladas","tag-requena","tag-requena-utiel"],"_links":{"self":[{"href":"https:\/\/tucomarca.whitekongsoftware.com\/ca\/wp-json\/wp\/v2\/posts\/122544","targetHints":{"allow":["GET"]}}],"collection":[{"href":"https:\/\/tucomarca.whitekongsoftware.com\/ca\/wp-json\/wp\/v2\/posts"}],"about":[{"href":"https:\/\/tucomarca.whitekongsoftware.com\/ca\/wp-json\/wp\/v2\/types\/post"}],"author":[{"embeddable":true,"href":"https:\/\/tucomarca.whitekongsoftware.com\/ca\/wp-json\/wp\/v2\/users\/12"}],"replies":[{"embeddable":true,"href":"https:\/\/tucomarca.whitekongsoftware.com\/ca\/wp-json\/wp\/v2\/comments?post=122544"}],"version-history":[{"count":0,"href":"https:\/\/tucomarca.whitekongsoftware.com\/ca\/wp-json\/wp\/v2\/posts\/122544\/revisions"}],"wp:featuredmedia":[{"embeddable":true,"href":"https:\/\/tucomarca.whitekongsoftware.com\/ca\/wp-json\/wp\/v2\/media\/122542"}],"wp:attachment":[{"href":"https:\/\/tucomarca.whitekongsoftware.com\/ca\/wp-json\/wp\/v2\/media?parent=122544"}],"wp:term":[{"taxonomy":"category","embeddable":true,"href":"https:\/\/tucomarca.whitekongsoftware.com\/ca\/wp-json\/wp\/v2\/categories?post=122544"},{"taxonomy":"post_tag","embeddable":true,"href":"https:\/\/tucomarca.whitekongsoftware.com\/ca\/wp-json\/wp\/v2\/tags?post=122544"}],"curies":[{"name":"wp","href":"https:\/\/api.w.org\/{rel}","templated":true}]}}