{"id":122516,"date":"2020-12-24T16:00:54","date_gmt":"2020-12-24T15:00:54","guid":{"rendered":"http:\/\/www.tucomarca.com\/wordpress\/segunda\/?p=122516"},"modified":"2020-12-24T20:46:23","modified_gmt":"2020-12-24T19:46:23","slug":"els-xiquets-i-xiquetes-de-leliana-rebran-un-llibre-en-valencia-per-nadal","status":"publish","type":"post","link":"https:\/\/tucomarca.whitekongsoftware.com\/ca\/els-xiquets-i-xiquetes-de-leliana-rebran-un-llibre-en-valencia-per-nadal\/","title":{"rendered":"Els xiquets i xiquetes de l&#8217;Eliana rebran un llibre en valenci\u00e0 per Nadal"},"content":{"rendered":"\n<h4 class=\"wp-block-heading\"><strong>La regidoria de Promoci\u00f3 Ling\u00fc\u00edstica reparteix per correu postal tres t\u00edtols adaptats per edats.<\/strong><\/h4>\n\n\n\n<p class=\"wp-block-paragraph\">Tots els xiquets i xiquetes de l&#8217;Eliana, nascuts entre 2009 i 2017, estan rebent en les b\u00fasties de les seues cases un llibre en valenci\u00e0, adaptat segons la seua edat, amb l&#8217;objectiu de promoure en aquest Nadal la lectura en la llengua pr\u00f2pia de la Comunitat Valenciana.<\/p>\n\n\n\n<p class=\"wp-block-paragraph\">D&#8217;aquesta manera els i les infants de les etapes educatives d&#8217;Infantil i Prim\u00e0ria recolliran juntament amb la carta explicativa de Ses Majestats, que els convoca a la trobada de la vesprada de pr\u00f2xim 5 de gener, un dels tres t\u00edtols seleccionats per la regidoria de Promoci\u00f3 Ling\u00fc\u00edstica. Aix\u00ed, de la m\u00e0 de \u2018Xufeta\u2019 els i les m\u00e9s menudes de l&#8217;Eliana aprendran com \u00e9s la vida en l&#8217;horta valenciana, el cultiu de la xufa, l&#8217;elaboraci\u00f3 de l&#8217;orxata i a no t\u00e9mer als canvis. Amb \u2018El Carter dels Somnis\u2019, destinat a la primera etapa de Prim\u00e0ria, descobriran el treball nocturn del seu protagonista que reparteix misteriosos sobres de color blau celeste. I els m\u00e9s majors, de 4t a 6\u00e9 de Prim\u00e0ria,&nbsp; gaudiran d&#8217;una recopilaci\u00f3 d&#8217;hist\u00f2ries tradicionals actualitzades i adaptades a la vida moderna amb \u2018Contes cl\u00e0ssics per a xiquetes de hui\u2019, allunyats dels t\u00f2pics dels pr\u00ednceps que salven a les princeses, les madrastres o les bruixes mal\u00e8fiques.&nbsp;<\/p>\n\n\n\n<p class=\"wp-block-paragraph\">La regidora de l&#8217;\u00e0rea, Marta Andr\u00e9s, ha recordat la import\u00e0ncia d&#8217;aprofitar aquests dies d&#8217;oci per a dedicar m\u00e9s temps a la lectura, especialment en valenci\u00e0. A m\u00e9s, ha advertit que si algun menor empadronat no ha rebut el seu corresponent exemplar pot contactar amb l&#8217;Ajuntament en el&nbsp; 96 275 80 30, marcant l&#8217;extensi\u00f3 109.<\/p>\n","protected":false},"excerpt":{"rendered":"<div class=\"mh-excerpt\">La regidoria de Promoci\u00f3 Ling\u00fc\u00edstica reparteix per correu postal tres t\u00edtols adaptats per edats. Tots els xiquets i xiquetes de l&#8217;Eliana, nascuts entre 2009 i 2017, estan rebent en les b\u00fasties de les seues cases <a class=\"mh-excerpt-more\" href=\"https:\/\/tucomarca.whitekongsoftware.com\/ca\/els-xiquets-i-xiquetes-de-leliana-rebran-un-llibre-en-valencia-per-nadal\/\" title=\"Els xiquets i xiquetes de l&#8217;Eliana rebran un llibre en valenci\u00e0 per Nadal\">[+] <\/a><\/div>\n","protected":false},"author":12,"featured_media":122515,"comment_status":"open","ping_status":"open","sticky":false,"template":"","format":"standard","meta":{"footnotes":""},"categories":[10892,10894,10893,11007,10947,10896],"tags":[10395,10433,13392,13277],"class_list":["post-122516","post","type-post","status-publish","format-standard","has-post-thumbnail","category-camp-de-turia-ca","category-la-comarca-ca","category-leliana-ca","category-ocio-y-cultura-ca","category-politica","category-seccion-ca","tag-camp-de-turia","tag-leliana","tag-nadal-2020","tag-promocio-linguistica"],"_links":{"self":[{"href":"https:\/\/tucomarca.whitekongsoftware.com\/ca\/wp-json\/wp\/v2\/posts\/122516","targetHints":{"allow":["GET"]}}],"collection":[{"href":"https:\/\/tucomarca.whitekongsoftware.com\/ca\/wp-json\/wp\/v2\/posts"}],"about":[{"href":"https:\/\/tucomarca.whitekongsoftware.com\/ca\/wp-json\/wp\/v2\/types\/post"}],"author":[{"embeddable":true,"href":"https:\/\/tucomarca.whitekongsoftware.com\/ca\/wp-json\/wp\/v2\/users\/12"}],"replies":[{"embeddable":true,"href":"https:\/\/tucomarca.whitekongsoftware.com\/ca\/wp-json\/wp\/v2\/comments?post=122516"}],"version-history":[{"count":0,"href":"https:\/\/tucomarca.whitekongsoftware.com\/ca\/wp-json\/wp\/v2\/posts\/122516\/revisions"}],"wp:featuredmedia":[{"embeddable":true,"href":"https:\/\/tucomarca.whitekongsoftware.com\/ca\/wp-json\/wp\/v2\/media\/122515"}],"wp:attachment":[{"href":"https:\/\/tucomarca.whitekongsoftware.com\/ca\/wp-json\/wp\/v2\/media?parent=122516"}],"wp:term":[{"taxonomy":"category","embeddable":true,"href":"https:\/\/tucomarca.whitekongsoftware.com\/ca\/wp-json\/wp\/v2\/categories?post=122516"},{"taxonomy":"post_tag","embeddable":true,"href":"https:\/\/tucomarca.whitekongsoftware.com\/ca\/wp-json\/wp\/v2\/tags?post=122516"}],"curies":[{"name":"wp","href":"https:\/\/api.w.org\/{rel}","templated":true}]}}