{"id":122504,"date":"2020-12-24T10:00:35","date_gmt":"2020-12-24T09:00:35","guid":{"rendered":"http:\/\/www.tucomarca.com\/wordpress\/segunda\/?p=122504"},"modified":"2020-12-24T20:11:01","modified_gmt":"2020-12-24T19:11:01","slug":"la-pandemia-no-minva-la-illusio-de-la-turisana-per-adornar-la-seua-cooperativa-en-nadal","status":"publish","type":"post","link":"https:\/\/tucomarca.whitekongsoftware.com\/ca\/la-pandemia-no-minva-la-illusio-de-la-turisana-per-adornar-la-seua-cooperativa-en-nadal\/","title":{"rendered":"La pand\u00e8mia no minva la il\u00b7lusi\u00f3 de &#8220;La Turisana&#8221; per adornar la seua cooperativa en Nadal"},"content":{"rendered":"\n<p class=\"wp-block-paragraph\">Des de fa cinc anys el personal de la cooperativa La Turisana adorna el seu lloc de treball amb adorns i betlems realitzats amb fruites i materials de reciclatge, usats en la pr\u00f2pia cooperativa.<\/p>\n\n\n\n<p class=\"wp-block-paragraph\">A m\u00e9s es realitza un concurs el guanyador del qual il\u00b7lustra la felicitaci\u00f3 nadalenca d&#8217;eixe any. La il\u00b7lusi\u00f3 per esta tradici\u00f3 en la cooperativa turisana s&#8217;ha mantingut en este dif\u00edcil any, aix\u00f2 s\u00ed, amb totes les mesures anti-Covid, per a desitjar a tot un Feli\u00e7 Nadal i un pr\u00f2sper 2021.<\/p>\n\n\n\n<ul class=\"wp-block-gallery columns-1 is-cropped wp-block-gallery-1 is-layout-flex wp-block-gallery-is-layout-flex\"><li class=\"blocks-gallery-item\"><figure><img loading=\"lazy\" decoding=\"async\" width=\"768\" height=\"1024\" src=\"http:\/\/www.tucomarca.com\/wordpress\/segunda\/wp-content\/uploads\/2020\/12\/01Turisana-768x1024.jpg\" alt=\"\" data-id=\"122493\" data-link=\"http:\/\/www.tucomarca.com\/wordpress\/segunda\/?attachment_id=122493\" class=\"wp-image-122493\" srcset=\"https:\/\/tucomarca.whitekongsoftware.com\/wp-content\/uploads\/2020\/12\/01Turisana-768x1024.jpg 768w, https:\/\/tucomarca.whitekongsoftware.com\/wp-content\/uploads\/2020\/12\/01Turisana-225x300.jpg 225w, https:\/\/tucomarca.whitekongsoftware.com\/wp-content\/uploads\/2020\/12\/01Turisana.jpg 787w\" sizes=\"auto, (max-width: 768px) 100vw, 768px\" \/><\/figure><\/li><li class=\"blocks-gallery-item\"><figure><img loading=\"lazy\" decoding=\"async\" width=\"768\" height=\"1024\" src=\"http:\/\/www.tucomarca.com\/wordpress\/segunda\/wp-content\/uploads\/2020\/12\/02Turisana-768x1024.jpg\" alt=\"\" data-id=\"122495\" data-link=\"http:\/\/www.tucomarca.com\/wordpress\/segunda\/?attachment_id=122495\" class=\"wp-image-122495\" srcset=\"https:\/\/tucomarca.whitekongsoftware.com\/wp-content\/uploads\/2020\/12\/02Turisana-768x1024.jpg 768w, https:\/\/tucomarca.whitekongsoftware.com\/wp-content\/uploads\/2020\/12\/02Turisana-225x300.jpg 225w, https:\/\/tucomarca.whitekongsoftware.com\/wp-content\/uploads\/2020\/12\/02Turisana.jpg 787w\" sizes=\"auto, (max-width: 768px) 100vw, 768px\" \/><\/figure><\/li><li class=\"blocks-gallery-item\"><figure><img loading=\"lazy\" decoding=\"async\" width=\"768\" height=\"1024\" src=\"http:\/\/www.tucomarca.com\/wordpress\/segunda\/wp-content\/uploads\/2020\/12\/04Turisana-768x1024.jpg\" alt=\"\" data-id=\"122499\" data-link=\"http:\/\/www.tucomarca.com\/wordpress\/segunda\/?attachment_id=122499\" class=\"wp-image-122499\" srcset=\"https:\/\/tucomarca.whitekongsoftware.com\/wp-content\/uploads\/2020\/12\/04Turisana-768x1024.jpg 768w, https:\/\/tucomarca.whitekongsoftware.com\/wp-content\/uploads\/2020\/12\/04Turisana-225x300.jpg 225w, https:\/\/tucomarca.whitekongsoftware.com\/wp-content\/uploads\/2020\/12\/04Turisana.jpg 787w\" sizes=\"auto, (max-width: 768px) 100vw, 768px\" \/><\/figure><\/li><li class=\"blocks-gallery-item\"><figure><img loading=\"lazy\" decoding=\"async\" width=\"787\" height=\"590\" src=\"http:\/\/www.tucomarca.com\/wordpress\/segunda\/wp-content\/uploads\/2020\/12\/03Turisana.jpg\" alt=\"\" data-id=\"122497\" data-link=\"http:\/\/www.tucomarca.com\/wordpress\/segunda\/?attachment_id=122497\" class=\"wp-image-122497\" srcset=\"https:\/\/tucomarca.whitekongsoftware.com\/wp-content\/uploads\/2020\/12\/03Turisana.jpg 787w, https:\/\/tucomarca.whitekongsoftware.com\/wp-content\/uploads\/2020\/12\/03Turisana-300x225.jpg 300w, https:\/\/tucomarca.whitekongsoftware.com\/wp-content\/uploads\/2020\/12\/03Turisana-768x576.jpg 768w, https:\/\/tucomarca.whitekongsoftware.com\/wp-content\/uploads\/2020\/12\/03Turisana-678x509.jpg 678w, https:\/\/tucomarca.whitekongsoftware.com\/wp-content\/uploads\/2020\/12\/03Turisana-326x245.jpg 326w, https:\/\/tucomarca.whitekongsoftware.com\/wp-content\/uploads\/2020\/12\/03Turisana-80x60.jpg 80w\" sizes=\"auto, (max-width: 787px) 100vw, 787px\" \/><\/figure><\/li><li class=\"blocks-gallery-item\"><figure><img loading=\"lazy\" decoding=\"async\" width=\"768\" height=\"1024\" src=\"http:\/\/www.tucomarca.com\/wordpress\/segunda\/wp-content\/uploads\/2020\/12\/05Turisana-768x1024.jpg\" alt=\"\" data-id=\"122501\" data-link=\"http:\/\/www.tucomarca.com\/wordpress\/segunda\/?attachment_id=122501\" class=\"wp-image-122501\" srcset=\"https:\/\/tucomarca.whitekongsoftware.com\/wp-content\/uploads\/2020\/12\/05Turisana-768x1024.jpg 768w, https:\/\/tucomarca.whitekongsoftware.com\/wp-content\/uploads\/2020\/12\/05Turisana-225x300.jpg 225w, https:\/\/tucomarca.whitekongsoftware.com\/wp-content\/uploads\/2020\/12\/05Turisana.jpg 787w\" sizes=\"auto, (max-width: 768px) 100vw, 768px\" \/><\/figure><\/li><\/ul>\n","protected":false},"excerpt":{"rendered":"<div class=\"mh-excerpt\">Des de fa cinc anys el personal de la cooperativa La Turisana adorna el seu lloc de treball amb adorns i betlems realitzats amb fruites i materials de reciclatge, usats en la pr\u00f2pia cooperativa. A <a class=\"mh-excerpt-more\" href=\"https:\/\/tucomarca.whitekongsoftware.com\/ca\/la-pandemia-no-minva-la-illusio-de-la-turisana-per-adornar-la-seua-cooperativa-en-nadal\/\" title=\"La pand\u00e8mia no minva la il\u00b7lusi\u00f3 de &#8220;La Turisana&#8221; per adornar la seua cooperativa en Nadal\">[+] <\/a><\/div>\n","protected":false},"author":12,"featured_media":122502,"comment_status":"open","ping_status":"open","sticky":false,"template":"","format":"gallery","meta":{"footnotes":""},"categories":[10894,10902,11004,11008,10896,11047],"tags":[13390,13217,1407,10394],"class_list":["post-122504","post","type-post","status-publish","format-gallery","has-post-thumbnail","category-la-comarca-ca","category-la-ribera-ca","category-la-semana-en-imagenes-ca","category-pueblos-en-fiestas-ca","category-seccion-ca","category-turis-ca","tag-cooperativa-la-turisana","tag-navidad-2020","tag-ribera-alta","tag-turis","post_format-post-format-gallery"],"_links":{"self":[{"href":"https:\/\/tucomarca.whitekongsoftware.com\/ca\/wp-json\/wp\/v2\/posts\/122504","targetHints":{"allow":["GET"]}}],"collection":[{"href":"https:\/\/tucomarca.whitekongsoftware.com\/ca\/wp-json\/wp\/v2\/posts"}],"about":[{"href":"https:\/\/tucomarca.whitekongsoftware.com\/ca\/wp-json\/wp\/v2\/types\/post"}],"author":[{"embeddable":true,"href":"https:\/\/tucomarca.whitekongsoftware.com\/ca\/wp-json\/wp\/v2\/users\/12"}],"replies":[{"embeddable":true,"href":"https:\/\/tucomarca.whitekongsoftware.com\/ca\/wp-json\/wp\/v2\/comments?post=122504"}],"version-history":[{"count":0,"href":"https:\/\/tucomarca.whitekongsoftware.com\/ca\/wp-json\/wp\/v2\/posts\/122504\/revisions"}],"wp:featuredmedia":[{"embeddable":true,"href":"https:\/\/tucomarca.whitekongsoftware.com\/ca\/wp-json\/wp\/v2\/media\/122502"}],"wp:attachment":[{"href":"https:\/\/tucomarca.whitekongsoftware.com\/ca\/wp-json\/wp\/v2\/media?parent=122504"}],"wp:term":[{"taxonomy":"category","embeddable":true,"href":"https:\/\/tucomarca.whitekongsoftware.com\/ca\/wp-json\/wp\/v2\/categories?post=122504"},{"taxonomy":"post_tag","embeddable":true,"href":"https:\/\/tucomarca.whitekongsoftware.com\/ca\/wp-json\/wp\/v2\/tags?post=122504"}],"curies":[{"name":"wp","href":"https:\/\/api.w.org\/{rel}","templated":true}]}}