{"id":122467,"date":"2020-12-23T22:00:03","date_gmt":"2020-12-23T21:00:03","guid":{"rendered":"http:\/\/www.tucomarca.com\/wordpress\/segunda\/?p=122467"},"modified":"2020-12-24T11:06:11","modified_gmt":"2020-12-24T10:06:11","slug":"ava-asaja-detecta-un-numero-creixent-dincompliments-de-contractes-en-plena-campanya-citricola","status":"publish","type":"post","link":"https:\/\/tucomarca.whitekongsoftware.com\/ca\/ava-asaja-detecta-un-numero-creixent-dincompliments-de-contractes-en-plena-campanya-citricola\/","title":{"rendered":"AVA-Asaja detecta un n\u00famero creixent d&#8217;incompliments de contractes en plena campanya citr\u00edcola"},"content":{"rendered":"\n<p class=\"wp-block-paragraph\">L&#8217;Associaci\u00f3 Valenciana d&#8217;Agricultors (AVA-ASAJA) detecta en plena campanya citr\u00edcola un nombre creixent d&#8217;incompliments per part d&#8217;operadors comercials de diferents condicions acordades en els contractes de compravenda de c\u00edtrics, fonamentalment taronges i mandarines.<\/p>\n\n\n\n<p class=\"wp-block-paragraph\">La principal pr\u00e0ctica abusiva que constata AVA-ASAJA \u00e9s la pretensi\u00f3 d&#8217;alguns comer\u00e7os de rebaixar de manera unilateral la cotitzaci\u00f3 pactada amb el productor a l&#8217;inici de la temporada, quan les perspectives eren m\u00e9s optimistes causa de l&#8217;estirada de la demanda de c\u00edtrics a Europa per tal de prevenir refredats i virus com el Covid-19. En alguns casos, els agricultors alerten que el nou preu ofert per les seves fruites se situa fins i tot per sota dels costos de producci\u00f3 -entre 0,22 i 0,26 euros per quilo segons varietats- el que els llan\u00e7aria p\u00e8rdues i multiplicaria l&#8217;abandonament de camps.<\/p>\n\n\n\n<p class=\"wp-block-paragraph\">La pitjor evoluci\u00f3 dels preus en origen s&#8217;acarnissa en les varietats Clemenules i taronges Navelina que han patit conseq\u00fc\u00e8ncies de les pluges i es troben en avan\u00e7at estat de maduraci\u00f3. El clima de nerviosisme generat arran d&#8217;aquests casos s&#8217;ha est\u00e8s a la resta de citricultors i est\u00e0 provocant dificultats en la comercialitzaci\u00f3.<br>\nEl president d&#8217;AVA-ASAJA, Crist\u00f3bal Aguado, recomana &#8220;tranquil\u00b7litat a l&#8217;hora de defensar un preu digne perqu\u00e8 tenim una collita curta que ho ser\u00e0 encara m\u00e9s en la segona meitat de la campanya&#8221;. Aguado demana a el ministre d&#8217;Agricultura, Luis Planas, que &#8220;es posi les piles per fer que la nova reforma de la Llei de la Cadena Aliment\u00e0ria serveixi realment per garantir que els preus cobreixin al menys els costos de producci\u00f3, cosa que no ha passat amb el ra\u00efm per a vinificaci\u00f3 ni ara amb els c\u00edtrics &#8220;. A m\u00e9s, el dirigent agrari retreu &#8220;a la Uni\u00f3 Europea i als el Govern espanyol que continu\u00efn impulsant acords comercials amb pa\u00efsos tercers que obren les portes de bat a bat a c\u00edtrics conreats en unes condicions de compet\u00e8ncia deslleial en termes fitosanitaris, laborals i mediambientals, com succeeix actualment amb les importacions d&#8217;Egipte, el Marroc o Tun\u00edsia &#8220;.<\/p>\n\n\n\n<p class=\"wp-block-paragraph\"><strong>Den\u00fancies a l&#8217;AICA<\/strong><\/p>\n\n\n\n<p class=\"wp-block-paragraph\">L&#8217;organitzaci\u00f3 agr\u00e0ria tamb\u00e9 detecta altres incompliments de contractes de compravenda que perjudiquen els productors, com ara el retard i fins i tot l&#8217;anul\u00b7laci\u00f3 de la recollida dels fruits, comunicacions de destr\u00edos excessives en el magatzem de confecci\u00f3, l&#8217;impagament de les collites dins dels terminis establerts per la Llei de lluita contra la morositat, etc.<br> Per aix\u00f2, AVA-ASAJA posa a disposici\u00f3 dels agricultors seus serveis t\u00e8cnics per assessorar-los i ajudar-los a l&#8217;hora de traslladar davant l&#8217;Ag\u00e8ncia d&#8217;Informaci\u00f3 i Control Alimentaris (AICA), \u00f2rgan dependent de el Ministeri d&#8217;Agricultura, aquest tipus d&#8217;infraccions perqu\u00e8 obri una investigaci\u00f3 i, si escau, imposi les sancions corresponents a l&#8217;operador comercial. Informa, <strong>Luis Ib\u00e1\u00f1ez<\/strong>.<\/p>\n","protected":false},"excerpt":{"rendered":"<div class=\"mh-excerpt\">L&#8217;Associaci\u00f3 Valenciana d&#8217;Agricultors (AVA-ASAJA) detecta en plena campanya citr\u00edcola un nombre creixent d&#8217;incompliments per part d&#8217;operadors comercials de diferents condicions acordades en els contractes de compravenda de c\u00edtrics, fonamentalment taronges i mandarines. La principal pr\u00e0ctica <a class=\"mh-excerpt-more\" href=\"https:\/\/tucomarca.whitekongsoftware.com\/ca\/ava-asaja-detecta-un-numero-creixent-dincompliments-de-contractes-en-plena-campanya-citricola\/\" title=\"AVA-Asaja detecta un n\u00famero creixent d&#8217;incompliments de contractes en plena campanya citr\u00edcola\">[+] <\/a><\/div>\n","protected":false},"author":12,"featured_media":120079,"comment_status":"open","ping_status":"open","sticky":false,"template":"","format":"standard","meta":{"footnotes":""},"categories":[10905,10894,10904,10896],"tags":[328,13386],"class_list":["post-122467","post","type-post","status-publish","format-standard","has-post-thumbnail","category-agricultura-la-comarca-ca","category-la-comarca-ca","category-sin-categorizar-ca","category-seccion-ca","tag-ava-asaja","tag-campana-citricola"],"_links":{"self":[{"href":"https:\/\/tucomarca.whitekongsoftware.com\/ca\/wp-json\/wp\/v2\/posts\/122467","targetHints":{"allow":["GET"]}}],"collection":[{"href":"https:\/\/tucomarca.whitekongsoftware.com\/ca\/wp-json\/wp\/v2\/posts"}],"about":[{"href":"https:\/\/tucomarca.whitekongsoftware.com\/ca\/wp-json\/wp\/v2\/types\/post"}],"author":[{"embeddable":true,"href":"https:\/\/tucomarca.whitekongsoftware.com\/ca\/wp-json\/wp\/v2\/users\/12"}],"replies":[{"embeddable":true,"href":"https:\/\/tucomarca.whitekongsoftware.com\/ca\/wp-json\/wp\/v2\/comments?post=122467"}],"version-history":[{"count":0,"href":"https:\/\/tucomarca.whitekongsoftware.com\/ca\/wp-json\/wp\/v2\/posts\/122467\/revisions"}],"wp:featuredmedia":[{"embeddable":true,"href":"https:\/\/tucomarca.whitekongsoftware.com\/ca\/wp-json\/wp\/v2\/media\/120079"}],"wp:attachment":[{"href":"https:\/\/tucomarca.whitekongsoftware.com\/ca\/wp-json\/wp\/v2\/media?parent=122467"}],"wp:term":[{"taxonomy":"category","embeddable":true,"href":"https:\/\/tucomarca.whitekongsoftware.com\/ca\/wp-json\/wp\/v2\/categories?post=122467"},{"taxonomy":"post_tag","embeddable":true,"href":"https:\/\/tucomarca.whitekongsoftware.com\/ca\/wp-json\/wp\/v2\/tags?post=122467"}],"curies":[{"name":"wp","href":"https:\/\/api.w.org\/{rel}","templated":true}]}}