{"id":122456,"date":"2020-12-23T23:30:09","date_gmt":"2020-12-23T22:30:09","guid":{"rendered":"http:\/\/www.tucomarca.com\/wordpress\/segunda\/?p=122456"},"modified":"2020-12-24T11:03:09","modified_gmt":"2020-12-24T10:03:09","slug":"lajuntament-de-xest-presa-noves-mesures-per-a-frenar-els-contagis-per-covid-19-junt-amb-els-experts-de-sanitat-publica","status":"publish","type":"post","link":"https:\/\/tucomarca.whitekongsoftware.com\/ca\/lajuntament-de-xest-presa-noves-mesures-per-a-frenar-els-contagis-per-covid-19-junt-amb-els-experts-de-sanitat-publica\/","title":{"rendered":"L&#8217;Ajuntament de Xest presa noves mesures per a frenar els contagis per Covid- 19 junt amb els experts de Sanitat P\u00fablica"},"content":{"rendered":"\n<p class=\"wp-block-paragraph\">Aquest mat\u00ed membres de l&#8217;equip de govern s&#8217;han reunit amb la secret\u00e0ria auton\u00f2mica de Salut P\u00fablica i Sistema Sanitari P\u00fablic, Isaura Navarro, per abordar la situaci\u00f3 de la pand\u00e8mia a la localitat i prendre noves mesures per evitar brots a les portes de les celebracions nadalenques. Finalment i despr\u00e9s d&#8217;haver consultat amb els grups de l&#8217;oposici\u00f3, Partit Popular i Ciutadans, l&#8217;Ajuntament ha pres les seg\u00fcents mesures:<\/p>\n\n\n\n<ul class=\"wp-block-list\"><li>Reducci\u00f3 de l&#8217;aforament en els funerals: a les sales de vetlla assistir\u00e0 un m\u00e0xim de 6 persones, als enterraments al cementiri, a 10 persones.<\/li><li> Cancel\u00b7laci\u00f3 de l&#8217;mercat ambulant.<\/li><li> Cancel\u00b7laci\u00f3 dels esdeveniments culturals i festius, tant en espais tancats com oberts.<\/li><li> Tancament de les pistes poliesportives a les activitats esportives federades i no federades. Les concession\u00e0ries en espais esportius tindran un aforament de el 50%.<\/li><li> Cancel\u00b7laci\u00f3 de les activitats de les Escoles Esportives Municipals.<\/li><li> Es tanquen els jocs infantils i gimnasos a l&#8217;aire lliure. Romandran precintats i el seu \u00fas estar\u00e0 prohibit.<\/li><li> El personal de l&#8217;Ajuntament treballar\u00e0 en grups bombolla pr\u00f2ximament.<\/li><li> Es repartiran 15.000 mascaretes de tipus FFP2 en tots els domicilis properament. M\u00e9s endavant es far\u00e0 un altre repartiment de la mateixa quantitat.<\/li><li> No es permetr\u00e0 l&#8217;\u00fas d&#8217;espais cedits a associacions.<\/li><li> El registre de l&#8217;Ajuntament romandr\u00e0 obert. La resta de depend\u00e8ncies de l&#8217;Ajuntament s&#8217;atendr\u00e0 per la seu electr\u00f2nica, via telef\u00f2nica, mitjan\u00e7ant videotrucada o cita pr\u00e8via presencial.<\/li><li> El Centre de Formaci\u00f3 de Persones Adultes romandr\u00e0 tancat 15 dies, coincidint amb les vacances nadalenques.<\/li><li> Campanya de control policial de compliment de les restriccions de la Generalitat a l&#8217;consum de tabac a l&#8217;hostaleria.<\/li><li> Campanya de control policial de compliment de la restricci\u00f3 de l&#8217;50% de l&#8217;aforament en terrasses de l&#8217;hostal, segons la Generalitat.<\/li><li> Campanya de vigil\u00e0ncia de l&#8217;acompliment de el nombre m\u00e0xim de 6 persones en reunions familiars i d&#8217;amics \/ es.<\/li><li> Refor\u00e7 de la policia local els dies 24 i 31 de desembre de 2020.<\/li><li> Petici\u00f3 de refor\u00e7 d&#8217;efectius a la Gu\u00e0rdia Civil i la Policia Auton\u00f2mica.<\/li><\/ul>\n\n\n\n<p class=\"wp-block-paragraph\"><strong>Les dades<\/strong><\/p>\n\n\n\n<p class=\"wp-block-paragraph\">Xest ha superat els 100 casos en aquests moments i se situa en una taxa de 1.200 positius per cada 100.000 habitants. Els experts en salut p\u00fablica han destacat que, d&#8217;una banda, l&#8217;augment de casos t\u00e9 l&#8217;origen en la celebraci\u00f3 de l&#8217;MotoGP a mitjans de novembre, ja que prop de 1.000 persones de diferents parts de m\u00f3n van estar al Circuit i es van acostar a la poblaci\u00f3 per fer compres o consumir en els comer\u00e7os, i pot produir contagis. Tal com han explicat a la reuni\u00f3 d&#8217;aquest mat\u00ed, atenent els per\u00edodes d&#8217;incubaci\u00f3, aquesta primera pujada de casos positius en COVID-19 a Xest es va produir 12 dies despr\u00e9s d&#8217;aquest esdeveniment. Posteriorment es va detectar un altre augment de contagis a causa d&#8217;un brot a la resid\u00e8ncia de gent gran i als l&#8217;augment de contacte social i familiar durant el pont de desembre.<\/p>\n\n\n\n<p class=\"wp-block-paragraph\"><strong>Conselleria no confinar\u00e0 Xest<\/strong><\/p>\n\n\n\n<p class=\"wp-block-paragraph\">La Generalitat no va a confinar Xest ni cap poblaci\u00f3 en situaci\u00f3 similar a hores d&#8217;ara, ja que ja hi ha mesures efectives per frenar els contagis, com el toc de queda i la limitaci\u00f3 en reunions a 6 persones. En aquest sentit, s&#8217;ha apuntat a la responsabilitat individual com a millor mesura de contenci\u00f3, apel\u00b7lant a reduir els contactes socials a l&#8217;m\u00ednim i seguir\u00e0 estrictament les mesures de seguretat i higiene.<\/p>\n","protected":false},"excerpt":{"rendered":"<div class=\"mh-excerpt\">Aquest mat\u00ed membres de l&#8217;equip de govern s&#8217;han reunit amb la secret\u00e0ria auton\u00f2mica de Salut P\u00fablica i Sistema Sanitari P\u00fablic, Isaura Navarro, per abordar la situaci\u00f3 de la pand\u00e8mia a la localitat i prendre noves <a class=\"mh-excerpt-more\" href=\"https:\/\/tucomarca.whitekongsoftware.com\/ca\/lajuntament-de-xest-presa-noves-mesures-per-a-frenar-els-contagis-per-covid-19-junt-amb-els-experts-de-sanitat-publica\/\" title=\"L&#8217;Ajuntament de Xest presa noves mesures per a frenar els contagis per Covid- 19 junt amb els experts de Sanitat P\u00fablica\">[+] <\/a><\/div>\n","protected":false},"author":12,"featured_media":122455,"comment_status":"open","ping_status":"open","sticky":false,"template":"","format":"standard","meta":{"footnotes":""},"categories":[11010,12202,10898,10894,10912,10896,10974],"tags":[11071,13385,11939,11940,10914],"class_list":["post-122456","post","type-post","status-publish","format-standard","has-post-thumbnail","category-canal-salud","category-covid-19-ca","category-ventana-ca","category-la-comarca-ca","category-la-hoya-ca","category-seccion-ca","category-cheste-ca","tag-cheste","tag-contagios-ca","tag-coronavirus-ca","tag-covid-19-ca","tag-la-hoya-de-bunol-chiva-ca"],"_links":{"self":[{"href":"https:\/\/tucomarca.whitekongsoftware.com\/ca\/wp-json\/wp\/v2\/posts\/122456","targetHints":{"allow":["GET"]}}],"collection":[{"href":"https:\/\/tucomarca.whitekongsoftware.com\/ca\/wp-json\/wp\/v2\/posts"}],"about":[{"href":"https:\/\/tucomarca.whitekongsoftware.com\/ca\/wp-json\/wp\/v2\/types\/post"}],"author":[{"embeddable":true,"href":"https:\/\/tucomarca.whitekongsoftware.com\/ca\/wp-json\/wp\/v2\/users\/12"}],"replies":[{"embeddable":true,"href":"https:\/\/tucomarca.whitekongsoftware.com\/ca\/wp-json\/wp\/v2\/comments?post=122456"}],"version-history":[{"count":0,"href":"https:\/\/tucomarca.whitekongsoftware.com\/ca\/wp-json\/wp\/v2\/posts\/122456\/revisions"}],"wp:featuredmedia":[{"embeddable":true,"href":"https:\/\/tucomarca.whitekongsoftware.com\/ca\/wp-json\/wp\/v2\/media\/122455"}],"wp:attachment":[{"href":"https:\/\/tucomarca.whitekongsoftware.com\/ca\/wp-json\/wp\/v2\/media?parent=122456"}],"wp:term":[{"taxonomy":"category","embeddable":true,"href":"https:\/\/tucomarca.whitekongsoftware.com\/ca\/wp-json\/wp\/v2\/categories?post=122456"},{"taxonomy":"post_tag","embeddable":true,"href":"https:\/\/tucomarca.whitekongsoftware.com\/ca\/wp-json\/wp\/v2\/tags?post=122456"}],"curies":[{"name":"wp","href":"https:\/\/api.w.org\/{rel}","templated":true}]}}