{"id":122423,"date":"2020-12-23T09:00:51","date_gmt":"2020-12-23T08:00:51","guid":{"rendered":"http:\/\/www.tucomarca.com\/wordpress\/segunda\/?p=122423"},"modified":"2020-12-23T18:28:50","modified_gmt":"2020-12-23T17:28:50","slug":"el-ple-de-riba-roja-es-compromet-a-continuar-dissenyant-una-ciutat-accessible-per-a-les-persones-amb-diversitat-funcional","status":"publish","type":"post","link":"https:\/\/tucomarca.whitekongsoftware.com\/ca\/el-ple-de-riba-roja-es-compromet-a-continuar-dissenyant-una-ciutat-accessible-per-a-les-persones-amb-diversitat-funcional\/","title":{"rendered":"El ple de Riba-roja es compromet a continuar dissenyant una ciutat accessible per a les persones amb diversitat funcional"},"content":{"rendered":"\n<h4 class=\"wp-block-heading\">El ple recolza el &#8220;D\u00eda Internacional de les persones amb Discapacidad&#8221;<\/h4>\n\n\n\n<p class=\"wp-block-paragraph\">L&#8217;Ajuntament de Riba-roja de T\u00faria ha aprovat per unanimitat de tots els seus grups pol\u00edtics una moci\u00f3 en qu\u00e8 es compromet a continuar les pol\u00edtiques de gesti\u00f3 i disseny d&#8217;una ciutat adaptada en tots els sentits a les persones amb diversitat funcional. El ple ha ratificat el seu suport expl\u00edcit a el &#8220;Dia Internacional de les Persones amb Discapacitat&#8221;.<\/p>\n\n\n\n<p class=\"wp-block-paragraph\">El ple municipal recorda que l&#8217;article 49 de la constituci\u00f3 &#8220;consagra l&#8217;obligaci\u00f3 dels poder-vos p\u00fablics de realitzar una pol\u00edtica de previsi\u00f3, tractament, rehabilitaci\u00f3 i inclusi\u00f3 de les persones amb discapacitat&#8221; i, per aix\u00f2, els partits pol\u00edtics de Riba-roja de T\u00faria es comprometen a dur a terme totes les iniciatives i programes que garantisquen el compliment de la carta magna.<\/p>\n\n\n\n<p class=\"wp-block-paragraph\">A m\u00e9s, l&#8217;Ajuntament de Riba-roja de T\u00faria s&#8217;adhereix a la commemoraci\u00f3 del &#8220;Dia Internacional de les Persones amb Discapacitat&#8221; i deixa const\u00e0ncia del seu suport a la sensibilitzaci\u00f3, visibilitat i inclusi\u00f3 real de les persones amb discapacitat en la societat actual com a mostra del seu comprom\u00eds i suport &#8220;a aquest col\u00b7lectiu ia totes les seues fam\u00edlies en el seu esfor\u00e7 per aconseguir l&#8217;autonomia personal, la igualtat d&#8217;oportunitats i la seua plena inclusi\u00f3 social&#8221;.<\/p>\n\n\n\n<p class=\"wp-block-paragraph\">La proposta aprovada pel ple municipal expressa &#8220;la voluntat positiva&#8221; perqu\u00e8 es garanteixi el principi d&#8217;igualtat en tots els \u00e0mbits de la societat, \u00e9s a dir, l&#8217;educaci\u00f3, l&#8217;accessibilitat en els transports p\u00fablics, l&#8217;eliminaci\u00f3 de barreres, l&#8217;acc\u00e9s al mercat laboral, el gaudi de l&#8217;oci i el desenvolupament de la seua potencialitat en la cultura i l&#8217;esport de Riba-roja.<\/p>\n\n\n\n<p class=\"wp-block-paragraph\">El ple mostra, a m\u00e9s, el seu &#8220;reconeixement&#8221; cap a totes les fam\u00edlies de Riba-roja de T\u00faria que tenen algun membre de la unitat familiar amb diversitat funcional ja que &#8220;ofereixen un exemple de tenacitat, comprensi\u00f3 i inclusi\u00f3 de la diversitat funcional en la realitat social &#8220;i, a el mateix temps, proclama la necessitat de protegir i assegurar el gaudi de tots els drets i llibertats fonamentals, aix\u00ed com promoure el respecte de la seua dignitat inherent i la seua major autonomia.<\/p>\n\n\n\n<p class=\"wp-block-paragraph\">L&#8217;Ajuntament de Riba-roja de T\u00faria ha destacat &#8220;l&#8217;extraordin\u00e0ria tasca&#8221; que exerceix el moviment associatiu (Aridif) de les fam\u00edlies i les persones amb diversitat funcional i subratlla que els professionals, el voluntariat i les entitats esportives &#8220;s\u00f3n un exemple del que molt que aporten al nostre poble, totes elles s\u00f3n persones que disposen de capacitats diferents enriquint a la nostra societat en valors.<\/p>\n\n\n\n<p class=\"wp-block-paragraph\">L&#8217;alcalde de Riba-roja de T\u00faria, Robert Raga, ha destacat la import\u00e0ncia &#8220;de seguir aprofundint i donant suport a les pol\u00edtiques de gesti\u00f3 per fer un model de ciutat adaptat i accessible per a totes les persones que pateixen diversitat funcional; per aix\u00f2, en tots els projectes i programes p\u00fablics tenim en compte aquests aspectes perqu\u00e8 qualsevol persona puga desenvolupar-se a Riba-roja sense cap tipus de problema &#8220;.<\/p>\n","protected":false},"excerpt":{"rendered":"<div class=\"mh-excerpt\">El ple recolza el &#8220;D\u00eda Internacional de les persones amb Discapacidad&#8221; L&#8217;Ajuntament de Riba-roja de T\u00faria ha aprovat per unanimitat de tots els seus grups pol\u00edtics una moci\u00f3 en qu\u00e8 es compromet a continuar les <a class=\"mh-excerpt-more\" href=\"https:\/\/tucomarca.whitekongsoftware.com\/ca\/el-ple-de-riba-roja-es-compromet-a-continuar-dissenyant-una-ciutat-accessible-per-a-les-persones-amb-diversitat-funcional\/\" title=\"El ple de Riba-roja es compromet a continuar dissenyant una ciutat accessible per a les persones amb diversitat funcional\">[+] <\/a><\/div>\n","protected":false},"author":12,"featured_media":121398,"comment_status":"open","ping_status":"open","sticky":false,"template":"","format":"standard","meta":{"footnotes":""},"categories":[10892,10948,10894,10947,10906,10896],"tags":[10395,833,584,8900],"class_list":["post-122423","post","type-post","status-publish","format-standard","has-post-thumbnail","category-camp-de-turia-ca","category-infraestructuras-ca","category-la-comarca-ca","category-politica","category-riba-roja-ca","category-seccion-ca","tag-camp-de-turia","tag-discapacidad","tag-pleno","tag-riba-roja-del-turia"],"_links":{"self":[{"href":"https:\/\/tucomarca.whitekongsoftware.com\/ca\/wp-json\/wp\/v2\/posts\/122423","targetHints":{"allow":["GET"]}}],"collection":[{"href":"https:\/\/tucomarca.whitekongsoftware.com\/ca\/wp-json\/wp\/v2\/posts"}],"about":[{"href":"https:\/\/tucomarca.whitekongsoftware.com\/ca\/wp-json\/wp\/v2\/types\/post"}],"author":[{"embeddable":true,"href":"https:\/\/tucomarca.whitekongsoftware.com\/ca\/wp-json\/wp\/v2\/users\/12"}],"replies":[{"embeddable":true,"href":"https:\/\/tucomarca.whitekongsoftware.com\/ca\/wp-json\/wp\/v2\/comments?post=122423"}],"version-history":[{"count":0,"href":"https:\/\/tucomarca.whitekongsoftware.com\/ca\/wp-json\/wp\/v2\/posts\/122423\/revisions"}],"wp:featuredmedia":[{"embeddable":true,"href":"https:\/\/tucomarca.whitekongsoftware.com\/ca\/wp-json\/wp\/v2\/media\/121398"}],"wp:attachment":[{"href":"https:\/\/tucomarca.whitekongsoftware.com\/ca\/wp-json\/wp\/v2\/media?parent=122423"}],"wp:term":[{"taxonomy":"category","embeddable":true,"href":"https:\/\/tucomarca.whitekongsoftware.com\/ca\/wp-json\/wp\/v2\/categories?post=122423"},{"taxonomy":"post_tag","embeddable":true,"href":"https:\/\/tucomarca.whitekongsoftware.com\/ca\/wp-json\/wp\/v2\/tags?post=122423"}],"curies":[{"name":"wp","href":"https:\/\/api.w.org\/{rel}","templated":true}]}}