{"id":122369,"date":"2020-12-23T08:01:53","date_gmt":"2020-12-23T07:01:53","guid":{"rendered":"http:\/\/www.tucomarca.com\/wordpress\/segunda\/?p=122369"},"modified":"2020-12-23T18:29:57","modified_gmt":"2020-12-23T17:29:57","slug":"oltra-destaca-laposta-del-consell-pel-municipalisme-amb-lincrement-del-350-en-les-ajudes-a-riba-roja-per-als-serveis-socials","status":"publish","type":"post","link":"https:\/\/tucomarca.whitekongsoftware.com\/ca\/oltra-destaca-laposta-del-consell-pel-municipalisme-amb-lincrement-del-350-en-les-ajudes-a-riba-roja-per-als-serveis-socials\/","title":{"rendered":"Oltra destaca l&#8217;aposta del Consell pel municipalisme amb l&#8217;increment del 350% en les ajudes a Riba-roja per als serveis socials"},"content":{"rendered":"\n<h4 class=\"wp-block-heading\">La vicepresidenta ha visitat la localitat de Riba-roja, on s&#8217;ha reunit amb l&#8217;equip de govern i els serveis socials<\/h4>\n\n\n\n<h4 class=\"wp-block-heading\">En cinc anys, Igualtat ha multiplicat per vuit el pressupost per als equips d&#8217;atenci\u00f3 prim\u00e0ria de l&#8217;Ajuntament<\/h4>\n\n\n\n<p class=\"wp-block-paragraph\">La vicepresidenta i consellera d&#8217;Igualtat i Pol\u00edtiques Inclusives, M\u00f3nica Oltra, ha destacat la &#8220;clara aposta&#8221; de l&#8217;departament que dirigeix \u200b\u200b&#8221;pel municipalisme&#8221;, amb un increment progressiu en els \u00faltims cinc anys de l&#8217;pressupost dirigit als programes dels serveis socials municipals , que en el cas de Riba-roja suposa un 358%, passant dels 119.833 euros destinats a aquest fi en 2015 als 548.860 euros previstos en els pressupostos de 2021.<\/p>\n\n\n\n<p class=\"wp-block-paragraph\">Aix\u00ed ho ha assenyalat en la seva visita a la localitat de Riba-roja, on ha mantingut una trobada amb l&#8217;alcalde, Robert Raga, i amb l&#8217;equip municipal de serveis socials als que ha felicitat &#8220;pel seu bon fer i perqu\u00e8 s\u00f3n un exemple de professionalitat i comprom\u00eds, amb un \u00edndex d&#8217;aplicaci\u00f3 de les pol\u00edtiques per sobre de la mitjana de la Comunitat Valenciana &#8220;, tal com demostra la cobertura de m\u00e9s de l&#8217;85% de les sol\u00b7licituds de depend\u00e8ncia i els expedients de la Renda valenciana d&#8217;inclusi\u00f3.<\/p>\n\n\n\n<p class=\"wp-block-paragraph\">Despr\u00e9s de la reuni\u00f3 amb l&#8217;equip de govern municipal, Oltra ha reiterat la import\u00e0ncia de la col\u00b7laboraci\u00f3 entre institucions per a la &#8220;reconstrucci\u00f3 i dignificaci\u00f3 de el sistema de protecci\u00f3 social&#8221;, impulsat des de la Vicepresid\u00e8ncia i Conselleria d&#8217;Igualtat i Pol\u00edtiques Inclusives amb la col\u00b7laboraci\u00f3 dels ajuntaments de tota la Comunitat Valenciana.<br>\nLa vicepresidenta ha posat \u00e8mfasi en la &#8220;transformaci\u00f3&#8221; de el sistema en els \u00faltims cinc anys, i ha destacat que ara els serveis socials municipals estan dotats &#8220;per ser la primera porta a la qual acudeixen les ciutadanes i ciutadans m\u00e9s vulnerables i per oferir una atenci\u00f3 especialitzada i de qualitat &#8220;.<\/p>\n\n\n\n<p class=\"wp-block-paragraph\">En aquesta reconstrucci\u00f3 de el sistema de serveis socials, la Conselleria ha multiplicat per vuit el pressupost destinat a l&#8217;equip d&#8217;atenci\u00f3 d&#8217;atenci\u00f3 prim\u00e0ria de l&#8217;Ajuntament de Riba-roja, que ha passat d&#8217;una dotaci\u00f3 de 47.541 euros el 2015 als prop de 400.000 euros previstos per 2021.<\/p>\n\n\n\n<p class=\"wp-block-paragraph\">Aquestes dades, ha indicat Oltra, han perm\u00e8s dotar de personal suficient a l&#8217;equip municipal, que si el 2015 disposava de 2 professionals per 2021 es podr\u00e0 contractar un total de 16 professionals &#8220;per millorar la r\u00e0tio d&#8217;atenci\u00f3 i per tant la vida de les ve\u00efnes i ve\u00efns de la localitat &#8220;.<\/p>\n\n\n\n<p class=\"wp-block-paragraph\"><strong>Llei de Serveis Socials Inclusius<\/strong><\/p>\n\n\n\n<p class=\"wp-block-paragraph\">La vicepresidenta ha assenyalat que a m\u00e9s de l&#8217;increment i injecci\u00f3 pressupost\u00e0ria &#8220;tan necess\u00e0ria&#8221; per als serveis socials d&#8217;atenci\u00f3 prim\u00e0ria, era tamb\u00e9 fonamental &#8220;ordenar el sistema&#8221; i, per aix\u00f2, la llei valenciana de Servei Socials Inclusius &#8220;constitueix l&#8217;arquitectura d&#8217;aquest nou model que ordena els serveis socials i estableix les compet\u00e8ncies de cada instituci\u00f3 per arribar tots junts a el mateix objectiu que \u00e9s millorar la vida de les persones &#8220;.<\/p>\n\n\n\n<p class=\"wp-block-paragraph\">En la seva visita a Riba-roja, la vicepresidenta s&#8217;ha traslladat a uns terrenys propietat de l&#8217;Ajuntament per estudiar la viabilitat de dedicar-los a recursos socials destinats a gent gran i persones amb diversitat funcional.<\/p>\n\n\n\n<p class=\"wp-block-paragraph\">Posteriorment, la vicepresidenta ha visitat les instal\u00b7lacions on es prepara el programa municipal de c\u00e0tering social que ofereix el servei &#8216;Menjar a casa&#8217; a 123 persones usu\u00e0ries de la localitat.<\/p>\n","protected":false},"excerpt":{"rendered":"<div class=\"mh-excerpt\">La vicepresidenta ha visitat la localitat de Riba-roja, on s&#8217;ha reunit amb l&#8217;equip de govern i els serveis socials En cinc anys, Igualtat ha multiplicat per vuit el pressupost per als equips d&#8217;atenci\u00f3 prim\u00e0ria de <a class=\"mh-excerpt-more\" href=\"https:\/\/tucomarca.whitekongsoftware.com\/ca\/oltra-destaca-laposta-del-consell-pel-municipalisme-amb-lincrement-del-350-en-les-ajudes-a-riba-roja-per-als-serveis-socials\/\" title=\"Oltra destaca l&#8217;aposta del Consell pel municipalisme amb l&#8217;increment del 350% en les ajudes a Riba-roja per als serveis socials\">[+] <\/a><\/div>\n","protected":false},"author":12,"featured_media":122368,"comment_status":"open","ping_status":"open","sticky":false,"template":"","format":"standard","meta":{"footnotes":""},"categories":[10892,10948,10894,10947,10906,10896],"tags":[10395,10716,872,13367,1504,604],"class_list":["post-122369","post","type-post","status-publish","format-standard","has-post-thumbnail","category-camp-de-turia-ca","category-infraestructuras-ca","category-la-comarca-ca","category-politica","category-riba-roja-ca","category-seccion-ca","tag-camp-de-turia","tag-generalitat-valenciana","tag-monica-oltra","tag-municipalismo","tag-riba-roja-2","tag-servicios-sociales"],"_links":{"self":[{"href":"https:\/\/tucomarca.whitekongsoftware.com\/ca\/wp-json\/wp\/v2\/posts\/122369","targetHints":{"allow":["GET"]}}],"collection":[{"href":"https:\/\/tucomarca.whitekongsoftware.com\/ca\/wp-json\/wp\/v2\/posts"}],"about":[{"href":"https:\/\/tucomarca.whitekongsoftware.com\/ca\/wp-json\/wp\/v2\/types\/post"}],"author":[{"embeddable":true,"href":"https:\/\/tucomarca.whitekongsoftware.com\/ca\/wp-json\/wp\/v2\/users\/12"}],"replies":[{"embeddable":true,"href":"https:\/\/tucomarca.whitekongsoftware.com\/ca\/wp-json\/wp\/v2\/comments?post=122369"}],"version-history":[{"count":0,"href":"https:\/\/tucomarca.whitekongsoftware.com\/ca\/wp-json\/wp\/v2\/posts\/122369\/revisions"}],"wp:featuredmedia":[{"embeddable":true,"href":"https:\/\/tucomarca.whitekongsoftware.com\/ca\/wp-json\/wp\/v2\/media\/122368"}],"wp:attachment":[{"href":"https:\/\/tucomarca.whitekongsoftware.com\/ca\/wp-json\/wp\/v2\/media?parent=122369"}],"wp:term":[{"taxonomy":"category","embeddable":true,"href":"https:\/\/tucomarca.whitekongsoftware.com\/ca\/wp-json\/wp\/v2\/categories?post=122369"},{"taxonomy":"post_tag","embeddable":true,"href":"https:\/\/tucomarca.whitekongsoftware.com\/ca\/wp-json\/wp\/v2\/tags?post=122369"}],"curies":[{"name":"wp","href":"https:\/\/api.w.org\/{rel}","templated":true}]}}