{"id":122143,"date":"2020-12-19T09:45:08","date_gmt":"2020-12-19T08:45:08","guid":{"rendered":"http:\/\/www.tucomarca.com\/wordpress\/segunda\/?p=122143"},"modified":"2020-12-19T20:15:28","modified_gmt":"2020-12-19T19:15:28","slug":"lequip-de-govern-socialista-executa-noves-obres-dasfaltat-a-requena","status":"publish","type":"post","link":"https:\/\/tucomarca.whitekongsoftware.com\/ca\/lequip-de-govern-socialista-executa-noves-obres-dasfaltat-a-requena\/","title":{"rendered":"L&#8217;equip de govern Socialista executa noves obres d&#8217;asfaltat a Requena"},"content":{"rendered":"\n<p class=\"wp-block-paragraph\">L&#8217;equip de govern Socialista requenense ha iniciat l&#8217;execuci\u00f3 de noves obres per asfaltar diverses vies urbanes de la localitat.<\/p>\n\n\n\n<p class=\"wp-block-paragraph\">D&#8217;aquesta manera, els treballs s&#8217;estan duent a terme en les seg\u00fcents ubicacions:<\/p>\n\n\n\n<ul class=\"wp-block-list\"><li>C \/ Juan Piqueras.<\/li><li>Av Raval (Entre C \/ Montalvanas i C \/ Hispanitat).<\/li><li>C \/ Llu\u00eds Vives.<\/li><li>C \/ Carrer\u00f3 dels Ases.<\/li><li>C \/ Picazuela.<\/li><li>C \/ Par\u00eds.<\/li><li>C \/ Rafael Janini &#8211; C \/ Feliciano A. Yeves &#8211; C \/ Montalbanas.<\/li><li>Cru\u00eflla Av. Capit\u00e0 Gadea i C \/ Dr. Fl\u00e9ming.<\/li><li> C \/ Pau.<\/li><\/ul>\n\n\n\n<p class=\"wp-block-paragraph\">Aquestes tasques s&#8217;uneixen a les que comen\u00e7aven tamb\u00e9 a principis d&#8217;aquesta setmana, i que consisteixen en la pavimentaci\u00f3 i repavimentaci\u00f3 de diverses voreres de la nostra localitat, o l&#8217;execuci\u00f3 de 24 rebaixos per millorar l&#8217;accessibilitat al municipi a persones amb mobilitat redu\u00efda.<\/p>\n\n\n\n<p class=\"wp-block-paragraph\">Finalment, des del Partit Socialista de Requena s&#8217;ha ressaltat que Amb aquest tipus d&#8217;accions, l&#8217;equip de govern Socialista no pret\u00e9n altra cosa que continuar en la tasca de millorar el nostre municipi, i que la nostra localitat segueixi sent un lloc ideal per a tots i totes les seues habitants, i per a aquelles persones que s&#8217;animin a visitar-la.<\/p>\n","protected":false},"excerpt":{"rendered":"<div class=\"mh-excerpt\">L&#8217;equip de govern Socialista requenense ha iniciat l&#8217;execuci\u00f3 de noves obres per asfaltar diverses vies urbanes de la localitat. D&#8217;aquesta manera, els treballs s&#8217;estan duent a terme en les seg\u00fcents ubicacions: C \/ Juan Piqueras. <a class=\"mh-excerpt-more\" href=\"https:\/\/tucomarca.whitekongsoftware.com\/ca\/lequip-de-govern-socialista-executa-noves-obres-dasfaltat-a-requena\/\" title=\"L&#8217;equip de govern Socialista executa noves obres d&#8217;asfaltat a Requena\">[+] <\/a><\/div>\n","protected":false},"author":12,"featured_media":122142,"comment_status":"open","ping_status":"open","sticky":false,"template":"","format":"standard","meta":{"footnotes":""},"categories":[10948,10894,10947,10908,10909,10896],"tags":[3214,11245,10388,1987],"class_list":["post-122143","post","type-post","status-publish","format-standard","has-post-thumbnail","category-infraestructuras-ca","category-la-comarca-ca","category-politica","category-requena-ca","category-requena-utiel-ca","category-seccion-ca","tag-asfaltado","tag-psoe-requena","tag-requena","tag-utiel-requena"],"_links":{"self":[{"href":"https:\/\/tucomarca.whitekongsoftware.com\/ca\/wp-json\/wp\/v2\/posts\/122143","targetHints":{"allow":["GET"]}}],"collection":[{"href":"https:\/\/tucomarca.whitekongsoftware.com\/ca\/wp-json\/wp\/v2\/posts"}],"about":[{"href":"https:\/\/tucomarca.whitekongsoftware.com\/ca\/wp-json\/wp\/v2\/types\/post"}],"author":[{"embeddable":true,"href":"https:\/\/tucomarca.whitekongsoftware.com\/ca\/wp-json\/wp\/v2\/users\/12"}],"replies":[{"embeddable":true,"href":"https:\/\/tucomarca.whitekongsoftware.com\/ca\/wp-json\/wp\/v2\/comments?post=122143"}],"version-history":[{"count":0,"href":"https:\/\/tucomarca.whitekongsoftware.com\/ca\/wp-json\/wp\/v2\/posts\/122143\/revisions"}],"wp:featuredmedia":[{"embeddable":true,"href":"https:\/\/tucomarca.whitekongsoftware.com\/ca\/wp-json\/wp\/v2\/media\/122142"}],"wp:attachment":[{"href":"https:\/\/tucomarca.whitekongsoftware.com\/ca\/wp-json\/wp\/v2\/media?parent=122143"}],"wp:term":[{"taxonomy":"category","embeddable":true,"href":"https:\/\/tucomarca.whitekongsoftware.com\/ca\/wp-json\/wp\/v2\/categories?post=122143"},{"taxonomy":"post_tag","embeddable":true,"href":"https:\/\/tucomarca.whitekongsoftware.com\/ca\/wp-json\/wp\/v2\/tags?post=122143"}],"curies":[{"name":"wp","href":"https:\/\/api.w.org\/{rel}","templated":true}]}}