{"id":121997,"date":"2020-12-17T08:30:50","date_gmt":"2020-12-17T07:30:50","guid":{"rendered":"http:\/\/www.tucomarca.com\/wordpress\/segunda\/?p=121997"},"modified":"2020-12-18T13:19:17","modified_gmt":"2020-12-18T12:19:17","slug":"els-populars-de-camp-de-turia-acusen-de-sectarisme-de-la-generalitat-valenciana-en-els-pressupostos-de-2021","status":"publish","type":"post","link":"https:\/\/tucomarca.whitekongsoftware.com\/ca\/els-populars-de-camp-de-turia-acusen-de-sectarisme-de-la-generalitat-valenciana-en-els-pressupostos-de-2021\/","title":{"rendered":"Els populars de Camp de T\u00faria acusen de &#8220;sectarisme&#8221; de la Generalitat Valenciana en els pressupostos de 2021"},"content":{"rendered":"\n<h4 class=\"wp-block-heading\">&#8220;Els ajuntaments del PSOE es porten el 86% de les inversions mentres que els ajuntaments governats per PP, Compreels meus, C&#8217;s o partits independents es repartixen el 14% dels 20.063.085EUR que han anunciat invertir en 2021 a Camp de T\u00faria&#8221;, segons el PP.<\/h4>\n\n\n\n<p class=\"wp-block-paragraph\">Esta setmana el Secretari d&#8217;Organitzaci\u00f3 del PSPV i diputat auton\u00f2mica Jos\u00e9 Mu\u00f1oz presentava els Pressupostos de la Generalitat Valenciana per a 2021. Despr\u00e9s de la reuni\u00f3 i publicaci\u00f3 d&#8217;una infografia per a mostrar el repartiment d&#8217;inversions, es pot observar que el repartiment es fa d&#8217;esquena al conjunt de municipis i atenent a criteris de partit.<\/p>\n\n\n\n<p class=\"wp-block-paragraph\">Es pot comprovar que dels un poc m\u00e9s de 20 milions d&#8217;euros que la Generalitat Valenciana promet invertir, el 86% anir\u00e0 a parar als municipis governats pel PSOE.<\/p>\n\n\n\n<p class=\"wp-block-paragraph\">Tamb\u00e9 xoca que la Generalitat Valenciana s&#8217;oblide de plantejar inversions en municipis com a Serra, G\u00e1tova, Marines o planteja \u00fanicament 6.781EUR per a Loriguilla.<\/p>\n\n\n\n<p class=\"wp-block-paragraph\">Per al Coordinar Comarcal Popular, H\u00e9ctor Troi\u00e0, &#8220;estos pressupostos de la Generalitat no arrepleguen les necessitats reals de la nostra comarca ni les peticions del conjunt de municipis que conformem Camp de T\u00faria. Li exigim a Ximo Puig i a M\u00f3nica Oltra que prenguen nota de l&#8217;esfor\u00e7 que fem en tots els municipis i d&#8217;aquelles necessitats reals que tenim perqu\u00e8 el plantejament d&#8217;inversions responga a criteris de poblaci\u00f3 i necessitats i no a la filiaci\u00f3 pol\u00edtica dels seus alcaldes&#8221;.<\/p>\n\n\n\n<p class=\"wp-block-paragraph\">Des de Populars Camp de T\u00faria seguim i continuarem reclamant a la Generalitat Valenciana que impulse la finalitzaci\u00f3 de la CV-50 entre Benaguasil i l&#8217;A3, que tornen a posar en funcionament un servici d&#8217;urg\u00e8ncies pedi\u00e0triques de dilluns a diumenge en l&#8217;Hospital de Ll\u00edria i que el transport comarcal que portem 5 anys esperant es pose en funcionament.<\/p>\n\n\n\n<p class=\"wp-block-paragraph\">De no esmenar estos pressupostos per a 2021, la Generalitat Valenciana demostrar\u00e0 que li preocupen m\u00e9s les sigles que les persones.<\/p>\n","protected":false},"excerpt":{"rendered":"<div class=\"mh-excerpt\">&#8220;Els ajuntaments del PSOE es porten el 86% de les inversions mentres que els ajuntaments governats per PP, Compreels meus, C&#8217;s o partits independents es repartixen el 14% dels 20.063.085EUR que han anunciat invertir en <a class=\"mh-excerpt-more\" href=\"https:\/\/tucomarca.whitekongsoftware.com\/ca\/els-populars-de-camp-de-turia-acusen-de-sectarisme-de-la-generalitat-valenciana-en-els-pressupostos-de-2021\/\" title=\"Els populars de Camp de T\u00faria acusen de &#8220;sectarisme&#8221; de la Generalitat Valenciana en els pressupostos de 2021\">[+] <\/a><\/div>\n","protected":false},"author":12,"featured_media":121996,"comment_status":"open","ping_status":"open","sticky":false,"template":"","format":"standard","meta":{"footnotes":""},"categories":[10952,10892,10894,10947,10896],"tags":[10395,10899,13341,13342],"class_list":["post-121997","post","type-post","status-publish","format-standard","has-post-thumbnail","category-benaguasil-ca","category-camp-de-turia-ca","category-la-comarca-ca","category-politica","category-seccion-ca","tag-camp-de-turia","tag-camp-de-turia-ca","tag-populares-camp-de-turia","tag-populares-camp-de-turia-ca"],"_links":{"self":[{"href":"https:\/\/tucomarca.whitekongsoftware.com\/ca\/wp-json\/wp\/v2\/posts\/121997","targetHints":{"allow":["GET"]}}],"collection":[{"href":"https:\/\/tucomarca.whitekongsoftware.com\/ca\/wp-json\/wp\/v2\/posts"}],"about":[{"href":"https:\/\/tucomarca.whitekongsoftware.com\/ca\/wp-json\/wp\/v2\/types\/post"}],"author":[{"embeddable":true,"href":"https:\/\/tucomarca.whitekongsoftware.com\/ca\/wp-json\/wp\/v2\/users\/12"}],"replies":[{"embeddable":true,"href":"https:\/\/tucomarca.whitekongsoftware.com\/ca\/wp-json\/wp\/v2\/comments?post=121997"}],"version-history":[{"count":0,"href":"https:\/\/tucomarca.whitekongsoftware.com\/ca\/wp-json\/wp\/v2\/posts\/121997\/revisions"}],"wp:featuredmedia":[{"embeddable":true,"href":"https:\/\/tucomarca.whitekongsoftware.com\/ca\/wp-json\/wp\/v2\/media\/121996"}],"wp:attachment":[{"href":"https:\/\/tucomarca.whitekongsoftware.com\/ca\/wp-json\/wp\/v2\/media?parent=121997"}],"wp:term":[{"taxonomy":"category","embeddable":true,"href":"https:\/\/tucomarca.whitekongsoftware.com\/ca\/wp-json\/wp\/v2\/categories?post=121997"},{"taxonomy":"post_tag","embeddable":true,"href":"https:\/\/tucomarca.whitekongsoftware.com\/ca\/wp-json\/wp\/v2\/tags?post=121997"}],"curies":[{"name":"wp","href":"https:\/\/api.w.org\/{rel}","templated":true}]}}