{"id":121968,"date":"2020-12-17T00:01:07","date_gmt":"2020-12-16T23:01:07","guid":{"rendered":"http:\/\/www.tucomarca.com\/wordpress\/segunda\/?p=121968"},"modified":"2020-12-18T13:27:28","modified_gmt":"2020-12-18T12:27:28","slug":"lajuntament-agraeix-el-comportament-exemplar-dels-aficionats-en-el-partit-de-copa-del-cd-bunyol-i-qualifica-d-exit-el-desplegament-policial-i-de-seguretat","status":"publish","type":"post","link":"https:\/\/tucomarca.whitekongsoftware.com\/ca\/lajuntament-agraeix-el-comportament-exemplar-dels-aficionats-en-el-partit-de-copa-del-cd-bunyol-i-qualifica-d-exit-el-desplegament-policial-i-de-seguretat\/","title":{"rendered":"L&#8217;Ajuntament agraeix el &#8220;comportament exemplar&#8221; dels aficionats en el partit de Copa d&#8217;el CD Bunyol i qualifica d &#8216; &#8220;\u00e8xit&#8221; el desplegament policial i de seguretat"},"content":{"rendered":"\n<p class=\"wp-block-paragraph\">Des de la&nbsp;Regidoria&nbsp;de Govern Interior&nbsp;de&nbsp;l&#8217;Ajuntament de Bu\u00f1ol&nbsp;volen&nbsp;felicitar a tots&nbsp;els&nbsp;aficionats&nbsp;presents&nbsp;a la CiutatEsportiva de&nbsp;el Llevant&nbsp;UD&nbsp;ia tot el&nbsp;poble&nbsp;en general el seu&nbsp;&#8220;bon&nbsp;comportament,&nbsp;saber estar i&nbsp;compliment&nbsp;estricte de&nbsp;lesmesures&nbsp;antiCovid19&nbsp;en el partit&nbsp;de Copa d&#8217;el&nbsp;rei que&nbsp;ahir a la nit&nbsp;va disputar el&nbsp;CD&nbsp;Bunyol&nbsp;enfront de&nbsp;l&#8217;Elx&nbsp;CF&nbsp;&#8220;.<\/p>\n\n\n\n<p class=\"wp-block-paragraph\">L&#8217;Ajuntament de&nbsp;Bunyol&nbsp;tamb\u00e9&nbsp;agraeix&nbsp;enormement el&nbsp;gran desplegament&nbsp;policial que&nbsp;es va posar en&nbsp;marxa&nbsp;en coordinaci\u00f3&nbsp;entre Policia&nbsp;Local, Gu\u00e0rdia&nbsp;Civil i&nbsp;Protecci\u00f3&nbsp;Civil, que va garantir&nbsp;que no hi hagu\u00e9s&nbsp;cap incident.&nbsp;&#8220;La gran gesta&nbsp;esportiva&nbsp;del nostre&nbsp;CD&nbsp;Bunyol&nbsp;es va traslladar a&nbsp;les&nbsp;grades,&nbsp;a&nbsp;tot el personal del Llevant&nbsp;UD,&nbsp;a directius,&nbsp;cos&nbsp;t\u00e8cnic i&nbsp;col\u00b7laboradors del CD&nbsp;Bunyol,&nbsp;que han treballat&nbsp;incansablement&nbsp;perqu\u00e8&nbsp;l&#8217;Esport, la uni\u00f3, el treball en&nbsp;equip&nbsp;i&nbsp;la il\u00b7lusi\u00f3 traspassen&nbsp;la pantalla&#8221;, finalitza&nbsp;Maria&nbsp;Vall\u00e9s,&nbsp;regidor&nbsp;de Govern Interior&nbsp;del consistori&nbsp;bunyolense.<\/p>\n","protected":false},"excerpt":{"rendered":"<div class=\"mh-excerpt\">Des de la&nbsp;Regidoria&nbsp;de Govern Interior&nbsp;de&nbsp;l&#8217;Ajuntament de Bu\u00f1ol&nbsp;volen&nbsp;felicitar a tots&nbsp;els&nbsp;aficionats&nbsp;presents&nbsp;a la CiutatEsportiva de&nbsp;el Llevant&nbsp;UD&nbsp;ia tot el&nbsp;poble&nbsp;en general el seu&nbsp;&#8220;bon&nbsp;comportament,&nbsp;saber estar i&nbsp;compliment&nbsp;estricte de&nbsp;lesmesures&nbsp;antiCovid19&nbsp;en el partit&nbsp;de Copa d&#8217;el&nbsp;rei que&nbsp;ahir a la nit&nbsp;va disputar el&nbsp;CD&nbsp;Bunyol&nbsp;enfront de&nbsp;l&#8217;Elx&nbsp;CF&nbsp;&#8220;. L&#8217;Ajuntament de&nbsp;Bunyol&nbsp;tamb\u00e9&nbsp;agraeix&nbsp;enormement el&nbsp;gran <a class=\"mh-excerpt-more\" href=\"https:\/\/tucomarca.whitekongsoftware.com\/ca\/lajuntament-agraeix-el-comportament-exemplar-dels-aficionats-en-el-partit-de-copa-del-cd-bunyol-i-qualifica-d-exit-el-desplegament-policial-i-de-seguretat\/\" title=\"L&#8217;Ajuntament agraeix el &#8220;comportament exemplar&#8221; dels aficionats en el partit de Copa d&#8217;el CD Bunyol i qualifica d &#8216; &#8220;\u00e8xit&#8221; el desplegament policial i de seguretat\">[+] <\/a><\/div>\n","protected":false},"author":12,"featured_media":121971,"comment_status":"open","ping_status":"open","sticky":false,"template":"","format":"standard","meta":{"footnotes":""},"categories":[10911,10894,10912,10896],"tags":[10385,537,12728,5952],"class_list":["post-121968","post","type-post","status-publish","format-standard","has-post-thumbnail","category-bunol-ca","category-la-comarca-ca","category-la-hoya-ca","category-seccion-ca","tag-bunol","tag-cd-bunol","tag-copa-del-rey","tag-la-hoya-de-bunol-chiva"],"_links":{"self":[{"href":"https:\/\/tucomarca.whitekongsoftware.com\/ca\/wp-json\/wp\/v2\/posts\/121968","targetHints":{"allow":["GET"]}}],"collection":[{"href":"https:\/\/tucomarca.whitekongsoftware.com\/ca\/wp-json\/wp\/v2\/posts"}],"about":[{"href":"https:\/\/tucomarca.whitekongsoftware.com\/ca\/wp-json\/wp\/v2\/types\/post"}],"author":[{"embeddable":true,"href":"https:\/\/tucomarca.whitekongsoftware.com\/ca\/wp-json\/wp\/v2\/users\/12"}],"replies":[{"embeddable":true,"href":"https:\/\/tucomarca.whitekongsoftware.com\/ca\/wp-json\/wp\/v2\/comments?post=121968"}],"version-history":[{"count":0,"href":"https:\/\/tucomarca.whitekongsoftware.com\/ca\/wp-json\/wp\/v2\/posts\/121968\/revisions"}],"wp:featuredmedia":[{"embeddable":true,"href":"https:\/\/tucomarca.whitekongsoftware.com\/ca\/wp-json\/wp\/v2\/media\/121971"}],"wp:attachment":[{"href":"https:\/\/tucomarca.whitekongsoftware.com\/ca\/wp-json\/wp\/v2\/media?parent=121968"}],"wp:term":[{"taxonomy":"category","embeddable":true,"href":"https:\/\/tucomarca.whitekongsoftware.com\/ca\/wp-json\/wp\/v2\/categories?post=121968"},{"taxonomy":"post_tag","embeddable":true,"href":"https:\/\/tucomarca.whitekongsoftware.com\/ca\/wp-json\/wp\/v2\/tags?post=121968"}],"curies":[{"name":"wp","href":"https:\/\/api.w.org\/{rel}","templated":true}]}}